{"id":24781,"date":"2018-03-27T13:39:32","date_gmt":"2018-03-27T11:39:32","guid":{"rendered":"http:\/\/ecoblog.mcp.es\/l4r\/es\/?p=24781"},"modified":"2018-03-27T13:39:32","modified_gmt":"2018-03-27T11:39:32","slug":"la-segunda-vida-de-los-libros","status":"publish","type":"post","link":"https:\/\/ecoblog.mcp.es\/l4r\/la-segunda-vida-de-los-libros\/","title":{"rendered":"La segunda vida de los libros"},"content":{"rendered":"<p>Una curiosa historia ha sido noticia durante las \u00faltimas semanas. Unos operarios del servicio de recogida de residuos en Ankara (Turqu\u00eda) decidieron crear una peque\u00f1a biblioteca comunitaria con los libros que iban recuperando de los contenedores. El ayuntamiento del distrito metropolitano de \u00c7sankaya les cedi\u00f3 un viejo local. La nueva biblioteca ha resultado ser el paradigma de la reutilizaci\u00f3n: se aprovecha un viejo edificio sin uso para alojar libros abandonados. Hoy tienen m\u00e1s de 6.000 vol\u00famenes catalogados.<\/p>\n<p>A pesar del \u00e9xito, los responsables no logran entender como a\u00fan hay gente capaz de tirar a la basura tal cantidad de conocimiento, y de lo \u00fanico que se arrepienten es de no haber empezado el proyecto antes. Esta historia nos invita a reflexionar sobre nuestros libros usados.<strong> \u00bfQu\u00e9 debemos hacer con los ejemplares que ya no queremos? \u00bfQu\u00e9 alternativas existen a la hora darles una nueva oportunidad?<\/strong><\/p>\n<p>Una buena opci\u00f3n nos la ofrece<a href=\"http:\/\/emausnavarra.org\/index.php\/es\/\"><strong> <u>Traperos de Ema\u00fas<\/u><\/strong><\/a>, una fundaci\u00f3n sin \u00e1nimo de lucro que, en el caso de Navarra, trabaja desde 1972 recogiendo y reciclando diferentes objetos y materiales procedentes de la basura\u00a0 de doce mancomunidades. Uno de sus centros de trabajo est\u00e1 en un pol\u00edgono industrial de Sarasa, a unos 12 kil\u00f3metros de Pamplona. All\u00ed se almacenan y recuperan diferentes materiales: mobiliarios, puertas, ventanas, juguetes\u2026 y tambi\u00e9n libros, muchos libros.<\/p>\n<p><strong>Bego\u00f1a Recondo, <\/strong>coordinadora del \u00e1rea de recuperaci\u00f3n de titos y libros, nos invita a conocer el espacio de la instalaci\u00f3n destinada a almacenar diferentes vol\u00famenes recuperados. Resulta impactante ver tantos libros juntos, ocupando casi en su totalidad un espacio tan generoso. Los libros han llegado a Sarasa despu\u00e9s de haber sido descartados en los domicilios de la Comarca de Pamplona. Recondo calcula que cada semana recogen unos 4.000 vol\u00famenes: muchos de ellos est\u00e1n en mal estado y se destinan al reciclaje de papel, pero al final logran seleccionar unos 1.500.<\/p>\n<div id=\"attachment_24784\" style=\"width: 3010px\" class=\"wp-caption alignnone\"><img loading=\"lazy\" decoding=\"async\" aria-describedby=\"caption-attachment-24784\" class=\"wp-image-24784 size-full\" src=\"http:\/\/ecoblog.mcp.es\/l4r\/wp-content\/uploads\/2018\/03\/Traperos-libros-usados.jpg\" alt=\"\" width=\"3000\" height=\"1348\" srcset=\"https:\/\/ecoblog.mcp.es\/l4r\/wp-content\/uploads\/2018\/03\/Traperos-libros-usados.jpg 3000w, https:\/\/ecoblog.mcp.es\/l4r\/wp-content\/uploads\/2018\/03\/Traperos-libros-usados-300x135.jpg 300w, https:\/\/ecoblog.mcp.es\/l4r\/wp-content\/uploads\/2018\/03\/Traperos-libros-usados-768x345.jpg 768w, https:\/\/ecoblog.mcp.es\/l4r\/wp-content\/uploads\/2018\/03\/Traperos-libros-usados-1024x460.jpg 1024w, https:\/\/ecoblog.mcp.es\/l4r\/wp-content\/uploads\/2018\/03\/Traperos-libros-usados-600x270.jpg 600w\" sizes=\"auto, (max-width: 3000px) 100vw, 3000px\" \/><p id=\"caption-attachment-24784\" class=\"wp-caption-text\">Bego\u00f1a Recondo rodeada de libros en las instalaciones de Traperos de Ema\u00fas en Sarasa<\/p><\/div>\n<p>Los libros, clasificados por diferentes categor\u00edas \u2013libro antiguo, euskera, narrativa, idiomas, infantil, c\u00f3mic\u2013, se destinan posteriormente a los cinco rastros de Traperos donde se logran vender unos 800 ejemplares al mes. Si hacemos cuentas es f\u00e1cil adivinar que el espacio de almacenaje en Sarasa mengua con cada nueva recepci\u00f3n de material. Afortunadamente, en breve dispondr\u00e1n de un nuevo espacio para esta tarea en el centro que han habilitado recientemente en la localidad de Berriozar.<\/p>\n<p>Cada rastro cuenta con un departamento de librer\u00eda que es frecuentado por clientes a la b\u00fasqueda de ejemplares a un precio m\u00e1s que asequible, entre 1 y 4 euros. Pero Recondo advierte que esta labor tiene todav\u00eda m\u00e1s consecuencias positivas: el inter\u00e9s y la asiduidad de los clientes ha propiciado la creaci\u00f3n de talleres culturales en torno al mundo del libro usado, con charlas, talleres, etc. \u00c9ste es el encanto y el poder que atesoran los libros recuperados.<\/p>\n<p><strong>Otras oportunidades para nuestros viejos libros<\/strong><\/p>\n<p>Adem\u00e1s de la soluci\u00f3n que nos ofrecen los Traperos de Ema\u00fas, disponemos de m\u00e1s alternativas. Es el caso de la <strong>bibliotecas p\u00fablicas<\/strong>, que en muchos casos aceptan la donaci\u00f3n de ejemplares. Actualmente en la Comarca de Pamplona disponemos de <a href=\"http:\/\/www.navarra.es\/NR\/rdonlyres\/809A117A-97AB-4169-AF49-CCC83797C0E4\/246833\/guia_bibliotecas_comarca_pamplona_febrero2013.pdf\"><u>23 bibliotecas<\/u><\/a> que podr\u00edan aceptar nuestros ejemplares usados.<\/p>\n<p>Otra opci\u00f3n para prorrogar la vida de los libros es <a href=\"https:\/\/www.re-read.com\/libreria\/c-zapateria-kalea-45-31001-pamplona\/\"><strong><u>Re-Read<\/u><\/strong><\/a>, en la calle Zapater\u00eda 45 de Pamplona. Este local pertenece a una cadena con 40 establecimientos en toda Espa\u00f1a donde compran libros en buen estado de todos los temas y g\u00e9neros a 0,20 euros\/unidad.<\/p>\n<p>Por otra parte, en Pamplona contamos con un buen n\u00famero de librer\u00edas con encanto. Una de ellas es <a href=\"https:\/\/deborahlibros.com\/\"><strong><u>Deborahlibros<\/u><\/strong> <\/a>(Avda. Baja Navarra, 44) donde su responsable, <strong>Katixa Castellano<\/strong>, brinda adem\u00e1s un espacio para los libros\u00a0usados que donan algunos clientes. La \u00fanica condici\u00f3n es que las obras destaquen por su inter\u00e9s y tengan un m\u00ednimo de calidad. El precio \u00fanico de venta es de 5 euros.<\/p>\n<div id=\"attachment_24782\" style=\"width: 1510px\" class=\"wp-caption alignnone\"><img loading=\"lazy\" decoding=\"async\" aria-describedby=\"caption-attachment-24782\" class=\"wp-image-24782 size-full\" src=\"http:\/\/ecoblog.mcp.es\/l4r\/wp-content\/uploads\/2018\/03\/deborahlibros-libros-usados.jpg\" alt=\"\" width=\"1500\" height=\"750\" srcset=\"https:\/\/ecoblog.mcp.es\/l4r\/wp-content\/uploads\/2018\/03\/deborahlibros-libros-usados.jpg 1500w, https:\/\/ecoblog.mcp.es\/l4r\/wp-content\/uploads\/2018\/03\/deborahlibros-libros-usados-300x150.jpg 300w, https:\/\/ecoblog.mcp.es\/l4r\/wp-content\/uploads\/2018\/03\/deborahlibros-libros-usados-768x384.jpg 768w, https:\/\/ecoblog.mcp.es\/l4r\/wp-content\/uploads\/2018\/03\/deborahlibros-libros-usados-1024x512.jpg 1024w, https:\/\/ecoblog.mcp.es\/l4r\/wp-content\/uploads\/2018\/03\/deborahlibros-libros-usados-600x300.jpg 600w\" sizes=\"auto, (max-width: 1500px) 100vw, 1500px\" \/><p id=\"caption-attachment-24782\" class=\"wp-caption-text\">Espacio para la venta de libros usados en la librer\u00eda Deborahlibros<\/p><\/div>\n<p>Adem\u00e1s de estas cuatro propuestas quedar\u00edan m\u00e1s alternativas. Los libros usados pueden ser donados a <a href=\"http:\/\/paris365.org\/es\/emprendimientos-sociales\/paris-365-denda\"><strong><u>Paris 365 Denda<\/u> <\/strong><\/a>(C\/ Mayor 75, bajo), a la <a href=\"http:\/\/www.ayudacontenedores.org\/\">ONG <strong><u>Ayuda Contenedores<\/u><\/strong><\/a> (Casas de Puig, 2 bajo) o podr\u00edan destinarse a alguna de las diferentes campa\u00f1as de recogida de libros que con car\u00e1cter ben\u00e9fico se organizan cada a\u00f1o.<\/p>\n<p>Siempre queda el destino del reciclaje del papel, pero antes quiz\u00e1s debamos dar una oportunidad a la reutilizaci\u00f3n. <strong>\u00bfNos propones m\u00e1s opciones para dar una segunda vida a los libros usados?<\/strong><\/p>\n","protected":false},"excerpt":{"rendered":"<p>Con el paso del tiempo los libros se acumulan en las casas, ocupan espacio y con cierta frecuencia nos vemos obligados a desprendernos de unos cuantos ejemplares. \u00bfEs el contenedor para papel el primer destino para los libros que descartamos? \u00bfQu\u00e9 otras opciones hay para darles una segunda vida?<\/p>\n","protected":false},"author":2,"featured_media":24783,"comment_status":"open","ping_status":"closed","sticky":false,"template":"","format":"standard","meta":{"footnotes":""},"categories":[2305],"tags":[3021,3019,2738,3023],"class_list":["post-24781","post","type-post","status-publish","format-standard","has-post-thumbnail","hentry","category-residuos4r","tag-biblioteca","tag-libros-usados","tag-reutilizacion-es","tag-traperos-es"],"aioseo_notices":[],"_links":{"self":[{"href":"https:\/\/ecoblog.mcp.es\/l4r\/wp-json\/wp\/v2\/posts\/24781","targetHints":{"allow":["GET"]}}],"collection":[{"href":"https:\/\/ecoblog.mcp.es\/l4r\/wp-json\/wp\/v2\/posts"}],"about":[{"href":"https:\/\/ecoblog.mcp.es\/l4r\/wp-json\/wp\/v2\/types\/post"}],"author":[{"embeddable":true,"href":"https:\/\/ecoblog.mcp.es\/l4r\/wp-json\/wp\/v2\/users\/2"}],"replies":[{"embeddable":true,"href":"https:\/\/ecoblog.mcp.es\/l4r\/wp-json\/wp\/v2\/comments?post=24781"}],"version-history":[{"count":4,"href":"https:\/\/ecoblog.mcp.es\/l4r\/wp-json\/wp\/v2\/posts\/24781\/revisions"}],"predecessor-version":[{"id":24788,"href":"https:\/\/ecoblog.mcp.es\/l4r\/wp-json\/wp\/v2\/posts\/24781\/revisions\/24788"}],"wp:featuredmedia":[{"embeddable":true,"href":"https:\/\/ecoblog.mcp.es\/l4r\/wp-json\/wp\/v2\/media\/24783"}],"wp:attachment":[{"href":"https:\/\/ecoblog.mcp.es\/l4r\/wp-json\/wp\/v2\/media?parent=24781"}],"wp:term":[{"taxonomy":"category","embeddable":true,"href":"https:\/\/ecoblog.mcp.es\/l4r\/wp-json\/wp\/v2\/categories?post=24781"},{"taxonomy":"post_tag","embeddable":true,"href":"https:\/\/ecoblog.mcp.es\/l4r\/wp-json\/wp\/v2\/tags?post=24781"}],"curies":[{"name":"wp","href":"https:\/\/api.w.org\/{rel}","templated":true}]}}