{"id":24960,"date":"2018-05-22T15:58:22","date_gmt":"2018-05-22T13:58:22","guid":{"rendered":"http:\/\/ecoblog.mcp.es\/l4r\/es\/?p=24960"},"modified":"2018-05-22T15:58:22","modified_gmt":"2018-05-22T13:58:22","slug":"mares-que-se-convierten-en-montes-montes-que-se-convierten-en-mares","status":"publish","type":"post","link":"https:\/\/ecoblog.mcp.es\/l4r\/mares-que-se-convierten-en-montes-montes-que-se-convierten-en-mares\/","title":{"rendered":"Mares que se convierten en montes, montes que se convierten en mares"},"content":{"rendered":"<p>\u00bfSab\u00edas que la Sierra de Aralar surgi\u00f3 hace cuarenta millones de a\u00f1os de un arrecife de coral? Esta es la raz\u00f3n por la que se han encontrado gran n\u00famero de restos f\u00f3siles de conchas y otros animales marinos incrustados en sus rocas.<\/p>\n<p>Con el tiempo, la sierra de Aralar se convirti\u00f3 en el macizo rocoso que hoy conocemos y pas\u00f3 a ser un lugar de gran carga espiritual para los habitantes de estas tierras; un lugar \u00fanico que ha sido cuna de leyendas, creencias y diversas pr\u00e1cticas religiosas. Esto ha tra\u00eddo consigo que, adem\u00e1s de restos f\u00f3siles, su paisaje tambi\u00e9n albergue el conjunto de monumentos megal\u00edticos m\u00e1s denso en Navarra y Pa\u00eds Vasco. Curioso para ser un antiguo mar \u00bfno?<\/p>\n<div id=\"attachment_24963\" style=\"width: 510px\" class=\"wp-caption aligncenter\"><img loading=\"lazy\" decoding=\"async\" aria-describedby=\"caption-attachment-24963\" class=\"wp-image-24963 size-full\" src=\"http:\/\/ecoblog.mcp.es\/l4r\/wp-content\/uploads\/2018\/05\/Attribution-ShareAlike-2.0-Generic-CC-BY-SA-2.0mongider-sierradearalar.jpg\" alt=\"\" width=\"500\" height=\"375\" srcset=\"https:\/\/ecoblog.mcp.es\/l4r\/wp-content\/uploads\/2018\/05\/Attribution-ShareAlike-2.0-Generic-CC-BY-SA-2.0mongider-sierradearalar.jpg 500w, https:\/\/ecoblog.mcp.es\/l4r\/wp-content\/uploads\/2018\/05\/Attribution-ShareAlike-2.0-Generic-CC-BY-SA-2.0mongider-sierradearalar-300x225.jpg 300w\" sizes=\"auto, (max-width: 500px) 100vw, 500px\" \/><p id=\"caption-attachment-24963\" class=\"wp-caption-text\">Imagen de la Sierra de Aralar. Autor: mongider\/flickr (CC BY-SA 2.0)<\/p><\/div>\n<p>Este no es el \u00fanico caso de mar que se convierte en un paisaje diferente.<\/p>\n<p>Hace seis millones de a\u00f1os, por ejemplo, el mar Mediterr\u00e1neo se transform\u00f3 en un lago salino gigante. Su agua se evapor\u00f3 parcialmente por el clima seco de la regi\u00f3n y por la reducci\u00f3n de la llegada de flujo desde el oc\u00e9ano Atl\u00e1ntico<strong>. <\/strong>El levantamiento de la regi\u00f3n tambi\u00e9n contribuy\u00f3 a ello y vino originado por movimientos tect\u00f3nicos que cerraron los estrechos. Esto supuso la reducci\u00f3n del nivel del mar en m\u00e1s de 1.000 metros y que el 10% de la sal del Oc\u00e9ano Atl\u00e1ntico se depositara en su suelo.<\/p>\n<p>Aquel periodo de cambios y de \u201csequ\u00eda\u201d del mar se conoce como <a href=\"http:\/\/retosterricolas.blogspot.com\/2011\/12\/la-otra-crisis-mediterranea.html\">Crisis de la Salinidad de Messiniense (MSC)<\/a>. Entre los efectos de aquella crisis encontramos, por ejemplo, la migraci\u00f3n de mam\u00edferos africanos hacia Europa (hay restos de camellos africanos de esa edad cerca de Valencia).<\/p>\n<div id=\"attachment_24962\" style=\"width: 859px\" class=\"wp-caption aligncenter\"><img loading=\"lazy\" decoding=\"async\" aria-describedby=\"caption-attachment-24962\" class=\"wp-image-24962 size-full\" src=\"http:\/\/ecoblog.mcp.es\/l4r\/wp-content\/uploads\/2018\/05\/Zanclean-Flood-Animation2.jpg\" alt=\"\" width=\"849\" height=\"476\" srcset=\"https:\/\/ecoblog.mcp.es\/l4r\/wp-content\/uploads\/2018\/05\/Zanclean-Flood-Animation2.jpg 849w, https:\/\/ecoblog.mcp.es\/l4r\/wp-content\/uploads\/2018\/05\/Zanclean-Flood-Animation2-300x168.jpg 300w, https:\/\/ecoblog.mcp.es\/l4r\/wp-content\/uploads\/2018\/05\/Zanclean-Flood-Animation2-768x431.jpg 768w, https:\/\/ecoblog.mcp.es\/l4r\/wp-content\/uploads\/2018\/05\/Zanclean-Flood-Animation2-600x336.jpg 600w\" sizes=\"auto, (max-width: 849px) 100vw, 849px\" \/><p id=\"caption-attachment-24962\" class=\"wp-caption-text\">Imagen del v\u00eddeo que recrea la inundaci\u00f3n Zancleana realizado por la Universidad de Malta. Fuente: https:\/\/www.youtube.com\/watch?v=Ev1PdwbgvM8<\/p><\/div>\n<p>Despu\u00e9s, el mar volvi\u00f3 a rellenarse. Fue gracias a la <a href=\"https:\/\/www.nature.com\/articles\/s41598-018-19446-3\">inundaci\u00f3n Zancleana<\/a> que devolvi\u00f3 el agua a su antiguo lugar de una manera violenta. El escarpe de Malta -un largo acantilado de piedra caliza submarina- dio lugar a una cascada de 1,5 kil\u00f3metros de altura (equivalente a cinco veces la altura de la Torre Eiffel).<\/p>\n<p>La influencia de la actividad tect\u00f3nica sigue siendo una de las principales razones de las grandes transformaciones que a\u00fan hoy est\u00e1n viviendo nuestros mares y continentes.<\/p>\n<p>El Dallol africano es buena prueba de ello. Aqu\u00ed tres grietas gigantescas que se ensanchan a una velocidad de 15 mil\u00edmetros al a\u00f1o est\u00e1n dibujando un nuevo mapa. Dos de esas grietas son hoy el mar Rojo (golfo o cuenca del oc\u00e9ano \u00cdndico entre \u00c1frica y Asia) y el golfo de Aden (entre la regi\u00f3n del Cuerno africano y la pen\u00ednsula ar\u00e1biga). La tercera a\u00fan no se ha inundado, pero lo har\u00e1. De momento ya ha dejado en el continente de \u00c1frica una inmensa marca que sube <a href=\"http:\/\/www.abc.es\/ciencia\/abci-abre-kenia-grieta-esta-partiendo-africa-201804032138_noticia.html\">desde Tanzania, a trav\u00e9s de Kenia y Etiop\u00eda<\/a>. Es lo que se conoce como el <a href=\"https:\/\/news.nationalgeographic.com\/2018\/04\/east-african-great-rift-valley-crack-spd\/\">Rift Valley (\u201cValle de la grieta\u201d).<\/a><\/p>\n<p>En el punto de uni\u00f3n de esas tres grietas se encuentra el Danakil, una depresi\u00f3n que ha sido inundada repetidas veces por el Mar Rojo. Del mismo modo que ocurriera en el Mediterr\u00e1neo en plena Crisis de la Salinidad de Messiniense, aqu\u00ed tambi\u00e9n los brazos de mar se han ido evaporando dejando en su fondo las sales que conten\u00edan sus aguas, lo que ha dado lugar a un desierto de sal.<\/p>\n<p>Por otro lado, las tres grandes grietas que forman una enorme \u201cY\u201d est\u00e1n separando la Pen\u00ednsula Ar\u00e1biga de \u00c1frica y el Cuerno de \u00c1frica de su continente. Los ge\u00f3logos han previsto una ruptura del continente africano que dividir\u00e1 sus regiones nubia y et\u00edope dentro de aproximadamente 50.000 a\u00f1os. El oc\u00e9ano acabar\u00e1 rellenando el hueco resultante<strong>.<\/strong> El continente africano ser\u00e1 m\u00e1s peque\u00f1o y aparecer\u00e1 una gran isla en el Oc\u00e9ano \u00cdndico con partes de las actuales Etiop\u00eda, Somalia y el cuerno de \u00c1frica.<\/p>\n<p>Adem\u00e1s de los cambios en la fisonom\u00eda del continente, esta partici\u00f3n acarrear\u00e1 \u00a0la desaparici\u00f3n de los grandes lagos, desde el Victoria al Tanganica, y el aumento del riesgo de extinciones de flora y fauna en cascada.<\/p>\n<p>Como se ve la combinaci\u00f3n de tierra y mar ha formado parte de la historia de la humanidad y sigue teniendo gran influencia en ella. Desde mares que se secan hasta terrenos que se inundan, todo forma parte del ciclo vital terrestre.<\/p>\n","protected":false},"excerpt":{"rendered":"<p>La combinaci\u00f3n de tierra y mar ha formado parte de la historia de la humanidad y sigue teniendo gran influencia en ella. Desde mares que se secan hasta terrenos que se inundan, todo forma parte del ciclo vital terrestre.<\/p>\n","protected":false},"author":2,"featured_media":24961,"comment_status":"open","ping_status":"closed","sticky":false,"template":"","format":"standard","meta":{"footnotes":""},"categories":[4],"tags":[3176,2444,3172,3180,3184,3174,3182,3178],"class_list":["post-24960","post","type-post","status-publish","format-standard","has-post-thumbnail","hentry","category-mundosostenible","tag-africa","tag-agua-es","tag-aralar","tag-arqueologia","tag-mar-es","tag-mediterraneo","tag-prehistoria","tag-rift-valley"],"aioseo_notices":[],"_links":{"self":[{"href":"https:\/\/ecoblog.mcp.es\/l4r\/wp-json\/wp\/v2\/posts\/24960","targetHints":{"allow":["GET"]}}],"collection":[{"href":"https:\/\/ecoblog.mcp.es\/l4r\/wp-json\/wp\/v2\/posts"}],"about":[{"href":"https:\/\/ecoblog.mcp.es\/l4r\/wp-json\/wp\/v2\/types\/post"}],"author":[{"embeddable":true,"href":"https:\/\/ecoblog.mcp.es\/l4r\/wp-json\/wp\/v2\/users\/2"}],"replies":[{"embeddable":true,"href":"https:\/\/ecoblog.mcp.es\/l4r\/wp-json\/wp\/v2\/comments?post=24960"}],"version-history":[{"count":3,"href":"https:\/\/ecoblog.mcp.es\/l4r\/wp-json\/wp\/v2\/posts\/24960\/revisions"}],"predecessor-version":[{"id":24968,"href":"https:\/\/ecoblog.mcp.es\/l4r\/wp-json\/wp\/v2\/posts\/24960\/revisions\/24968"}],"wp:featuredmedia":[{"embeddable":true,"href":"https:\/\/ecoblog.mcp.es\/l4r\/wp-json\/wp\/v2\/media\/24961"}],"wp:attachment":[{"href":"https:\/\/ecoblog.mcp.es\/l4r\/wp-json\/wp\/v2\/media?parent=24960"}],"wp:term":[{"taxonomy":"category","embeddable":true,"href":"https:\/\/ecoblog.mcp.es\/l4r\/wp-json\/wp\/v2\/categories?post=24960"},{"taxonomy":"post_tag","embeddable":true,"href":"https:\/\/ecoblog.mcp.es\/l4r\/wp-json\/wp\/v2\/tags?post=24960"}],"curies":[{"name":"wp","href":"https:\/\/api.w.org\/{rel}","templated":true}]}}