{"id":25286,"date":"2018-11-27T11:42:38","date_gmt":"2018-11-27T10:42:38","guid":{"rendered":"http:\/\/ecoblog.mcp.es\/l4r\/es\/?p=25286"},"modified":"2018-11-27T11:42:38","modified_gmt":"2018-11-27T10:42:38","slug":"escolares-y-centros-comprometidos-con-el-medio-ambiente","status":"publish","type":"post","link":"https:\/\/ecoblog.mcp.es\/l4r\/escolares-y-centros-comprometidos-con-el-medio-ambiente\/","title":{"rendered":"Escolares y centros comprometidos con el medio ambiente"},"content":{"rendered":"<p>Algunos centros se plantean reducir los residuos del almuerzo, en especial el uso de papel de aluminio, otros centros aspiran a conocer la cantidad de residuos que generan y as\u00ed poderlos reducir y mejorar su separaci\u00f3n; los hay interesados en trabajar en el despilfarro alimentario y tambi\u00e9n en compostaje escolar para lo que participan escolares y profesorado que buscan la forma de implicar a las familias en esta materia.<\/p>\n<p>El programa <a href=\"https:\/\/sites.google.com\/mancoeduca.com\/eko\/presentaci\u00f3n\">\u201cMejora la sostenibilidad de tu centro escolar\u201d<\/a> naci\u00f3 hace tres a\u00f1os, dentro de Mancoeduca, una iniciativa educativa de la Mancomunidad de la Comarca de Pamplona con 30 a\u00f1os ya de vida, y desde entonces la aceptaci\u00f3n y <a href=\"https:\/\/sostenibilidad.mancoeduca.com\/galer%C3%ADas-de-trabajos\/2017-2018\">buenas pr\u00e1cticas obtenidas<\/a> no dejan de sorprender al equipo de responsables del mismo.<\/p>\n<p><iframe loading=\"lazy\" src=\"https:\/\/drive.google.com\/file\/d\/1EAx6qZWCp5BKt1wLftFdwlDiGyXwZCif\/preview\" width=\"640\" height=\"480\"><\/iframe><\/p>\n<p><em>\u201cLas expectativas y los objetivos los marca cada centro. Tienen que ser metas a medio plazo, progresivas en la implicaci\u00f3n de diferentes niveles educativos, que tengan en cuenta diferentes espacios del centro o de los contenidos a abordar, avanzando poco a poco, pero asentando las mejoras\u201d<\/em> reconoce <strong>Marta Vital<\/strong>\u00a0, t<strong>\u00e9cnica del programa de Educaci\u00f3n Ambiental de la MCP.<\/strong> \u00a0Tambi\u00e9n incide en la importancia del trabajo e implicaci\u00f3n del profesorado encargado, as\u00ed como del centro escolar en su conjunto.\u00a0 <em>\u201cEl entusiasmo del profesor o profesora es muy importante y en muchos casos \u201csilencioso\u201d. Con muy pocos recursos, el profesorado hace cosas extraordinarias\u201d<\/em>.<\/p>\n<p>El programa para mejorar la sostenibilidad de los centros escolares se puede trabajar en cuatro \u00e1reas: <strong>Gesti\u00f3n de Residuos, Compostaje, Desperdicio Alimentario y Almuerzo Responsable<\/strong>.<\/p>\n<blockquote><p>En funci\u00f3n del objetivo de mejora elegido, algunos centros averiguar\u00e1n por ejemplo la cantidad de aluminio que genera una clase o un centro entero; otros pondr\u00e1n en marcha acciones de mejora a la hora de separar los residuos que generan, otros profundizar\u00e1n en los residuos alimenticios que se generan en el comedor escolar o en el patio. Los hay que han preferido conocer y colaborar con el Banco de Alimentos local ayudando en las grandes recogidas y su posterior clasificaci\u00f3n y tambi\u00e9n los que aportan restos org\u00e1nicos de la fruta del almuerzo o de la huerta escolar a contenedores de compostaje.<\/p><\/blockquote>\n<p>Sea cual sea la necesidad o inquietud de cada centro, su punto de partida, o el \u00e1mbito que el profesorado quiera desarrollar, la <strong>Mancomunidad de la Comarca de Pamplona<\/strong> ha encontrado en el programa la forma de dar diferentes recursos y propuestas educativas con los que el alumnado y al profesorado puedan obtener la mejor experiencia.<\/p>\n<p>Una experiencia que adem\u00e1s este curso escolar puede resultar aun m\u00e1s gratificante ya que la <a href=\"https:\/\/oprec-navarra.com\"><strong>oficina de Prevenci\u00f3n de Residuos e impulso a la Econom\u00eda<\/strong><\/a> circular ha convocado\u00a0un\u00a0<a href=\"https:\/\/oprec-navarra.com\/hondakinei-buruzko-proiektu-sariak-premios-a-proyectos-de-residuos\/\">premio<\/a>\u00a0dirigido a centros de Primaria, Secundaria y Formaci\u00f3n Profesional con el fin de\u00a0poner en valor las actuaciones innovadoras de los Centros educativos en materia de prevenci\u00f3n y gesti\u00f3n de residuos. 28 centros de toda Navarra han respondido a este interesante est\u00edmulo y presentar\u00e1n sus\u00a0proyectos innovadores.<\/p>\n<p><strong>Marta Vital<\/strong> reconoce que la educaci\u00f3n ambiental ha ido evolucionando en todo el tiempo que lleva funcionando <a href=\"https:\/\/www.mancoeduca.org\">Mancoeduca<\/a>: desde enfoques solo ambientales de los problemas a perspectivas donde se incluyen tambi\u00e9n la parte social y econ\u00f3mica de los mismos.\u00a0 Y ha cambiado tambi\u00e9n desde el punto de vista metodol\u00f3gico: <em>\u201clas actividades ya no buscan s\u00f3lo formar e informar, sino que promueven nuevas formas de percibir, de aprender, valorar y actuar en el entorno de manera individual y colectiva\u00bb<\/em>.<\/p>\n<p>En este sentido, las acciones que llevan a cabo los escolares en cada centro buscan provocar su movilizaci\u00f3n y la implicaci\u00f3n del resto de la comunidad educativa, incluidas las familias.<\/p>\n<p><strong>Mancoeduca<\/strong>, despu\u00e9s de 30 a\u00f1os de experiencia en la gesti\u00f3n y organizaci\u00f3n de iniciativas educativas relacionadas con la educaci\u00f3n ambiental para la sostenibilidad enfocadas en los recursos y servicios que presta la <strong>MCP<\/strong> a la ciudadan\u00eda, ha comprobado con satisfacci\u00f3n que su trabajo tiene un efecto multiplicador en el entorno familiar de cada chico o chica que participa en alguna de sus actividades.<em> \u201cLos y las escolares transmiten la nueva sensibilidad que adquieren a sus familiares\u201d<\/em> reconoce <strong>Vital<\/strong>, quien no duda en afirmar que la poblaci\u00f3n escolar de la Comarca de Pamplona tiene mucho nivel en educaci\u00f3n y sensibilizaci\u00f3n ambiental.<\/p>\n<p><strong>En un tiempo en el que son muchas las voces que reclaman m\u00e1s contacto de los m\u00e1s peque\u00f1os con la naturaleza, es importante rese\u00f1ar las buenas pr\u00e1cticas que intentan frenar este problema tan actual en las sociedades desarrolladas.<\/strong><\/p>\n<img loading=\"lazy\" decoding=\"async\" class=\"alignnone size-full wp-image-25291\" src=\"http:\/\/ecoblog.mcp.es\/l4r\/wp-content\/uploads\/2018\/11\/20180226_111129.jpg\" alt=\"\" width=\"1355\" height=\"762\" srcset=\"https:\/\/ecoblog.mcp.es\/l4r\/wp-content\/uploads\/2018\/11\/20180226_111129.jpg 1355w, https:\/\/ecoblog.mcp.es\/l4r\/wp-content\/uploads\/2018\/11\/20180226_111129-300x169.jpg 300w, https:\/\/ecoblog.mcp.es\/l4r\/wp-content\/uploads\/2018\/11\/20180226_111129-768x432.jpg 768w, https:\/\/ecoblog.mcp.es\/l4r\/wp-content\/uploads\/2018\/11\/20180226_111129-1024x576.jpg 1024w, https:\/\/ecoblog.mcp.es\/l4r\/wp-content\/uploads\/2018\/11\/20180226_111129-600x337.jpg 600w\" sizes=\"auto, (max-width: 1355px) 100vw, 1355px\" \/>\n","protected":false},"excerpt":{"rendered":"<p>Si un d\u00eda tu hijo o hija te pide el bocadillo lo envuelvas sin papel de aluminio, que le guardes los restos org\u00e1nicos dom\u00e9sticos para llevarlos a compostar al colegio, o que apunte exhaustivamente los residuos que se generan en casa, es probable que su colegio est\u00e9 trabajando para ser un centro escolar sostenible. <\/p>\n","protected":false},"author":2,"featured_media":25292,"comment_status":"open","ping_status":"closed","sticky":false,"template":"","format":"standard","meta":{"footnotes":""},"categories":[4],"tags":[3641,3247,2696,2432],"class_list":["post-25286","post","type-post","status-publish","format-standard","has-post-thumbnail","hentry","category-mundosostenible","tag-buenas-practicas","tag-educacion-ambiental-es","tag-mancoeduca-es","tag-mancomunidad-de-la-comarca-de-pamplona-es"],"aioseo_notices":[],"_links":{"self":[{"href":"https:\/\/ecoblog.mcp.es\/l4r\/wp-json\/wp\/v2\/posts\/25286","targetHints":{"allow":["GET"]}}],"collection":[{"href":"https:\/\/ecoblog.mcp.es\/l4r\/wp-json\/wp\/v2\/posts"}],"about":[{"href":"https:\/\/ecoblog.mcp.es\/l4r\/wp-json\/wp\/v2\/types\/post"}],"author":[{"embeddable":true,"href":"https:\/\/ecoblog.mcp.es\/l4r\/wp-json\/wp\/v2\/users\/2"}],"replies":[{"embeddable":true,"href":"https:\/\/ecoblog.mcp.es\/l4r\/wp-json\/wp\/v2\/comments?post=25286"}],"version-history":[{"count":4,"href":"https:\/\/ecoblog.mcp.es\/l4r\/wp-json\/wp\/v2\/posts\/25286\/revisions"}],"predecessor-version":[{"id":25293,"href":"https:\/\/ecoblog.mcp.es\/l4r\/wp-json\/wp\/v2\/posts\/25286\/revisions\/25293"}],"wp:featuredmedia":[{"embeddable":true,"href":"https:\/\/ecoblog.mcp.es\/l4r\/wp-json\/wp\/v2\/media\/25292"}],"wp:attachment":[{"href":"https:\/\/ecoblog.mcp.es\/l4r\/wp-json\/wp\/v2\/media?parent=25286"}],"wp:term":[{"taxonomy":"category","embeddable":true,"href":"https:\/\/ecoblog.mcp.es\/l4r\/wp-json\/wp\/v2\/categories?post=25286"},{"taxonomy":"post_tag","embeddable":true,"href":"https:\/\/ecoblog.mcp.es\/l4r\/wp-json\/wp\/v2\/tags?post=25286"}],"curies":[{"name":"wp","href":"https:\/\/api.w.org\/{rel}","templated":true}]}}