{"id":25337,"date":"2018-12-18T11:41:50","date_gmt":"2018-12-18T10:41:50","guid":{"rendered":"https:\/\/ecoblog.mcp.es\/l4r\/es\/?p=25337"},"modified":"2018-12-18T11:47:17","modified_gmt":"2018-12-18T10:47:17","slug":"los-taxis-se-hacen-mas-reconocibles","status":"publish","type":"post","link":"https:\/\/ecoblog.mcp.es\/l4r\/los-taxis-se-hacen-mas-reconocibles\/","title":{"rendered":"Los taxis se hacen m\u00e1s reconocibles"},"content":{"rendered":"\n<h2 class=\"wp-block-heading\"><\/h2>\n\n\n\n<p>Desde el pasado 1 de agosto, los taxis espa\u00f1oles y los veh\u00edculos de transporte con conductor de hasta nueve plazas han tornado sus matr\u00edculas traseras del blanco al azul. Un cambio que va m\u00e1s all\u00e1 del aspecto est\u00e9tico puesto que posee otras implicaciones: por un lado, supone una mejor identificaci\u00f3n de los veh\u00edculos que prestan servicio de taxi; por otro, trata de evitar la aparici\u00f3n de taxis piratas.&nbsp;<\/p>\n\n\n\n<p>La pirater\u00eda est\u00e1 generando problemas de competencia leal en muchas ciudades, especialmente en grandes urbes como Madrid, Barcelona o Mallorca. Las personas usuarias del servicio tambi\u00e9n se ven perjudicadas por ella, ya que pueden sufrir&nbsp;&nbsp;problemas de seguridad personal. En 2016, se aprob\u00f3 una proposici\u00f3n no de ley en la comisi\u00f3n sobre Seguridad Vial y Movilidad Sostenible del Congreso de los Diputados, que conten\u00eda diferentes medidas para luchar contra el incremento del intrusismo que poco a poco se ha intentado combatir. Esta nueva normativa, por lo tanto, responde a aquella proposici\u00f3n de ley.<\/p>\n\n\n\n<p>Con todo, el cambio del color s\u00f3lo afecta a la matr\u00edcula trasera de los veh\u00edculos. La delantera se mantendr\u00e1, como hasta ahora, con un fondo blanco y los n\u00fameros y letras en negro. Adem\u00e1s, el colectivo de los taxis tiene el plazo de un a\u00f1o para contar con un parque m\u00f3vil adaptado a la nueva normativa.&nbsp;<\/p>\n\n\n\n<p>A d\u00eda de hoy no todos los taxis tienen la matr\u00edcula trasera azul, solo la tienen los coches que han sido renovados a partir del 1 de agosto del 2018 y los que lo hayan hecho voluntariamente. La totalidad de la flota tendr\u00e1 la matr\u00edcula trasera azul a partir del 1 de agosto de 2019.&nbsp;&nbsp;<\/p>\n\n\n\n<p>Esto quiere decir que si usted utiliza habitualmente cualquier servicio de transporte con conductor, es posible que se encuentre con veh\u00edculos ya modificados, por lo que ser\u00e1 m\u00e1s f\u00e1cil reconocerlos.&nbsp;<\/p>\n\n\n\n<p>Si no es as\u00ed, tendr\u00e1 que fijarse en las se\u00f1alizaciones tradicionales y espec\u00edficas de cada ciudad y servicio, para asegurarse de que est\u00e1 ante un servicio legal y con garant\u00edas: veh\u00edculos con un m\u00e1ximo de a\u00f1os de antig\u00fcedad, que aplican&nbsp;&nbsp;tarifas estandarizadas y cuyos trayectos son controlados por sistemas de gesti\u00f3n desde las centrales de cada servicio.&nbsp;<\/p>\n\n\n\n<p>El colectivo de profesionales ha aceptado la medida con buen talante ya que considera que intenta aportar seguridad a un sector en continua transformaci\u00f3n: veh\u00edculos eco, veh\u00edculos adaptados para personas con problemas de movilidad, adopci\u00f3n de recursos tecnol\u00f3gicos como el GPS o apps espec\u00edficas para hacer m\u00e1s accesible, r\u00e1pido y seguro el trayecto.&nbsp;Los taxis y los servicios de transporte con conductor\/a reclaman as\u00ed su posici\u00f3n como un elemento importante dentro de la nueva movilidad que se est\u00e1 promoviendo en todas las ciudades.<\/p>\n\n\n\n<p>Imagen: Hegoplac<\/p>\n","protected":false},"excerpt":{"rendered":"<p>Desde hace unos meses los veh\u00edculos de transporte con conductor\/a de hasta nueve plazas han tornado sus matr\u00edculas traseras del blanco al azul. Un cambio que, m\u00e1s all\u00e1 del aspecto est\u00e9tico, tiene otras implicaciones.<\/p>\n","protected":false},"author":2,"featured_media":25338,"comment_status":"open","ping_status":"closed","sticky":false,"template":"","format":"standard","meta":{"footnotes":""},"categories":[6],"tags":[3677,3679,3681,3683],"class_list":["post-25337","post","type-post","status-publish","format-standard","has-post-thumbnail","hentry","category-movilidad","tag-cabify-es","tag-matricula-azul-es","tag-taxi-es","tag-uber-es"],"aioseo_notices":[],"_links":{"self":[{"href":"https:\/\/ecoblog.mcp.es\/l4r\/wp-json\/wp\/v2\/posts\/25337","targetHints":{"allow":["GET"]}}],"collection":[{"href":"https:\/\/ecoblog.mcp.es\/l4r\/wp-json\/wp\/v2\/posts"}],"about":[{"href":"https:\/\/ecoblog.mcp.es\/l4r\/wp-json\/wp\/v2\/types\/post"}],"author":[{"embeddable":true,"href":"https:\/\/ecoblog.mcp.es\/l4r\/wp-json\/wp\/v2\/users\/2"}],"replies":[{"embeddable":true,"href":"https:\/\/ecoblog.mcp.es\/l4r\/wp-json\/wp\/v2\/comments?post=25337"}],"version-history":[{"count":2,"href":"https:\/\/ecoblog.mcp.es\/l4r\/wp-json\/wp\/v2\/posts\/25337\/revisions"}],"predecessor-version":[{"id":25340,"href":"https:\/\/ecoblog.mcp.es\/l4r\/wp-json\/wp\/v2\/posts\/25337\/revisions\/25340"}],"wp:featuredmedia":[{"embeddable":true,"href":"https:\/\/ecoblog.mcp.es\/l4r\/wp-json\/wp\/v2\/media\/25338"}],"wp:attachment":[{"href":"https:\/\/ecoblog.mcp.es\/l4r\/wp-json\/wp\/v2\/media?parent=25337"}],"wp:term":[{"taxonomy":"category","embeddable":true,"href":"https:\/\/ecoblog.mcp.es\/l4r\/wp-json\/wp\/v2\/categories?post=25337"},{"taxonomy":"post_tag","embeddable":true,"href":"https:\/\/ecoblog.mcp.es\/l4r\/wp-json\/wp\/v2\/tags?post=25337"}],"curies":[{"name":"wp","href":"https:\/\/api.w.org\/{rel}","templated":true}]}}