{"id":25409,"date":"2019-01-17T15:24:36","date_gmt":"2019-01-17T14:24:36","guid":{"rendered":"https:\/\/ecoblog.mcp.es\/l4r\/es\/?p=25409"},"modified":"2019-01-17T15:24:38","modified_gmt":"2019-01-17T14:24:38","slug":"51-libros-de-narrativa-o-tematica-verde-que-pueden-interesarte","status":"publish","type":"post","link":"https:\/\/ecoblog.mcp.es\/l4r\/51-libros-de-narrativa-o-tematica-verde-que-pueden-interesarte\/","title":{"rendered":"5+1 libros de narrativa o tem\u00e1tica \u201cverde\u201d que pueden interesarte"},"content":{"rendered":"\n<p>En nuestro primer post de recomendaciones editoriales, que esperamos seguir ampliando peri\u00f3dicamente con vuestras aportaciones y opiniones, se encuentran libros de culto&nbsp;que reflexionan sobre cambio clim\u00e1tico y medio ambiente; libros que abren el debate sobre diferentes tipos de contaminaci\u00f3n; prosa enclavada en el denominado g\u00e9nero de la \u201cnarrativa verde\u201d; libros pr\u00e1cticos,\u2026pero sobre todo, publicaciones que se han editado o reeditado recientemente en Espa\u00f1a.&nbsp;<\/p>\n\n\n\n<figure class=\"wp-block-image\"><img loading=\"lazy\" decoding=\"async\" width=\"560\" height=\"315\" src=\"https:\/\/ecoblog.mcp.es\/l4r\/wp-content\/uploads\/2019\/01\/Dise\u00f1o-sin-t\u00edtulo-2.jpg\" alt=\"\" class=\"wp-image-25440\" srcset=\"https:\/\/ecoblog.mcp.es\/l4r\/wp-content\/uploads\/2019\/01\/Dise\u00f1o-sin-t\u00edtulo-2.jpg 560w, https:\/\/ecoblog.mcp.es\/l4r\/wp-content\/uploads\/2019\/01\/Dise\u00f1o-sin-t\u00edtulo-2-300x169.jpg 300w\" sizes=\"auto, (max-width: 560px) 100vw, 560px\" \/><\/figure>\n\n\n\n<p><strong>1. PRIMAVERA SILENCIOSA.<\/strong> Algunas personas hablan de este libro como el que&nbsp;&nbsp;marc\u00f3 un antes y un despu\u00e9s en la historia de la ecolog\u00eda y supuso la prohibici\u00f3n del pesticida DDT o como lo llamaba su autora Rachel Carson \u201cel elixir de la muerte\u201d. Escrito en 1962 su trascendencia fue tal que incluso hoy est\u00e1 considerado uno de los principales responsables de la aparici\u00f3n de los movimientos ecologistas a favor de la conservaci\u00f3n de la naturaleza. Es un libro de referencia que se reedita peri\u00f3dicamente.<a href=\"https:\/\/static0planetadelibroscom.cdnstatics.com\/libros_contenido_extra\/34\/33636_Primavera_silenciosa.pdf\">Aqu\u00ed puedes conocerlo un poco mejor<\/a><br><\/p>\n\n\n\n<p>2.&nbsp;<a href=\"https:\/\/www.casadellibro.com\/libro-los-ultimos-ninos-en-el-bosque-salvemos-a-nuestros-hijos-del-transtorno-por-deficit-de-naturaleza\/9788494871016\/6550650\">LOS ULTIMOS NI\u00d1OS EN EL BOSQUE: SALVEMOS A NUESTROS HIJOS DEL TRANSTORNO POR DEFICIT DE NATURALEZA<\/a>. Dicen de esta publicaci\u00f3n que es un toque de atenci\u00f3n \u201cconvincente e irresistiblemente persuasivo, para recuperar la conexi\u00f3n entre los ni\u00f1os y la naturaleza\u201d. Su autor, el periodista neoyorquino Richard Louv, es cofundador y presidente em\u00e9rito de Children &amp; Nature Network, organizaci\u00f3n que ayuda a construir un movimiento internacional para conectar a las personas y las comunidades con el mundo natural. El libro, que ha acaba de ser ampliado y actualizado en Espa\u00f1a en 2018, re\u00fane investigaciones de vanguardia que demuestran c\u00f3mo la exposici\u00f3n directa a la naturaleza es esencial para un desarrollo infantil sano: f\u00edsica, emocional y espiritualmente.&nbsp;<\/p>\n\n\n\n<p><strong>3.<\/strong> <strong>INVIERNO<\/strong>. Un libro que convierte la naturaleza en literatura. Obra de Rick Bass, considerado el mayor exponente norteamericano de la \u201cnarrativa verde\u201d, un g\u00e9nero que conocemos mejor gracias a la labor de la editorial Errata Naturae, que desde 2013 se ha especializado en reeditar en castellano obras de referencia con el medio ambiente como tem\u00e1tica principal. Este es su \u00faltimo t\u00edtulo publicado, pero merece la pena conocer sus obras de referencia.&nbsp;<a href=\"http:\/\/erratanaturae.com\/libro\/invierno\/\">Apuntamos tambi\u00e9n un resumen de Invierno<\/a>.&nbsp;<\/p>\n\n\n\n<figure class=\"wp-block-image\"><img loading=\"lazy\" decoding=\"async\" width=\"560\" height=\"315\" src=\"https:\/\/ecoblog.mcp.es\/l4r\/wp-content\/uploads\/2019\/01\/Dise\u00f1o-sin-t\u00edtulo-3.jpg\" alt=\"\" class=\"wp-image-25441\" srcset=\"https:\/\/ecoblog.mcp.es\/l4r\/wp-content\/uploads\/2019\/01\/Dise\u00f1o-sin-t\u00edtulo-3.jpg 560w, https:\/\/ecoblog.mcp.es\/l4r\/wp-content\/uploads\/2019\/01\/Dise\u00f1o-sin-t\u00edtulo-3-300x169.jpg 300w\" sizes=\"auto, (max-width: 560px) 100vw, 560px\" \/><\/figure>\n\n\n\n<p><strong>4. LA CASA NATURAL<\/strong>: Pertenece a esa clase de libros denominados de Autoayuda. Su escritora es Beth Greer, una conocida periodista norteamerica, adem\u00e1s de fundadora de la web supernaturalhome.com donde comparte estrategias y consejos sobre salud y vida natural. En esta publicaci\u00f3n se centra en explicar c\u00f3mo reducir las exposiciones t\u00f3xicas en el hogar y crear un entorno saludable. <a href=\"https:\/\/static0planetadelibroscom.cdnstatics.com\/libros_contenido_extra\/39\/38062_La_casa_natural.pdf\ufeff\">Aqu\u00ed puedes acceder a un breve extracto<\/a>&nbsp;que te dar\u00e1 la pauta de si realmente te resulta o no interesante.&nbsp;<\/p>\n\n\n\n<p><strong>5. NO SIN MI BICICLETA<\/strong>. \u00bfPor qu\u00e9 circular en bicicleta?, \u00bfqu\u00e9 se necesita?, \u00bfc\u00f3mo cuidarla?&#8230;son algunos de los cap\u00edtulos de este libro adecuado para todas aquellas personas que se est\u00e1n planteando comenzar a moverse con ella. Escrito por <a href=\"http:\/\/www.annabrones.com\">Anna Brones<\/a> y publicado en 2017 es divertido y f\u00e1cil de leer. A lo largo del texto encontramos curiosas an\u00e9cdotas para perderle el miedo a este creciente medio de transporte.&nbsp;<a href=\"https:\/\/static0planetadelibroscom.cdnstatics.com\/libros_contenido_extra\/37\/36170_No_sin_mi_BiciCLETA.pdf\ufeff\">Aqu\u00ed un extracto&nbsp;<\/a><\/p>\n\n\n\n<p><strong>6. DISFRUTAR EN LA NATURALEZA<\/strong>. En este breve recopilatorio no pod\u00eda faltar una obra escrita en castellano. Su autor, Jos\u00e9 Luis Gallego, no duda en decir que su relato est\u00e1 directamente \u201ccopiado de la naturaleza\u201d porque \u00e9sta \u201cno necesita recursos literarios para seducir al lector, le basta con ser descrita\u201d. Pod\u00e9is encontrarlo, publicado hace apenas 6 meses en Alianza Editorial.&nbsp;<\/p>\n","protected":false},"excerpt":{"rendered":"<p>Se dice que el medio ambiente es el gran tema del siglo XXI as\u00ed que no es de extra\u00f1ar que escritores, periodistas, cient\u00edficos y divulgadores hagan de \u00e9l su musa de inspiraci\u00f3n para escribir sus relatos, ensayos o libros de \u201cautoayuda\u201d. Hemos realizado un primer recopilatorio y esperamos seguir ampliando nuestras propuestas literarias para 2019 con vuestra ayuda. <\/p>\n","protected":false},"author":2,"featured_media":25442,"comment_status":"open","ping_status":"closed","sticky":false,"template":"","format":"standard","meta":{"footnotes":""},"categories":[7],"tags":[3790,3792,3794,3796,3798,3800,3802],"class_list":["post-25409","post","type-post","status-publish","format-standard","has-post-thumbnail","hentry","category-encasa","tag-anna-brones-es","tag-beth-greer-es","tag-jose-luis-gallego-es","tag-narrativa-verde-es","tag-rachel-carson-es","tag-richard-louv-es","tag-rick-bass-es"],"aioseo_notices":[],"_links":{"self":[{"href":"https:\/\/ecoblog.mcp.es\/l4r\/wp-json\/wp\/v2\/posts\/25409","targetHints":{"allow":["GET"]}}],"collection":[{"href":"https:\/\/ecoblog.mcp.es\/l4r\/wp-json\/wp\/v2\/posts"}],"about":[{"href":"https:\/\/ecoblog.mcp.es\/l4r\/wp-json\/wp\/v2\/types\/post"}],"author":[{"embeddable":true,"href":"https:\/\/ecoblog.mcp.es\/l4r\/wp-json\/wp\/v2\/users\/2"}],"replies":[{"embeddable":true,"href":"https:\/\/ecoblog.mcp.es\/l4r\/wp-json\/wp\/v2\/comments?post=25409"}],"version-history":[{"count":25,"href":"https:\/\/ecoblog.mcp.es\/l4r\/wp-json\/wp\/v2\/posts\/25409\/revisions"}],"predecessor-version":[{"id":25454,"href":"https:\/\/ecoblog.mcp.es\/l4r\/wp-json\/wp\/v2\/posts\/25409\/revisions\/25454"}],"wp:featuredmedia":[{"embeddable":true,"href":"https:\/\/ecoblog.mcp.es\/l4r\/wp-json\/wp\/v2\/media\/25442"}],"wp:attachment":[{"href":"https:\/\/ecoblog.mcp.es\/l4r\/wp-json\/wp\/v2\/media?parent=25409"}],"wp:term":[{"taxonomy":"category","embeddable":true,"href":"https:\/\/ecoblog.mcp.es\/l4r\/wp-json\/wp\/v2\/categories?post=25409"},{"taxonomy":"post_tag","embeddable":true,"href":"https:\/\/ecoblog.mcp.es\/l4r\/wp-json\/wp\/v2\/tags?post=25409"}],"curies":[{"name":"wp","href":"https:\/\/api.w.org\/{rel}","templated":true}]}}