{"id":26061,"date":"2019-09-19T09:58:12","date_gmt":"2019-09-19T07:58:12","guid":{"rendered":"https:\/\/ecoblog.mcp.es\/l4r\/es\/?p=26061"},"modified":"2019-09-19T10:11:30","modified_gmt":"2019-09-19T08:11:30","slug":"diez-razones-para-utilizar-el-transporte-publico","status":"publish","type":"post","link":"https:\/\/ecoblog.mcp.es\/l4r\/diez-razones-para-utilizar-el-transporte-publico\/","title":{"rendered":"Diez razones para utilizar el transporte p\u00fablico"},"content":{"rendered":"\n<p>Llevamos a\u00f1os hablando de la lucha contra el cambio clim\u00e1tico y la necesidad de que todos los pa\u00edses rebajen sus emisiones de efecto invernadero. En Espa\u00f1a, el transporte es el responsable del 28,7% del total de emisiones de CO2 expulsadas a la atm\u00f3sfera y el veh\u00edculo privado es el principal responsable, seg\u00fan los datos de la Consejer\u00eda de Medioambiente 2016.&nbsp;<\/p>\n\n\n\n<p>Las administraciones de todo el mundo van tomando conciencia de la necesidad de apostar por una movilidad sostenible a favor del peat\u00f3n, la bici y el autob\u00fas en detrimento del veh\u00edculo privado. Con motivo de la Semana de la movilidad 2019, os animamos a que dej\u00e9is el coche en casa y utilic\u00e9is el transporte p\u00fablico.&nbsp;<\/p>\n\n\n\n<h3 class=\"wp-block-heading\"><strong>Os presentamos diez buenas razones. \u00a1Ver\u00e9is que todo son ventajas!<\/strong><\/h3>\n\n\n\n<blockquote class=\"wp-block-quote is-layout-flow wp-block-quote-is-layout-flow\"><p>1. <strong>Contamina menos que el veh\u00edculo privado<\/strong>. Genera 5,5 veces menos gases efecto invernadero que el autom\u00f3vil. Es la alternativa m\u00e1s ecol\u00f3gica para los desplazamientos que se hacen en la ciudad. El trasvase de personas pasajeras del veh\u00edculo particular al autob\u00fas se traducir\u00eda en miles de toneladas menos de CO2 a la atm\u00f3sfera.<\/p><p><strong>2. Reduce la congesti\u00f3n en las ciudades.<\/strong> El uso masivo del veh\u00edculo privado colapsa las ciudades y las hace m\u00e1s sucias y m\u00e1s ruidosas. Por eso, el transporte p\u00fablico es la alternativa id\u00f3nea para mejorar la movilidad urbana y evitar en gran medida las retenciones y atascos. Cada autob\u00fas sustituye a una media de 20 veh\u00edculos privados.\u00a0<\/p><p><strong>3. Reduce la contaminaci\u00f3n ac\u00fastica.<\/strong> En t\u00e9rminos de persona pasajera por kil\u00f3metro, los autobuses generan cuatro veces menos impacto que el veh\u00edculo particular. En nuestro pa\u00eds contamos con ciudades como Barcelona y Madrid que ocupan los puestos 7\u00ba y 16\u00ba respectivamente en el ranking mundial de ciudades con mayor contaminaci\u00f3n ac\u00fastica.\u00a0<\/p><p><strong>4. Garantiza la movilidad de colectivos con menos acceso\u00a0<\/strong>como j\u00f3venes, mayores y personas con movilidad reducida que no disponen o no pueden utilizar el coche para sus traslados.\u00a0<\/p><p><strong>5. Es m\u00e1s seguro.<\/strong>Seg\u00fan la DGT,\u00a0<strong>el autob\u00fas es el medio de transporte m\u00e1s seguro.<\/strong> Solo el 0,2 % de las v\u00edctimas mortales en carretera se atribuye al autob\u00fas.\u00a0<\/p><p><strong>6. Resulta m\u00e1s barato que el veh\u00edculo privado<\/strong>. En Navarra cada familia se gasta en transporte una media de 3.600\u20ac al a\u00f1o, seg\u00fan el PITNA (Plan integral de transporte de viajeros de Navarra).\u00a0Un 90% de este presupuesto se debe a gastos de adquisici\u00f3n y mantenimiento de veh\u00edculo, ITV, seguro\u2026.\u00a0\u00a0<\/p><p><strong>7. Medio accesible para todo el mundo.<\/strong> Gracias al modelo concesional ofrece tarifas bajas que lo convierten en un transporte muy accesible.\u00a0<\/p><p><strong>8. Ahorras tiempo<\/strong>. Muchas veces el uso del autom\u00f3vil conlleva la b\u00fasqueda de aparcamiento en zonas saturadas. Con el transporte p\u00fablico llegas a tu destino sin complicaciones y sin estr\u00e9s.<\/p><p><strong>9. Puedes hacer otras actividades mientras sin preocuparte<\/strong>.\u00a0Aprovechar el trayecto de ida y vuelta en autob\u00fas o metro para\u00a0<strong>escuchar m\u00fasica, leer un buen libro, revisar nuestros perfiles sociales<\/strong>\u00a0o simplemente dejarnos llevar por nuestros pensamientos,\u00a0<\/p><p><strong>10. <\/strong>T<strong>u ciudad ser\u00e1 un lugar m\u00e1s agradable para vivir<\/strong>. Con menos atascos, menos contaminaci\u00f3n, menos emisiones efecto invernadero.<\/p><\/blockquote>\n\n\n\n<p>La ciudadan\u00eda quiere desplazarse r\u00e1pido y de la forma m\u00e1s barata posible pero la preocupaci\u00f3n por el medio ambiente debe ser una obligaci\u00f3n de todos.&nbsp;&nbsp;Una utilizaci\u00f3n m\u00e1s intensiva del transporte p\u00fablico ser\u00eda beneficiosa para todos.&nbsp;<\/p>\n\n\n\n<p><strong>\u00a1Siempre que puedas, utiliza el transporte publico!<\/strong><\/p>\n\n\n\n<p class=\"has-small-font-size\">Imagen: <a href=\"https:\/\/unsplash.com\/@paucasals?utm_source=unsplash&amp;utm_medium=referral&amp;utm_content=creditCopyText\">Pau Casals<\/a>.&nbsp;<a href=\"https:\/\/unsplash.com\/s\/photos\/public-transport?utm_source=unsplash&amp;utm_medium=referral&amp;utm_content=creditCopyText\">Unsplash<\/a><\/p>\n","protected":false},"excerpt":{"rendered":"<p>Diez razones para utilizar el transporte p\u00fablico frente veh\u00edculo particular: contamina menos, reduce la congesti\u00f3n, es m\u00e1s barato, m\u00e1s seguro, te permite la realizaci\u00f3n de otras actividades de ocio, etc.<br \/>\nSiempre que puedas, utiliza el transporte p\u00fablico. <\/p>\n","protected":false},"author":2,"featured_media":26063,"comment_status":"open","ping_status":"closed","sticky":false,"template":"","format":"standard","meta":{"footnotes":""},"categories":[6],"tags":[4232,2670,4234,4236,4238],"class_list":["post-26061","post","type-post","status-publish","format-standard","has-post-thumbnail","hentry","category-movilidad","tag-autobus-es","tag-medio-ambiente-es","tag-movilidad-sostenible-es","tag-transporte-publico-es","tag-villavesa-es"],"aioseo_notices":[],"_links":{"self":[{"href":"https:\/\/ecoblog.mcp.es\/l4r\/wp-json\/wp\/v2\/posts\/26061","targetHints":{"allow":["GET"]}}],"collection":[{"href":"https:\/\/ecoblog.mcp.es\/l4r\/wp-json\/wp\/v2\/posts"}],"about":[{"href":"https:\/\/ecoblog.mcp.es\/l4r\/wp-json\/wp\/v2\/types\/post"}],"author":[{"embeddable":true,"href":"https:\/\/ecoblog.mcp.es\/l4r\/wp-json\/wp\/v2\/users\/2"}],"replies":[{"embeddable":true,"href":"https:\/\/ecoblog.mcp.es\/l4r\/wp-json\/wp\/v2\/comments?post=26061"}],"version-history":[{"count":7,"href":"https:\/\/ecoblog.mcp.es\/l4r\/wp-json\/wp\/v2\/posts\/26061\/revisions"}],"predecessor-version":[{"id":26072,"href":"https:\/\/ecoblog.mcp.es\/l4r\/wp-json\/wp\/v2\/posts\/26061\/revisions\/26072"}],"wp:featuredmedia":[{"embeddable":true,"href":"https:\/\/ecoblog.mcp.es\/l4r\/wp-json\/wp\/v2\/media\/26063"}],"wp:attachment":[{"href":"https:\/\/ecoblog.mcp.es\/l4r\/wp-json\/wp\/v2\/media?parent=26061"}],"wp:term":[{"taxonomy":"category","embeddable":true,"href":"https:\/\/ecoblog.mcp.es\/l4r\/wp-json\/wp\/v2\/categories?post=26061"},{"taxonomy":"post_tag","embeddable":true,"href":"https:\/\/ecoblog.mcp.es\/l4r\/wp-json\/wp\/v2\/tags?post=26061"}],"curies":[{"name":"wp","href":"https:\/\/api.w.org\/{rel}","templated":true}]}}