{"id":26364,"date":"2020-01-28T11:32:45","date_gmt":"2020-01-28T10:32:45","guid":{"rendered":"https:\/\/ecoblog.mcp.es\/l4r\/es\/?p=26364"},"modified":"2020-01-28T11:32:47","modified_gmt":"2020-01-28T10:32:47","slug":"los-secretos-de-los-glaciares-que-nadie-quiso-conocer","status":"publish","type":"post","link":"https:\/\/ecoblog.mcp.es\/l4r\/los-secretos-de-los-glaciares-que-nadie-quiso-conocer\/","title":{"rendered":"Los secretos de los glaciares que nadie quiso conocer"},"content":{"rendered":"\n<p>Experta en glaciolog\u00eda, aventurera, exploradora polar, cient\u00edfica, doctora en Matem\u00e1ticas, profesora de universidad y excelente divulgadora. <strong>M\u00aa Carmen Dom\u00ednguez,<\/strong>&nbsp;asturiana de nacimiento y salmantina de adopci\u00f3n, debe su apodo <strong>Karmenka<\/strong> a sus colaboradores rusos. Ella es la cofundadora de la asociaci\u00f3n <strong>GLACKMA<\/strong>, una asociaci\u00f3n que desde el 2001 mide cada hora, en continuo, datos de lo que se llama la descarga glaciar, es decir, el hielo fundido en ocho glaciares diferentes estrat\u00e9gicamente situados: cuatro en las zonas polares del Hemisferio Norte y otros cuatro en las del Sur. Un m\u00e9todo \u00fanico en el mundo como indicador del cambio clim\u00e1tico.&nbsp;<\/p>\n\n\n\n<p><strong>&#8211; \u00bfC\u00f3mo llega una matem\u00e1tica al mundo de la investigaci\u00f3n cient\u00edfica y en un campo tan peculiar como la glaciolog\u00eda?<\/strong><\/p>\n\n\n\n<p>Apasionada de la naturaleza desde ni\u00f1a, en mi b\u00fasqueda de una aplicaci\u00f3n pr\u00e1ctica a las matem\u00e1ticas que siempre he considerado \u00abuna caja de herramientas\u00bb, la acab\u00e9 encontrando en una conferencia de&nbsp;<strong>Adolfo Eraso<\/strong> sobre el glaciar Perito Moreno. Aquello me convirti\u00f3 en una entusiasta de los glaciares. Desde entonces he realizado ya m\u00e1s de 60 expediciones polares y me he comprometido de una forma aut\u00e9ntica con la investigaci\u00f3n y la divulgaci\u00f3n de la realidad de los glaciares.<\/p>\n\n\n\n<p><strong>&#8211; \u00bfQu\u00e9 secretos guardan los glaciares?<\/strong><\/p>\n\n\n\n<figure class=\"wp-block-image size-large\"><img loading=\"lazy\" decoding=\"async\" width=\"1024\" height=\"684\" src=\"https:\/\/ecoblog.mcp.es\/l4r\/wp-content\/uploads\/2020\/01\/Explorando-1-1024x684.jpg\" alt=\"\" class=\"wp-image-26376\" srcset=\"https:\/\/ecoblog.mcp.es\/l4r\/wp-content\/uploads\/2020\/01\/Explorando-1-1024x684.jpg 1024w, https:\/\/ecoblog.mcp.es\/l4r\/wp-content\/uploads\/2020\/01\/Explorando-1-300x200.jpg 300w, https:\/\/ecoblog.mcp.es\/l4r\/wp-content\/uploads\/2020\/01\/Explorando-1-768x513.jpg 768w, https:\/\/ecoblog.mcp.es\/l4r\/wp-content\/uploads\/2020\/01\/Explorando-1-600x401.jpg 600w, https:\/\/ecoblog.mcp.es\/l4r\/wp-content\/uploads\/2020\/01\/Explorando-1.jpg 1136w\" sizes=\"auto, (max-width: 1024px) 100vw, 1024px\" \/><\/figure>\n\n\n\n<p>Los glaciares son el mejor indicador de la evoluci\u00f3n del cambio clim\u00e1tico. Son tan sensibles ante cualquier variaci\u00f3n de la temperatura ambiente que nos alertan de inmediato de lo que ocurre en nuestro planeta.&nbsp;<\/p>\n\n\n\n<p>Con esas series horarias de datos que estamos registrando en estas \u00faltima d\u00e9cadas, hemos encontrado que ese valor de la descarga glaciar se duplic\u00f3 en 13 a\u00f1os. No solo eso, sino que se ha vuelto a duplicar posteriormente en tan solo 4 a\u00f1os y contin\u00faa esta tendencia creciente.&nbsp;<\/p>\n\n\n\n<p>Este crecimiento tan acelerado en un proceso de la Tierra, es una barbaridad. Gracias a la regulaci\u00f3n de las aguas de los oc\u00e9anos no hemos notado antes los efectos. Pero ahora, y cada vez con m\u00e1s fuerza, ser\u00e1 la t\u00f3nica general en la atm\u00f3sfera.<\/p>\n\n\n\n<p><strong>&#8211; C\u00f3mo divulgadora de una realidad como la que&nbsp;estudi\u00e1is en GLACKMA, \u00bfqu\u00e9 mensajes sobre vuestro conocimiento crees que&nbsp;llegan mejor al p\u00fablico?<\/strong><\/p>\n\n\n\n<p>La dureza de la realidad que muestran los resultados de los datos medidos directamente en los glaciares, sin manipulaci\u00f3n alguna. Esos valores de la fusi\u00f3n del hielo glaciar nos hab\u00edan alertado ya hace casi dos d\u00e9cadas y la sociedad mir\u00f3 hacia otro lado para no ver una realidad, que por desgracia hoy en d\u00eda, es ya imposible de ocultar.&nbsp;<\/p>\n\n\n\n<figure class=\"wp-block-image size-large\"><img loading=\"lazy\" decoding=\"async\" width=\"1024\" height=\"682\" src=\"https:\/\/ecoblog.mcp.es\/l4r\/wp-content\/uploads\/2020\/01\/Aforos-1024x682.jpg\" alt=\"\" class=\"wp-image-26370\" srcset=\"https:\/\/ecoblog.mcp.es\/l4r\/wp-content\/uploads\/2020\/01\/Aforos-1024x682.jpg 1024w, https:\/\/ecoblog.mcp.es\/l4r\/wp-content\/uploads\/2020\/01\/Aforos-300x200.jpg 300w, https:\/\/ecoblog.mcp.es\/l4r\/wp-content\/uploads\/2020\/01\/Aforos-768x512.jpg 768w, https:\/\/ecoblog.mcp.es\/l4r\/wp-content\/uploads\/2020\/01\/Aforos-600x400.jpg 600w, https:\/\/ecoblog.mcp.es\/l4r\/wp-content\/uploads\/2020\/01\/Aforos.jpg 1136w\" sizes=\"auto, (max-width: 1024px) 100vw, 1024px\" \/><\/figure>\n\n\n\n<p><strong>&#8211; Hemos&nbsp;le\u00eddo que ahora tienes muchas esperanzas con las nuevas generaciones. \u00bfQu\u00e9 ves en ellas de diferentes y de qu\u00e9 forma te est\u00e1s dedicando a ellas?<\/strong><\/p>\n\n\n\n<p>Si a ese dato de la duplicaci\u00f3n de la descarga glaciar en tan solo cuatro a\u00f1os, se le hubiera hecho caso en serio, se hubiera actuado en consecuencia, se hubiera movilizado la gente como lo hace ahora, hubi\u00e9ramos tenido mucho m\u00e1s tiempo para actuar. Pero no, hemos esperado hasta que ya tenemos encima las consecuencias. As\u00ed somos la gente adulta. Por eso mi \u00faltima esperanza son las nuevas generaciones. Si la juventud crece con la sensibilidad medioambiental interiorizada, el d\u00eda de ma\u00f1ana, cuando llegue a edad adulta, podr\u00e1 actuar coherentemente en su entorno. La soluci\u00f3n a la crisis medioambiental est\u00e1 en las peque\u00f1as acciones que crean grandes cosas.&nbsp;<\/p>\n\n\n\n<p>Al hilo de esto estamos creando campa\u00f1as de divulgaci\u00f3n espaciales para p\u00fablico infantil. Por ejemplo, recientemente hemos realizado el <strong>I Congreso Cient\u00edfico GLACKMA<\/strong> para escolares, con un \u00e9xito tremendo. Tambi\u00e9n acabamos de publicar el primer libro <a href=\"https:\/\/glackma.org\/tienda\/la-llamada-del-mar\/\">\u201cLa llamada del mar\u201d<\/a>, de la colecci\u00f3n \u201cIkianore, M\u00e1s All\u00e1 del Viento\u201d, que est\u00e1 destinado a edades comprendidas entre 6 y 111 a\u00f1os, porque su lectura atrapa de igual manera a peques y a mayores.&nbsp;&nbsp;Los beneficios obtenidos en las ventas van dedicados exclusivamente a <strong>GLACKMA<\/strong>, para ayudar a mantener operativas las estaciones de medida cuyos datos despu\u00e9s expondremos en charlas y acciones divulgativas en las que participaremos, comenzando as\u00ed de nuevo la rueda de la divulgaci\u00f3n. Despertar conciencias es algo que nos parece muy importante.<\/p>\n\n\n\n<p><strong>&#8211; Uno de los mensajes de tus charlas al que luego mucha gente responde es tu llamada a dejar una huella positiva en el planeta. \u00bfC\u00f3mo lo consigues?&nbsp;<\/strong><\/p>\n\n\n\n<p>Yo no creo que tenga una personalidad encantadora, simplemente vivo con pasi\u00f3n y esa actitud es la que me acompa\u00f1a siempre en mi trabajo, en mis investigaciones, en la divulgaci\u00f3n, en todo lo que hago en la vida. Creo que hoy en d\u00eda falta pasi\u00f3n en nuestra sociedad y quiz\u00e1s la gente lo perciba en mi naturalidad cuando hablo y de esa manera les llega el lema de <strong>GLACKMA<\/strong>: <strong>\u00a1Deja una huella positiva en el planeta!<\/strong><\/p>\n\n\n\n<figure class=\"wp-block-image size-large\"><img loading=\"lazy\" decoding=\"async\" width=\"1024\" height=\"682\" src=\"https:\/\/ecoblog.mcp.es\/l4r\/wp-content\/uploads\/2020\/01\/Primavera-1024x682.jpg\" alt=\"\" class=\"wp-image-26371\" srcset=\"https:\/\/ecoblog.mcp.es\/l4r\/wp-content\/uploads\/2020\/01\/Primavera-1024x682.jpg 1024w, https:\/\/ecoblog.mcp.es\/l4r\/wp-content\/uploads\/2020\/01\/Primavera-300x200.jpg 300w, https:\/\/ecoblog.mcp.es\/l4r\/wp-content\/uploads\/2020\/01\/Primavera-768x512.jpg 768w, https:\/\/ecoblog.mcp.es\/l4r\/wp-content\/uploads\/2020\/01\/Primavera-600x400.jpg 600w, https:\/\/ecoblog.mcp.es\/l4r\/wp-content\/uploads\/2020\/01\/Primavera.jpg 1136w\" sizes=\"auto, (max-width: 1024px) 100vw, 1024px\" \/><\/figure>\n\n\n\n<p><strong>&#8211; H\u00e1blanos de tu trabajo como investigadora, qu\u00e9 es lo m\u00e1s gratificante del mismo y tambi\u00e9n lo m\u00e1s dif\u00edcil.&nbsp;<\/strong><\/p>\n\n\n\n<p>Lo m\u00e1s gratificante es inmiscuirme en la belleza de la inmensidad y en la soledad de las regiones polares. Sentir en ellas la paz del planeta. Lo m\u00e1s dif\u00edcil, por el contrario, es la b\u00fasqueda continua de financiaci\u00f3n para mantener operativo un proyecto que lo \u00fanico que intenta es dejar un legado para las generaciones futuras.&nbsp;<\/p>\n\n\n\n<p><strong>&#8211; \u00bfNos puedes hablar de los proyectos m\u00e1s inmediatos de GLACKMA?<\/strong><strong><\/strong><\/p>\n\n\n\n<p>No s\u00e9 si es una utop\u00eda\u2026 Nuestro inter\u00e9s inmediato es mantener operativa alguna de las ocho estaciones de medida de descarga glaciar. Nos toca reponer los equipos de mediciones, pero nos encontramos sin financiaci\u00f3n alguna. Tambi\u00e9n tenemos en mente instalar un par de estaciones m\u00e1s nuevas: una en el \u00c1rtico y otra en la Ant\u00e1rtida, en glaciares donde antes el deshielo era m\u00ednimo. Ahora ese deshielo se ha incrementado de manera considerable y ser\u00eda muy adecuado poder seguir su evoluci\u00f3n con este indicador tan efectivo del cambio clim\u00e1tico.&nbsp;<\/p>\n\n\n\n<figure class=\"wp-block-image size-large\"><img loading=\"lazy\" decoding=\"async\" width=\"1024\" height=\"682\" src=\"https:\/\/ecoblog.mcp.es\/l4r\/wp-content\/uploads\/2020\/01\/Instalacion-1024x682.jpg\" alt=\"\" class=\"wp-image-26373\" srcset=\"https:\/\/ecoblog.mcp.es\/l4r\/wp-content\/uploads\/2020\/01\/Instalacion-1024x682.jpg 1024w, https:\/\/ecoblog.mcp.es\/l4r\/wp-content\/uploads\/2020\/01\/Instalacion-300x200.jpg 300w, https:\/\/ecoblog.mcp.es\/l4r\/wp-content\/uploads\/2020\/01\/Instalacion-768x512.jpg 768w, https:\/\/ecoblog.mcp.es\/l4r\/wp-content\/uploads\/2020\/01\/Instalacion-600x400.jpg 600w, https:\/\/ecoblog.mcp.es\/l4r\/wp-content\/uploads\/2020\/01\/Instalacion.jpg 1136w\" sizes=\"auto, (max-width: 1024px) 100vw, 1024px\" \/><\/figure>\n\n\n\n<p>Lucharemos para conseguir financiaci\u00f3n y as\u00ed conseguir dejar el legado de datos a las generaciones futuras, pero he de reconocer que se nos acaban las fuerzas.&nbsp;<\/p>\n\n\n\n<p><strong>&#8211; Para terminar, \u00bfqu\u00e9 responder\u00edas a quienes niegan el cambio clim\u00e1tico?<\/strong><strong><\/strong><\/p>\n\n\n\n<p>No les responder\u00eda. Lo que est\u00e1 claro es que el planeta va a seguir adelante con cambio clim\u00e1tico o sin \u00e9l. El problema lo tiene la especia humana que es la que realmente est\u00e1 en peligro.<\/p>\n","protected":false},"excerpt":{"rendered":"<p>Karmenka es una entusiasta investigadora y divulgadora que desde 2001 estudia, a trav\u00e9s de un m\u00e9todo \u00fanico en el mundo, c\u00f3mo se funde el hielo en ocho glaciares estrat\u00e9gicamente situados y lo que eso significa para el planeta. No ceja en su empe\u00f1o de convencernos en la necesidad de dejar huellas positivas en el planeta.<\/p>\n","protected":false},"author":2,"featured_media":26369,"comment_status":"open","ping_status":"closed","sticky":false,"template":"","format":"standard","meta":{"footnotes":""},"categories":[4],"tags":[4307,4305,4304,4306],"class_list":["post-26364","post","type-post","status-publish","format-standard","has-post-thumbnail","hentry","category-mundosostenible","tag-adolfo-eraso","tag-glaciologia","tag-glakma","tag-karmenka"],"aioseo_notices":[],"_links":{"self":[{"href":"https:\/\/ecoblog.mcp.es\/l4r\/wp-json\/wp\/v2\/posts\/26364","targetHints":{"allow":["GET"]}}],"collection":[{"href":"https:\/\/ecoblog.mcp.es\/l4r\/wp-json\/wp\/v2\/posts"}],"about":[{"href":"https:\/\/ecoblog.mcp.es\/l4r\/wp-json\/wp\/v2\/types\/post"}],"author":[{"embeddable":true,"href":"https:\/\/ecoblog.mcp.es\/l4r\/wp-json\/wp\/v2\/users\/2"}],"replies":[{"embeddable":true,"href":"https:\/\/ecoblog.mcp.es\/l4r\/wp-json\/wp\/v2\/comments?post=26364"}],"version-history":[{"count":8,"href":"https:\/\/ecoblog.mcp.es\/l4r\/wp-json\/wp\/v2\/posts\/26364\/revisions"}],"predecessor-version":[{"id":26380,"href":"https:\/\/ecoblog.mcp.es\/l4r\/wp-json\/wp\/v2\/posts\/26364\/revisions\/26380"}],"wp:featuredmedia":[{"embeddable":true,"href":"https:\/\/ecoblog.mcp.es\/l4r\/wp-json\/wp\/v2\/media\/26369"}],"wp:attachment":[{"href":"https:\/\/ecoblog.mcp.es\/l4r\/wp-json\/wp\/v2\/media?parent=26364"}],"wp:term":[{"taxonomy":"category","embeddable":true,"href":"https:\/\/ecoblog.mcp.es\/l4r\/wp-json\/wp\/v2\/categories?post=26364"},{"taxonomy":"post_tag","embeddable":true,"href":"https:\/\/ecoblog.mcp.es\/l4r\/wp-json\/wp\/v2\/tags?post=26364"}],"curies":[{"name":"wp","href":"https:\/\/api.w.org\/{rel}","templated":true}]}}