{"id":27203,"date":"2020-08-20T09:49:11","date_gmt":"2020-08-20T07:49:11","guid":{"rendered":"https:\/\/ecoblog.mcp.es\/l4r\/es\/?p=27203"},"modified":"2020-10-21T08:19:25","modified_gmt":"2020-10-21T06:19:25","slug":"curiosidades-en-el-paseo-botanico-de-los-depositos-de-mendillorri","status":"publish","type":"post","link":"https:\/\/ecoblog.mcp.es\/l4r\/curiosidades-en-el-paseo-botanico-de-los-depositos-de-mendillorri\/","title":{"rendered":"Curiosidades en el paseo bot\u00e1nico de los dep\u00f3sitos de Mendillorri"},"content":{"rendered":"\n<p>La colina de Mendillorri, donde se sit\u00faan los <a href=\"https:\/\/ecoblog.mcp.es\/l4r\/es\/pamplona-y-comarca-el-reto-de-abastecer-de-agua-a-una-poblacion-creciente\/\" target=\"_blank\" rel=\"noreferrer noopener\"><strong>dep\u00f3sitos de agua<\/strong><\/a> es un parque urbanizado que ofrece un paseo bot\u00e1nico con gran variedad de especies arb\u00f3reas y arbustivas identificadas. Adem\u00e1s, es el h\u00e1bitat de numerosas aves que viven temporal o permanentemente en la Comarca de Pamplona.&nbsp;<\/p>\n\n\n\n<p>De la mano de una de las t\u00e9cnicas del parque, hacemos un breve recorrido por un espacio que cuenta con tres miradores panor\u00e1micos sobre la Cuenca, un \u00e1rea de descanso con juegos infantiles&nbsp; y una zona de demostraci\u00f3n de jardiner\u00eda sostenible y compostaje dom\u00e9stico.<\/p>\n\n\n\n<figure><iframe loading=\"lazy\" width=\"560\" height=\"315\" src=\"https:\/\/www.youtube.com\/embed\/LE6KdZzq1Hk\" allowfullscreen=\"\"><\/iframe><\/figure>\n\n\n\n<p>A lo largo del camino nos toparemos con espino albar, un arbusto o arbolillo espinoso con curiosas historias asociadas al mismo y cuyos frutos, las manzanicas de pastor, son alimento para los p\u00e1jaros. Se trata de un \u00e1rbol aut\u00f3ctono de Navarra muy apreciado en la medicina popular por su hojas.<\/p>\n\n\n\n<p>El olmo tembl\u00f3n, muy parecido al olmo com\u00fan, tambi\u00e9n es una especie curiosa de este parque. Hace unos a\u00f1os, los olmos eran muy comunes en Pamplona y su Comarca. Sin embargo, la enfermedad de la graciosis redujo mucho su poblaci\u00f3n no solo en Navarra sino en toda Europa.&nbsp;<\/p>\n\n\n\n<p>Pero adem\u00e1s de especies naturales aut\u00f3ctonas, tambi\u00e9n podemos encontrar ejemplares ex\u00f3ticos y de otros pa\u00edses como una secuoya gigante o el ginkgo biloba. Este \u00faltimo es originario de China y especialmente vistoso en \u00e9pocas oto\u00f1ales. Se trata de un \u00e1rbol que puede llegar a vivir m\u00e1s de 1000 a\u00f1os y resistir los efectos de una bomba at\u00f3mica. En el v\u00eddeo se cuenta una historio curiosa referente a \u00e9l.<\/p>\n\n\n\n<p>Para<a href=\"https:\/\/www.mcp.es\/sites\/default\/files\/emp_actividades_sensibilizacion\/paseo\/descargas\/paseo_mendillorri.pdf\" target=\"_blank\" rel=\"noreferrer noopener\"><strong> disfrutar m\u00e1s del paseo<\/strong><\/a><a href=\"http:\/\/(https:\/\/www.mcp.es\/sites\/default\/files\/emp_actividades_sensibilizacion\/paseo\/descargas\/paseo_mendillorri.pdf)\" target=\"_blank\" rel=\"noreferrer noopener\"><strong> <\/strong><\/a> y tener una experiencia m\u00e1s personal, se puede solicitar en la Casa de las Aguas un pack de observaci\u00f3n de la naturaleza (excepto en tiempos de pandemia, claro): prism\u00e1ticos, una Gu\u00eda de aves y una lupa para ver insectos.\u00a0<\/p>\n\n\n\n<p>Recuerda que adem\u00e1s de este os hemos sugerido tambi\u00e9n recorrer otro <a href=\"https:\/\/ecoblog.mcp.es\/l4r\/es\/de-paseo-por-el-monte-ezkaba-ii\/\" target=\"_blank\" rel=\"noreferrer noopener\">espacio natural de la Comarca, el monte Ezkaba<\/a>. <\/p>\n\n\n\n<p>\u00bf<strong>Te animas a compartir con nosotros tus descubrimientos por estos espacios naturales?<\/strong><\/p>\n","protected":false},"excerpt":{"rendered":"<p>Los paseos por espacios naturales facilitan la oxigenaci\u00f3n, activan el metabolismo, agudizan los sentidos, mitigan el calor ambiental y facilitan huir de entornos ruidosos como los urbanos. Por estas y por otras razones paisaj\u00edsticas os animamos a recorrer el paseo bot\u00e1nico de los Dep\u00f3sitos de Mendillorri. <\/p>\n","protected":false},"author":2,"featured_media":27205,"comment_status":"open","ping_status":"closed","sticky":false,"template":"","format":"standard","meta":{"footnotes":""},"categories":[5],"tags":[3088,4454],"class_list":["post-27203","post","type-post","status-publish","format-standard","has-post-thumbnail","hentry","category-espaciospublicos","tag-depositos-de-mendillorri-es","tag-parque-botanico"],"aioseo_notices":[],"_links":{"self":[{"href":"https:\/\/ecoblog.mcp.es\/l4r\/wp-json\/wp\/v2\/posts\/27203","targetHints":{"allow":["GET"]}}],"collection":[{"href":"https:\/\/ecoblog.mcp.es\/l4r\/wp-json\/wp\/v2\/posts"}],"about":[{"href":"https:\/\/ecoblog.mcp.es\/l4r\/wp-json\/wp\/v2\/types\/post"}],"author":[{"embeddable":true,"href":"https:\/\/ecoblog.mcp.es\/l4r\/wp-json\/wp\/v2\/users\/2"}],"replies":[{"embeddable":true,"href":"https:\/\/ecoblog.mcp.es\/l4r\/wp-json\/wp\/v2\/comments?post=27203"}],"version-history":[{"count":7,"href":"https:\/\/ecoblog.mcp.es\/l4r\/wp-json\/wp\/v2\/posts\/27203\/revisions"}],"predecessor-version":[{"id":27345,"href":"https:\/\/ecoblog.mcp.es\/l4r\/wp-json\/wp\/v2\/posts\/27203\/revisions\/27345"}],"wp:featuredmedia":[{"embeddable":true,"href":"https:\/\/ecoblog.mcp.es\/l4r\/wp-json\/wp\/v2\/media\/27205"}],"wp:attachment":[{"href":"https:\/\/ecoblog.mcp.es\/l4r\/wp-json\/wp\/v2\/media?parent=27203"}],"wp:term":[{"taxonomy":"category","embeddable":true,"href":"https:\/\/ecoblog.mcp.es\/l4r\/wp-json\/wp\/v2\/categories?post=27203"},{"taxonomy":"post_tag","embeddable":true,"href":"https:\/\/ecoblog.mcp.es\/l4r\/wp-json\/wp\/v2\/tags?post=27203"}],"curies":[{"name":"wp","href":"https:\/\/api.w.org\/{rel}","templated":true}]}}