{"id":27453,"date":"2020-12-09T11:20:57","date_gmt":"2020-12-09T10:20:57","guid":{"rendered":"https:\/\/ecoblog.mcp.es\/l4r\/?p=27453"},"modified":"2020-12-09T11:20:58","modified_gmt":"2020-12-09T10:20:58","slug":"el-herbario-urbano-un-modo-de-reconectar-con-la-naturaleza-desde-el-asfalto","status":"publish","type":"post","link":"https:\/\/ecoblog.mcp.es\/l4r\/el-herbario-urbano-un-modo-de-reconectar-con-la-naturaleza-desde-el-asfalto\/","title":{"rendered":"El Herbario Urbano, un modo de reconectar con la naturaleza desde el asfalto"},"content":{"rendered":"\n<p>Seg\u00fan la revista \u201cNational Geographic\u201d (noviembre 2020), el 70% de las enfermedades humanas surgidas en los \u00faltimos 40 a\u00f1os son zoonosis, es decir, han saltado de los animales al ser humano. La gripe aviar, el sars, el \u00e9bola, la gripe porcina, y, por supuesto, la covid-19 son ejemplos de que la destrucci\u00f3n de los equilibrios naturales, aunque sean m\u00ednimos, siempre trae consecuencias. Por lo tanto, se puede afirmar que nuestra salud y la de la naturaleza est\u00e1n \u00edntimamente ligadas.<\/p>\n\n\n\n<p>Quiz\u00e1 por eso la creaci\u00f3n de espacios verdes en la ciudades y \u00e1mbitos urbanos ha cobrado especial importancia, porque constituyen lugares sanos y saludables que nos re-conectan con la naturaleza, tambi\u00e9n en medio del asfalto.<\/p>\n\n\n\n<p>La iniciativa de Marco Ranieri est\u00e1 \u00edntimamente ligada con esta reconexi\u00f3n. Artista ecologista italiano, vive desde 2008 en Valencia, donde trabaja generando proyectos art\u00edsticos con perspectivas ecol\u00f3gicas y sociales.&nbsp;\u201cMi trabajo est\u00e1 relacionado con la transformaci\u00f3n de la experiencia de la naturaleza en arte, con el di\u00e1logo con el territorio y sus agentes y energ\u00edas creadoras y con la recontextualizaci\u00f3n de conocimientos tradicionales y subalternos\u201d, explica.&nbsp;<\/p>\n\n\n\n<p>\u00c9l es el impulsor de <strong><a href=\"http:\/\/herbario-urbano.blogspot.com\/p\/el-proyecto.html\" target=\"_blank\" rel=\"noreferrer noopener\">\u201cHerbario Urbano\u201d<\/a><\/strong>, un proyecto art\u00edstico&nbsp;y ecol\u00f3gico&nbsp;activo en la ciudad de Valencia, que desde 2013 propone intervenciones art\u00edsticas, instalaciones, derivas, acciones y recorridos bot\u00e1nicos participativos.<a href=\"http:\/\/herbario-urbano.blogspot.com\/p\/el-proyecto.html\"> <\/a>\u201cEn nuestras ciudades las plantas brotan en cada mont\u00f3n de tierra acumulado en los rincones, grietas y fisuras. En cualquier lugar m\u00ednimamente&nbsp;favorable para la vida. Los solares abandonados y\/o en desuso se convierten en hotspots de biodiversidad, y las calles y espacios que los comunican sirven de corredor ecol\u00f3gico para la vegetaci\u00f3n espont\u00e1nea&nbsp;y la fauna auxiliar. En este proyecto, lo que hago es un estudio de la trama urbana para localizar solares abandonados o en desuso y los exploro para localizar aquellos que hospedan mayor biodiversidad vegetal. Tambi\u00e9n realizo esta investigaci\u00f3n en las calles adyacentes a estos solares para ver c\u00f3mo se expande esa biodiversidad y permea en los espacios colindantes. El siguiente paso es identificar las plantas, catalogarlas y recolectar muestras para la realizaci\u00f3n de un herbario. Finalmente, defino un recorrido para la realizaci\u00f3n de las derivas art\u00edstico-bot\u00e1nicas\u201d.<\/p>\n\n\n\n<p>As\u00ed que, con esa premisa, puso especial atenci\u00f3n&nbsp;en las plantas adventicias, generalmente agrupadas bajo el nombre despreciativo de&nbsp;<em>malas hierbas<\/em>,&nbsp;\u201cporque tradicionalmente se lucha contra ellas, pero en cambio tienen una gran importancia biol\u00f3gica\u201d.&nbsp;&nbsp;<\/p>\n\n\n\n<p>Con aquel acto consigui\u00f3 despertar el asombro participantes y viandantes que descubrieron unos elementos vegetales que hasta entonces les hab\u00eda pasado desapercibidos. Fue tal el \u00e9xito que, al margen de las visitas oficiales programadas dentro del festival, se tuvieron que realizar otras fuera de calendario, a grupos e individuos que lo solicitaron. \u201cDebido a que a las derivas acud\u00edan muchas personas que ten\u00edan conocimientos e intereses bot\u00e1nicos, estas se han&nbsp;convertido en recorridos participativos en los cuales cada persona aporta sus conocimientos y vivencias\u201d.&nbsp;<\/p>\n\n\n\n<p>En esos recorridos se han se\u00f1alado las plantas ecosistem\u00e1ticamente&nbsp;significativas y los&nbsp;<em>hotspots de biodiversidad urbana<\/em>, dando lugar a una simbiosis entre la deriva art\u00edstica y la interpretaci\u00f3n ambiental, que permite conocer la vegetaci\u00f3n urbana espontanea de las calles y solares atravesados. Helechos como la cabellera de Venus&nbsp;(<em>Adiantum capillus-veneris<\/em>),&nbsp;crassas como la&nbsp;<em>Kalanchoe<\/em>,&nbsp;&nbsp;otras comestibles como la cerraja tierna (<em>Sonchus tenerrimus<\/em>) y el cerraj\u00f3n (<em>Sonchus oleraceus<\/em>), algunas t\u00edpicas de las paredes como la hierba de campanario&nbsp;(<em>Cymbalaria muralis<\/em>)&nbsp;y la pelosilla&nbsp;(<em>Parietaria judaica<\/em>) y arboles ya de gran porte como el platanero europeo (<em>Platanus hispanica<\/em>) y la paulonia (<em>Paulownia tomentosa<\/em>)&nbsp;. Plantas tipicamente mediterraneas como la higuera (<em>Ficus carica)<\/em>, otras exoticas como el tabaco de jard\u00edn (<em>Nicotiana glauca).&nbsp;\u201c<\/em>Lo que m\u00e1s&nbsp;me ha sorprendido ha sido haber encontrado helechos&nbsp;t\u00edpicos de los r\u00edos y de las fuentes en calles que aparentemente est\u00e1n lejos del agua. Pero despu\u00e9s&nbsp;de haber realizado una peque\u00f1a investigaci\u00f3n he averiguado que en el pasado esos lugares fueron acequias, o que debajo esconden antiguos canales de agua, enterrados a consecuencia de la expansi\u00f3n urban\u00edstica\u201d.<\/p>\n\n\n\n<p>El entorno de Las Naves (antiguo PAI de la Avda. de Francia) ha sido otro de los puntos en el que el artista ha fijado su atenci\u00f3n y donde ha creado un jard\u00edn bot\u00e1nico (un recorrido verde donde los ejemplares m\u00e1s&nbsp;emblem\u00e1ticos\/significativos de cada especie encontrada han sido se\u00f1alados con carteles con el nombre cient\u00edfico&nbsp;y com\u00fan de la planta) y una gu\u00eda bot\u00e1nica de la vegetaci\u00f3n espont\u00e1nea. En el interior de Las Naves, adem\u00e1s, se expuso el herbario, as\u00ed como unas fichas explicativas de las plantas, y algunos prototipos de la propuesta de performance&nbsp;<em>Mobile dispersion points<\/em>, peque\u00f1os bolsillos de quita y pon consistentes en sacas port\u00e1tiles que cobijaban elementos vegetales vivos que pod\u00edan ser aplicados a la ropa.<\/p>\n\n\n\n<p>Por \u00faltimo, el proyecto art\u00edstico&nbsp;y ecol\u00f3gico&nbsp;<strong>HERBARIO URBANO<\/strong> se completa con otras intervenciones art\u00edsticas, instalaciones, derivas, acciones y recorridos bot\u00e1nicos participativos.&nbsp;Por ejemplo, a trav\u00e9s de <strong><a href=\"http:\/\/herbario-urbano.blogspot.com\/2020\/05\/vives-en-valencia-y-quieres-colaborar.html\" target=\"_blank\" rel=\"noreferrer noopener\">\u201cLa ventana Participativa\u201d<\/a><\/strong>, se invita a la ciudadan\u00eda a que, cuando observe una planta que ha crecido espont\u00e1nea en una calle, acera, balc\u00f3n, alcorque o jard\u00edn, la documente y env\u00ede una foto junto a la direcci\u00f3n\/ubicaci\u00f3n y, si lo desea, el nombre de quien realiza el hallazgo. \u201cEfectivamente. Tras la explosi\u00f3n de biodiversidad derivada del confinamiento, he decidido abrir este proyecto a aportaciones ciudadanas dando lugar a una ventana participativa, a trav\u00e9s de la cual las personas pueden enviarme fotograf\u00edas de la vegetaci\u00f3n espont\u00e1nea que encuentran en sus paseos por la ciudad de Valencia\u201d.&nbsp;<\/p>\n\n\n\n<p>Y de esta manera, la experiencia de la Naturaleza se convierte en arte en Valencia, de la mano de un artista que, a trav\u00e9s de la participaci\u00f3n, observaci\u00f3n y divulgaci\u00f3n, genera o renueva una vinculaci\u00f3n emp\u00e1tica entre personas y lugares. Porque \u201ccreo que la belleza de lo peque\u00f1o, lo fragmentado, lo impermanente, se puede ver como met\u00e1fora de nuestra propia vida\u201d.<\/p>\n","protected":false},"excerpt":{"rendered":"<p>Siempre la hemos sentido pero \u00faltimamente la necesidad de reconectar con la naturaleza se hace m\u00e1s imperiosa, incluso desde el propio asfalto. El artista italiano Marco Ranieri convierte la experiencia de la naturaleza en arte, a trav\u00e9s de la participaci\u00f3n, observaci\u00f3n y divulgaci\u00f3n. Cataloga las plantas capaces de nacer en grietas y ruinas de edificios antiguos y genera o renueva una vinculaci\u00f3n emp\u00e1tica entre personas y lugares. \u201cCreo que la belleza de lo peque\u00f1o, lo fragmentado, lo impermanente, se puede ver como met\u00e1fora de nuestra propia vida\u201d. <\/p>\n","protected":false},"author":7,"featured_media":27454,"comment_status":"open","ping_status":"closed","sticky":false,"template":"","format":"standard","meta":{"footnotes":""},"categories":[5],"tags":[7206,7202,7205,2432,7204,2456,7207,7203],"class_list":["post-27453","post","type-post","status-publish","format-standard","has-post-thumbnail","hentry","category-espaciospublicos","tag-ciudades-sostenibles","tag-herbario-urbano","tag-la-nave","tag-mancomunidad-de-la-comarca-de-pamplona-es","tag-marco-ranieri","tag-mcp-es","tag-naturaleza-urbana","tag-valencia"],"aioseo_notices":[],"_links":{"self":[{"href":"https:\/\/ecoblog.mcp.es\/l4r\/wp-json\/wp\/v2\/posts\/27453","targetHints":{"allow":["GET"]}}],"collection":[{"href":"https:\/\/ecoblog.mcp.es\/l4r\/wp-json\/wp\/v2\/posts"}],"about":[{"href":"https:\/\/ecoblog.mcp.es\/l4r\/wp-json\/wp\/v2\/types\/post"}],"author":[{"embeddable":true,"href":"https:\/\/ecoblog.mcp.es\/l4r\/wp-json\/wp\/v2\/users\/7"}],"replies":[{"embeddable":true,"href":"https:\/\/ecoblog.mcp.es\/l4r\/wp-json\/wp\/v2\/comments?post=27453"}],"version-history":[{"count":2,"href":"https:\/\/ecoblog.mcp.es\/l4r\/wp-json\/wp\/v2\/posts\/27453\/revisions"}],"predecessor-version":[{"id":27458,"href":"https:\/\/ecoblog.mcp.es\/l4r\/wp-json\/wp\/v2\/posts\/27453\/revisions\/27458"}],"wp:featuredmedia":[{"embeddable":true,"href":"https:\/\/ecoblog.mcp.es\/l4r\/wp-json\/wp\/v2\/media\/27454"}],"wp:attachment":[{"href":"https:\/\/ecoblog.mcp.es\/l4r\/wp-json\/wp\/v2\/media?parent=27453"}],"wp:term":[{"taxonomy":"category","embeddable":true,"href":"https:\/\/ecoblog.mcp.es\/l4r\/wp-json\/wp\/v2\/categories?post=27453"},{"taxonomy":"post_tag","embeddable":true,"href":"https:\/\/ecoblog.mcp.es\/l4r\/wp-json\/wp\/v2\/tags?post=27453"}],"curies":[{"name":"wp","href":"https:\/\/api.w.org\/{rel}","templated":true}]}}