{"id":27516,"date":"2021-01-25T09:00:00","date_gmt":"2021-01-25T08:00:00","guid":{"rendered":"https:\/\/ecoblog.mcp.es\/l4r\/?p=27516"},"modified":"2021-01-25T09:49:59","modified_gmt":"2021-01-25T08:49:59","slug":"clint-el-nuevo-material-extraido-del-residuo-textil-de-las-maquinas-secadoras","status":"publish","type":"post","link":"https:\/\/ecoblog.mcp.es\/l4r\/clint-el-nuevo-material-extraido-del-residuo-textil-de-las-maquinas-secadoras\/","title":{"rendered":"Clint, el nuevo material extra\u00eddo del residuo textil de las m\u00e1quinas secadoras"},"content":{"rendered":"\n<p>La pelusa y otros residuos textiles que quedan en las m\u00e1quinas secadoras de las lavander\u00edas (borra) se pueden convertir en un recurso que se puede transformar en un material similar al cart\u00f3n. De esta manera, este tipo de residuo textil se incluye dentro de la econom\u00eda circular, evitando as\u00ed la generaci\u00f3n de 1500 kg de residuos semanales s\u00f3lo en Catalu\u00f1a.<\/p>\n\n\n\n<p>Este nuevo material se llama Clint y nace del \u00e1nimo de promover el desarrollo profesional de j\u00f3venes a trav\u00e9s de proyectos y encargos reales que tienen dos entidades como <strong><a href=\"https:\/\/www.elisava.net\/\" target=\"_blank\" rel=\"noreferrer noopener\">Elisava<\/a><\/strong>, la Escuela Universitaria de Dise\u00f1o e Ingenier\u00eda de Barcelona, y Girbau Lab, la plataforma de innovaci\u00f3n abierta de Girbau (compa\u00f1\u00eda l\u00edder mundial en soluciones integrales de lavander\u00eda industrial). El objetivo es ofrecer oportunidades laborales.<\/p>\n\n\n\n<figure class=\"wp-block-embed-vimeo aligncenter wp-block-embed is-type-video is-provider-vimeo wp-embed-aspect-16-9 wp-has-aspect-ratio\"><div class=\"wp-block-embed__wrapper\">\n<iframe loading=\"lazy\" title=\"Elisava + Girbau\" src=\"https:\/\/player.vimeo.com\/video\/474626123?dnt=1&amp;app_id=122963\" width=\"680\" height=\"383\" frameborder=\"0\" allow=\"autoplay; fullscreen; picture-in-picture\" allowfullscreen><\/iframe>\n<\/div><\/figure>\n\n\n\n<p>Marta Galofr\u00e9, Gerard Bel, Laia Moras, Dami\u00e0 Cus\u00ed y Marina Sevillano conforman el equipo de estudiantes que ha desarrollado el proyecto y que cursan el Grado en Ingenier\u00eda de Dise\u00f1o Industrial y del Programa de Estudios Simult\u00e1neos de <strong><a href=\"https:\/\/www.elisava.net\/\" target=\"_blank\" rel=\"noreferrer noopener\">Elisava<\/a><\/strong>.<\/p>\n\n\n\n<div class=\"wp-block-image\"><figure class=\"aligncenter size-large\"><img loading=\"lazy\" decoding=\"async\" width=\"400\" height=\"267\" src=\"https:\/\/ecoblog.mcp.es\/l4r\/wp-content\/uploads\/2021\/01\/pekgrupo.jpg\" alt=\"\" class=\"wp-image-27517\" srcset=\"https:\/\/ecoblog.mcp.es\/l4r\/wp-content\/uploads\/2021\/01\/pekgrupo.jpg 400w, https:\/\/ecoblog.mcp.es\/l4r\/wp-content\/uploads\/2021\/01\/pekgrupo-300x200.jpg 300w\" sizes=\"auto, (max-width: 400px) 100vw, 400px\" \/><\/figure><\/div>\n\n\n\n<p>La raz\u00f3n que impuls\u00f3 a este grupo de j\u00f3venes a buscar una salida a este tipo de residuos fue la de observar que, diariamente, las m\u00e1quinas de Girbau lavan en todo el mundo alrededor de 25.000 toneladas de ropa y que, en el caso concreto de Catalu\u00f1a, se estima que las lavander\u00edas industriales generan 1.500 kg de residuo a la semana. \u2018Clint\u2019, por lo tanto, es un nuevo material vers\u00e1til y reciclable, fabricado a partir de esos residuos textiles. Cumple varias funciones. Por un lado, consigue reducir el residuo, y por otro, lo revaloriza, ya que le da nuevas aplicaciones. De esta manera, se refuerzan los modelos de circularidad que reducen el impacto medioambiental de las actividades industriales.<\/p>\n\n\n\n<div class=\"wp-block-image\"><figure class=\"aligncenter size-large\"><img loading=\"lazy\" decoding=\"async\" width=\"400\" height=\"267\" src=\"https:\/\/ecoblog.mcp.es\/l4r\/wp-content\/uploads\/2021\/01\/Pekcubeta.jpg\" alt=\"\" class=\"wp-image-27519\" srcset=\"https:\/\/ecoblog.mcp.es\/l4r\/wp-content\/uploads\/2021\/01\/Pekcubeta.jpg 400w, https:\/\/ecoblog.mcp.es\/l4r\/wp-content\/uploads\/2021\/01\/Pekcubeta-300x200.jpg 300w\" sizes=\"auto, (max-width: 400px) 100vw, 400px\" \/><\/figure><\/div>\n\n\n\n<div class=\"wp-block-image\"><figure class=\"aligncenter size-large\"><img loading=\"lazy\" decoding=\"async\" width=\"400\" height=\"267\" src=\"https:\/\/ecoblog.mcp.es\/l4r\/wp-content\/uploads\/2021\/01\/pekcubetaalumnos.jpg\" alt=\"\" class=\"wp-image-27518\" srcset=\"https:\/\/ecoblog.mcp.es\/l4r\/wp-content\/uploads\/2021\/01\/pekcubetaalumnos.jpg 400w, https:\/\/ecoblog.mcp.es\/l4r\/wp-content\/uploads\/2021\/01\/pekcubetaalumnos-300x200.jpg 300w\" sizes=\"auto, (max-width: 400px) 100vw, 400px\" \/><\/figure><\/div>\n\n\n\n<p>Adem\u00e1s de avanzar hacia el residuo cero, el proyecto tambi\u00e9n ha servido para recuperar procesos artesanales para llegar a soluciones de transformaci\u00f3n del residuo textil en nuevas aplicaciones materiales. Tal y como nos explica Marta Galofr\u00e9, alumna de <strong><a href=\"https:\/\/www.elisava.net\/\" target=\"_blank\" rel=\"noreferrer noopener\">Elisava<\/a><\/strong> y portavoz del proyecto, \u201cen la parte de transformaci\u00f3n del residuo en nuevo material, hemos trabajado con el Mol\u00ed Paperer de Capellades, un centro de conocimiento sobre la producci\u00f3n artesanal de papel en base a fibras textiles, y con Letter Cotton, un taller de impresi\u00f3n creativa que nos ha ayudado a conseguir la aplicaci\u00f3n final sobre el pen-drive as\u00ed como a ejecutar el grafismo\u201d.<\/p>\n\n\n\n<p>Las aplicaciones que el nuevo material Clint puede ofrecer son muy amplias y diferentes, puesto que son una alternativa innovadora ante el uso de materiales pl\u00e1sticos y objetos de papel o cart\u00f3n que ya existen. \u201cEntre otras opciones, &#8216;Clint&#8217; podr\u00eda sustituir el uso de materiales pl\u00e1sticos para producir carcasas de pendrives o ser utilizado para papeler\u00eda o packaging\u201d, anuncia Galofr\u00e9.<\/p>\n\n\n\n<div class=\"wp-block-image\"><figure class=\"aligncenter size-large\"><img loading=\"lazy\" decoding=\"async\" width=\"400\" height=\"267\" src=\"https:\/\/ecoblog.mcp.es\/l4r\/wp-content\/uploads\/2021\/01\/PekElisava-Girbau-Clint-2.jpg\" alt=\"\" class=\"wp-image-27520\" srcset=\"https:\/\/ecoblog.mcp.es\/l4r\/wp-content\/uploads\/2021\/01\/PekElisava-Girbau-Clint-2.jpg 400w, https:\/\/ecoblog.mcp.es\/l4r\/wp-content\/uploads\/2021\/01\/PekElisava-Girbau-Clint-2-300x200.jpg 300w\" sizes=\"auto, (max-width: 400px) 100vw, 400px\" \/><\/figure><\/div>\n\n\n\n<div class=\"wp-block-image\"><figure class=\"aligncenter size-large\"><img loading=\"lazy\" decoding=\"async\" width=\"400\" height=\"267\" src=\"https:\/\/ecoblog.mcp.es\/l4r\/wp-content\/uploads\/2021\/01\/peklaminas.jpg\" alt=\"\" class=\"wp-image-27521\" srcset=\"https:\/\/ecoblog.mcp.es\/l4r\/wp-content\/uploads\/2021\/01\/peklaminas.jpg 400w, https:\/\/ecoblog.mcp.es\/l4r\/wp-content\/uploads\/2021\/01\/peklaminas-300x200.jpg 300w\" sizes=\"auto, (max-width: 400px) 100vw, 400px\" \/><\/figure><\/div>\n\n\n\n<p>M\u00e1s all\u00e1 de estos usos, la gesti\u00f3n del residuo de borra mitiga tambi\u00e9n los efectos nocivos que los tejidos y sus micro-pl\u00e1sticos provocan en el medio, tanto acu\u00e1tico como a\u00e9reo. \u201cLa reutilizaci\u00f3n de estos residuos permitir\u00e1n minimizar su impacto medioambiental y favorecer un proceso de lavado sostenible\u201d, recuerda Galofr\u00e9.<\/p>\n\n\n\n<p>A pesar de todas sus ventajas, a\u00fan habr\u00e1 que esperar para ver este material en el mercado. \u201cNo estamos en fase de comercializaci\u00f3n. De momento el uso del nuevo material es a nivel interno de Girbau\u201d, concluye Marta Galofr\u00e9.<\/p>\n\n\n\n<p>Sin embargo, su existencia constituye una buena noticia en s\u00ed misma porque refleja la sensibilizaci\u00f3n medioambiental tanto a nivel industrial como educativo.<\/p>\n\n\n\n<div class=\"wp-block-image\"><figure class=\"aligncenter size-large\"><img loading=\"lazy\" decoding=\"async\" width=\"400\" height=\"267\" src=\"https:\/\/ecoblog.mcp.es\/l4r\/wp-content\/uploads\/2021\/01\/pektaller.jpg\" alt=\"\" class=\"wp-image-27522\" srcset=\"https:\/\/ecoblog.mcp.es\/l4r\/wp-content\/uploads\/2021\/01\/pektaller.jpg 400w, https:\/\/ecoblog.mcp.es\/l4r\/wp-content\/uploads\/2021\/01\/pektaller-300x200.jpg 300w\" sizes=\"auto, (max-width: 400px) 100vw, 400px\" \/><\/figure><\/div>\n\n\n\n<div class=\"wp-block-image\"><figure class=\"aligncenter size-large\"><img loading=\"lazy\" decoding=\"async\" width=\"400\" height=\"267\" src=\"https:\/\/ecoblog.mcp.es\/l4r\/wp-content\/uploads\/2021\/01\/pekcriba.jpg\" alt=\"\" class=\"wp-image-27523\" srcset=\"https:\/\/ecoblog.mcp.es\/l4r\/wp-content\/uploads\/2021\/01\/pekcriba.jpg 400w, https:\/\/ecoblog.mcp.es\/l4r\/wp-content\/uploads\/2021\/01\/pekcriba-300x200.jpg 300w\" sizes=\"auto, (max-width: 400px) 100vw, 400px\" \/><\/figure><\/div>\n\n\n\n<div class=\"wp-block-image\"><figure class=\"aligncenter size-large\"><img loading=\"lazy\" decoding=\"async\" width=\"300\" height=\"400\" src=\"https:\/\/ecoblog.mcp.es\/l4r\/wp-content\/uploads\/2021\/01\/PekAlumnos-de-Elisava-en-Moli-Paperer-2.jpg\" alt=\"\" class=\"wp-image-27524\" srcset=\"https:\/\/ecoblog.mcp.es\/l4r\/wp-content\/uploads\/2021\/01\/PekAlumnos-de-Elisava-en-Moli-Paperer-2.jpg 300w, https:\/\/ecoblog.mcp.es\/l4r\/wp-content\/uploads\/2021\/01\/PekAlumnos-de-Elisava-en-Moli-Paperer-2-225x300.jpg 225w\" sizes=\"auto, (max-width: 300px) 100vw, 300px\" \/><\/figure><\/div>\n\n\n\n<div class=\"wp-block-image\"><figure class=\"aligncenter size-large\"><img loading=\"lazy\" decoding=\"async\" width=\"400\" height=\"267\" src=\"https:\/\/ecoblog.mcp.es\/l4r\/wp-content\/uploads\/2021\/01\/Pek2alum.jpg\" alt=\"\" class=\"wp-image-27525\" srcset=\"https:\/\/ecoblog.mcp.es\/l4r\/wp-content\/uploads\/2021\/01\/Pek2alum.jpg 400w, https:\/\/ecoblog.mcp.es\/l4r\/wp-content\/uploads\/2021\/01\/Pek2alum-300x200.jpg 300w\" sizes=\"auto, (max-width: 400px) 100vw, 400px\" \/><\/figure><\/div>\n","protected":false},"excerpt":{"rendered":"<p>La pelusa y otros residuos textiles que quedan en las m\u00e1quinas secadoras de las lavander\u00edas (borra) siempre se han tratado as\u00ed, como residuo inservible. Sin embargo, ahora, estudiantes de la Escuela Universitaria de Dise\u00f1o e Ingenier\u00eda de Barcelona (Elisava), en colaboraci\u00f3n con Girbau Lab, una plataforma de innovaci\u00f3n abierta de la industria de la lavander\u00eda, han hecho posible que se conviertan en un recurso que se puede transformar en un material similar al cart\u00f3n.<br \/>\nEl nuevo material se llama Clint y se utiliza en la industria papelera como papeler\u00eda o packaging. Adem\u00e1s, se est\u00e1n estudiando otras aplicaciones como la fabricaci\u00f3n de carcasas de pendrives.<\/p>\n","protected":false},"author":7,"featured_media":27526,"comment_status":"open","ping_status":"closed","sticky":false,"template":"","format":"standard","meta":{"footnotes":""},"categories":[2305],"tags":[7257,7261,7259,7260,7255,7256,7262,2432,7263,7258,2456],"class_list":["post-27516","post","type-post","status-publish","format-standard","has-post-thumbnail","hentry","category-residuos4r","tag-clint","tag-damia-cusi","tag-elisava","tag-escuela-universitaria-de-diseno-e-ingenieria-de-barcelona","tag-gerard-bel","tag-girbau-lab","tag-laia-moras","tag-mancomunidad-de-la-comarca-de-pamplona-es","tag-marina-sevillano","tag-marta-galofre","tag-mcp-es"],"aioseo_notices":[],"_links":{"self":[{"href":"https:\/\/ecoblog.mcp.es\/l4r\/wp-json\/wp\/v2\/posts\/27516","targetHints":{"allow":["GET"]}}],"collection":[{"href":"https:\/\/ecoblog.mcp.es\/l4r\/wp-json\/wp\/v2\/posts"}],"about":[{"href":"https:\/\/ecoblog.mcp.es\/l4r\/wp-json\/wp\/v2\/types\/post"}],"author":[{"embeddable":true,"href":"https:\/\/ecoblog.mcp.es\/l4r\/wp-json\/wp\/v2\/users\/7"}],"replies":[{"embeddable":true,"href":"https:\/\/ecoblog.mcp.es\/l4r\/wp-json\/wp\/v2\/comments?post=27516"}],"version-history":[{"count":4,"href":"https:\/\/ecoblog.mcp.es\/l4r\/wp-json\/wp\/v2\/posts\/27516\/revisions"}],"predecessor-version":[{"id":27558,"href":"https:\/\/ecoblog.mcp.es\/l4r\/wp-json\/wp\/v2\/posts\/27516\/revisions\/27558"}],"wp:featuredmedia":[{"embeddable":true,"href":"https:\/\/ecoblog.mcp.es\/l4r\/wp-json\/wp\/v2\/media\/27526"}],"wp:attachment":[{"href":"https:\/\/ecoblog.mcp.es\/l4r\/wp-json\/wp\/v2\/media?parent=27516"}],"wp:term":[{"taxonomy":"category","embeddable":true,"href":"https:\/\/ecoblog.mcp.es\/l4r\/wp-json\/wp\/v2\/categories?post=27516"},{"taxonomy":"post_tag","embeddable":true,"href":"https:\/\/ecoblog.mcp.es\/l4r\/wp-json\/wp\/v2\/tags?post=27516"}],"curies":[{"name":"wp","href":"https:\/\/api.w.org\/{rel}","templated":true}]}}