{"id":27595,"date":"2021-02-16T13:29:40","date_gmt":"2021-02-16T12:29:40","guid":{"rendered":"https:\/\/ecoblog.mcp.es\/l4r\/?p=27595"},"modified":"2021-03-03T09:43:59","modified_gmt":"2021-03-03T08:43:59","slug":"agotzenea-un-centro-en-equilibrio-con-la-naturaleza-y-el-entorno","status":"publish","type":"post","link":"https:\/\/ecoblog.mcp.es\/l4r\/agotzenea-un-centro-en-equilibrio-con-la-naturaleza-y-el-entorno\/","title":{"rendered":"Agotzenea, un centro en equilibrio con la naturaleza y el entorno"},"content":{"rendered":"\n<p>Bioconstrucci\u00f3n,&nbsp;agricultura org\u00e1nica,&nbsp;ecolog\u00eda&nbsp;y gesti\u00f3n forestal.&nbsp;Una oferta formativa, donde el alumnado obtiene conocimientos te\u00f3ricos y pr\u00e1cticos basada en&nbsp;talleres y cursos,&nbsp;un punto de&nbsp;investigaci\u00f3n, divulgaci\u00f3n&nbsp;y actividades tur\u00edsticas, l\u00fadicas o de reuni\u00f3n.&nbsp;Huertas ecol\u00f3gicas, puntos de autogesti\u00f3n de residuos y producci\u00f3n y autoabastecimiento de energ\u00eda. Todo esto es Agotzenea, un proyecto de emprendimiento llevado a cabo por los vecinos de Zubiri&nbsp;Urtzi Arrieta Pu\u00f1al&nbsp;y&nbsp;Ander Magall\u00f3n Lusarreta que est\u00e1 en equilibrio con la naturaleza y con el entorno.<\/p>\n\n\n\n<p>La sede de su microcooperativa, situada a un kil\u00f3metro de Zubiri es obra del arquitecto I\u00f1aki Urkia, quien ha dise\u00f1ado una casa pasiva&nbsp;con materiales naturales como madera, tierra, paja, piedra o cal,&nbsp;y que sus promotores se han encargado de construir.&nbsp;<\/p>\n\n\n\n<p>Aunque el proyecto arranc\u00f3 en 2018, la idea surgi\u00f3 hace m\u00e1s de siete a\u00f1os. \u201cSent\u00edamos la idea de crear nuestros propios puestos de trabajo vinculados a un tema que nos apasionaba y estuviesen ubicados en nuestro valle\u201d, recuerdan sus promotores. Movidos por ese inter\u00e9s comenzaron a formarse, a definir la idea y a pulir temas clave como la b\u00fasqueda del terreno,&nbsp;la aceptaci\u00f3n de los permisos, la financiaci\u00f3n, etc.\u201cTodo ello, y las ganas de divulgar la necesidad de hacer las cosas de forma diferente a la que ve\u00edamos ya agotada nos ayud\u00f3 a hacer realizar el proyecto\u201d.<\/p>\n\n\n\n<p>Tras varios a\u00f1os de un trabajo intenso y de dedicaci\u00f3n exclusiva \u201cen los que no hemos recibido ning\u00fan tipo de remuneraci\u00f3n\u201d, Agotzenea vio la luz y permiti\u00f3 que sus promotores se sintieran muy satisfechos \u201cal ver todo lo que hemos conseguido y sentir el reconocimiento de la gente de nuestro alrededor\u201d.&nbsp;<\/p>\n\n\n\n<p>Hoy por hoy Agotzenea es un recurso did\u00e1ctico en s\u00ed mismo, donde se imparte formaci\u00f3n en colaboraci\u00f3n con el Servicio Navarro de Empleo, el CENIFER, el SEPE y el Centro Integrado FP Donibane entre otros. \u201cEn 2020 construimos una vivienda desde el principio gracias a uno de estos cursos\u201d.&nbsp;<\/p>\n\n\n\n<p>Adem\u00e1s, presta servicio de asesor\u00eda a promotores de proyectos que necesitan un empuje en las fases iniciales. \u201cNos gusta sentir que hemos ayudado a gente a cumplir sus objetivos\u201d.&nbsp;<\/p>\n\n\n\n<p>Sin olvidar, por supuesto, la gesti\u00f3n del propio centro, un edificio de 450 metros cuadrados, adem\u00e1s de tres caba\u00f1as de 35 metros cuadrados. \u201cTodo ello est\u00e1 construido con materiales naturales y nos sirve de sede para albergar cursos, organizar actividades tur\u00edsticas, cuidar de nuestra huerta ecol\u00f3gica y de albergue\u201d..<\/p>\n\n\n\n<p>Pero su labor no se detiene ah\u00ed. En la actualidad est\u00e1 trabajando con el gobierno de Navarra para intentar lanzar una propuesta de colaboraci\u00f3n para este 2021, que tiene como objetivo crear un proyecto piloto para la rehabilitaci\u00f3n de casas situadas en el Pirineo. \u201cQueremos centrarnos en la bioconstrucci\u00f3n y en la econom\u00eda circular, adem\u00e1s de dar cobertura a la gente que a posteriori ocupar\u00e1 esas viviendas\u201d.<\/p>\n\n\n\n<p>Echando la vista atr\u00e1s y dirigi\u00e9ndola hacia delante, Urtzi Arrieta Pu\u00f1al&nbsp;y&nbsp;Ander Magall\u00f3n Lusarreta se sienten satisfechos de ir cumpliendo los objetivos que se hab\u00edan marcado al principio,<strong> \u201c<\/strong>a veces, incluso m\u00e1s ampliamente de lo que habr\u00edamos esperado\u201d. Sin embargo, reconocen que todo se ha retrasado algo con respecto a la idea inicial que ten\u00edan, ya que, al ser una cooperativa de s\u00f3lo dos miembros \u201cnos tenemos que encargar de todo solos y los d\u00edas siguen teniendo 24 horas\u201d.<\/p>\n\n\n\n<p>Pero el esfuerzo merece la pena, y m\u00e1s cuando hablamos de una actividad y de un modo de vida que vela por el respeto y el cuidado del medioambiente.&nbsp;<\/p>\n\n\n\n<p><\/p>\n\n\n\n<p><\/p>\n\n\n\n<p><\/p>\n\n\n\n<p><\/p>\n\n\n\n<p><\/p>\n\n\n\n<p><\/p>\n\n\n\n<p><\/p>\n\n\n\n<p><\/p>\n\n\n\n<p><\/p>\n\n\n\n<p><\/p>\n","protected":false},"excerpt":{"rendered":"<p>Que dos j\u00f3venes promotores se pongan de acuerdo para cumplir un sue\u00f1o, siempre es una buena noticia. Que ese proyecto vele por el cuidado y el respeto al medio ambiente, es, adem\u00e1s, para aplaudir. Este es el caso de Agotzenea, un proyecto que nace de la necesidad \u201cde crear nuestros propios puestos de trabajo, vinculados a un tema que nos apasionaba y ubicados en nuestro valle\u201d. O dicho de otro modo, bioconstrucci\u00f3n, agricultura org\u00e1nica, ecolog\u00eda y gesti\u00f3n forestal, junto a una oferta formativa, todo en uno.<\/p>\n","protected":false},"author":7,"featured_media":27624,"comment_status":"open","ping_status":"closed","sticky":false,"template":"","format":"standard","meta":{"footnotes":""},"categories":[5],"tags":[7305,7289,7286,2432,2456,7307,7306],"class_list":["post-27595","post","type-post","status-publish","format-standard","has-post-thumbnail","hentry","category-espaciospublicos","tag-agotzenea","tag-bioconstruccion","tag-inaki-urkia","tag-mancomunidad-de-la-comarca-de-pamplona-es","tag-mcp-es","tag-valle-de-esteribar","tag-zubiri"],"aioseo_notices":[],"_links":{"self":[{"href":"https:\/\/ecoblog.mcp.es\/l4r\/wp-json\/wp\/v2\/posts\/27595","targetHints":{"allow":["GET"]}}],"collection":[{"href":"https:\/\/ecoblog.mcp.es\/l4r\/wp-json\/wp\/v2\/posts"}],"about":[{"href":"https:\/\/ecoblog.mcp.es\/l4r\/wp-json\/wp\/v2\/types\/post"}],"author":[{"embeddable":true,"href":"https:\/\/ecoblog.mcp.es\/l4r\/wp-json\/wp\/v2\/users\/7"}],"replies":[{"embeddable":true,"href":"https:\/\/ecoblog.mcp.es\/l4r\/wp-json\/wp\/v2\/comments?post=27595"}],"version-history":[{"count":4,"href":"https:\/\/ecoblog.mcp.es\/l4r\/wp-json\/wp\/v2\/posts\/27595\/revisions"}],"predecessor-version":[{"id":27604,"href":"https:\/\/ecoblog.mcp.es\/l4r\/wp-json\/wp\/v2\/posts\/27595\/revisions\/27604"}],"wp:featuredmedia":[{"embeddable":true,"href":"https:\/\/ecoblog.mcp.es\/l4r\/wp-json\/wp\/v2\/media\/27624"}],"wp:attachment":[{"href":"https:\/\/ecoblog.mcp.es\/l4r\/wp-json\/wp\/v2\/media?parent=27595"}],"wp:term":[{"taxonomy":"category","embeddable":true,"href":"https:\/\/ecoblog.mcp.es\/l4r\/wp-json\/wp\/v2\/categories?post=27595"},{"taxonomy":"post_tag","embeddable":true,"href":"https:\/\/ecoblog.mcp.es\/l4r\/wp-json\/wp\/v2\/tags?post=27595"}],"curies":[{"name":"wp","href":"https:\/\/api.w.org\/{rel}","templated":true}]}}