{"id":27606,"date":"2021-02-25T10:52:40","date_gmt":"2021-02-25T09:52:40","guid":{"rendered":"https:\/\/ecoblog.mcp.es\/l4r\/?p=27606"},"modified":"2021-03-25T08:30:56","modified_gmt":"2021-03-25T07:30:56","slug":"personalidad-juridica-para-el-rio","status":"publish","type":"post","link":"https:\/\/ecoblog.mcp.es\/l4r\/personalidad-juridica-para-el-rio\/","title":{"rendered":"Personalidad jur\u00eddica para el r\u00edo"},"content":{"rendered":"\n<p>Seg\u00fan cuenta una leyenda de Aotearoa (Nueva Zelanda para el pueblo Maor\u00ed), el Padre Cielo derram\u00f3 una l\u00e1grima sobre Ruapehu, la monta\u00f1a m\u00e1s alta de la Isla del Norte, y as\u00ed naci\u00f3 el r\u00edo Whanganui.<\/p>\n\n\n\n<p>A lo largo de 290 kil\u00f3metros este r\u00edo recorre parte del Parque Nacional Tongariro y desde tiempos lejanos ha servido de despensa a las tribus maor\u00edes que se asentaban en su rivera. Tambi\u00e9n de botiqu\u00edn e incluso de v\u00eda de comunicaci\u00f3n y transporte. Las tribus conoc\u00edan a la perfecci\u00f3n todos los r\u00e1pidos del r\u00edo; toda la fauna de la que se nutr\u00edan, incluidas las anguilas, su alimento b\u00e1sico; y, por supuesto, todos los esp\u00edritus guardianes que velaban por su seguridad a los que llamaban taniwha. De hecho, siempre consideraron al r\u00edo, al awa, un r\u00edo sagrado con el que se identificaban. Lo ve\u00edan como una persona, como un antepasado. Formaba parte de su identidad, de su familia y de su cultura.<\/p>\n\n\n\n<p>Pero en el siglo XIX llegaron los colonos europeos y todo cambi\u00f3. Se desvi\u00f3 su cabecera para llevar a cabo un proyecto hidroel\u00e9ctrico; desaparecieron los r\u00e1pidos para dejar paso a grandes avenidas fluviales por las que pudieran transitar los barcos tur\u00edsticos; se extrajo parte del fondo para utilizarlo en la construcci\u00f3n de carreteras y v\u00edas f\u00e9rreas; la desembocadura se transform\u00f3 en cloaca; y la propiedad del r\u00edo pas\u00f3 a manos del Estado para poder desarrollar la industria minera.<\/p>\n\n\n\n<p>Para la poblaci\u00f3n maor\u00ed aquello supuso una gran afrenta. Tuvo que ser testigo de c\u00f3mo se menospreciaba y se obviaba toda una filosof\u00eda de vida en la que la naturaleza formaba parte de su vida. Para las tribus maor\u00edes todos los seres vivos e inertes de la naturaleza comparten el mismo origen, el cielo y la tierra, y ninguno est\u00e1 por encima de otro. Los seres humanos tampoco. Todos, sin excepci\u00f3n, son merecedores de cuidado, respeto y protecci\u00f3n.<\/p>\n\n\n\n<p>Por eso, durante m\u00e1s de un siglo, el pueblo maor\u00ed ha permanecido firme en su reivindicaci\u00f3n de reconocer al r\u00edo como un ser vivo merecedor de todos los derechos y obligaciones de cualquier persona. Hasta que el 20 de marzo de 2017 el gobierno le dio la raz\u00f3n. Ese d\u00eda, el parlamento aprob\u00f3 una ley a trav\u00e9s de la cual le otorgaba personalidad jur\u00eddica al r\u00edo Whanganui. As\u00ed, el r\u00edo y todos sus elementos quedaban configurados como un todo indivisible e inviolable.<\/p>\n\n\n\n<p>Esto marc\u00f3 jurisprudencia e hizo posible que el parque nacional de Te Urewera tambi\u00e9n fuera merecedor del mismo tratamiento y que se estudiara hacer lo propio con el monte Taranaki. Adem\u00e1s, fuera de Nueva Zelanda ha habido otros intentos de modificar la legislaci\u00f3n para proteger a los r\u00edos Ganges y Yamuna en la India o al lago Erie de Ohio (Estados Unidos).<\/p>\n\n\n\n<p>Sin embargo, el pueblo maor\u00ed advierte que esto no es la soluci\u00f3n. Que, sin duda, es un paso importante aprobar una legislaci\u00f3n que proteja la naturaleza, pero que lo que realmente es necesario es cambiar de mentalidad y de actitud. Que lo que nos exige el medioambiente no son leyes, sino responsabilidad.<\/p>\n\n\n\n<p>Y puede que haya llegado el momento de hacerle caso.<\/p>\n\n\n\n<p id=\"block-6469dec2-c5b5-483a-b593-2ee7f22beac0\">*Con motivo de la celebraci\u00f3n del D\u00eda Internacional del Agua 2021, dedicamos una serie de post de este Ecoblog al lema del a\u00f1o \u201c\u00bfQu\u00e9 es el agua para ti?\u201d (#water2me). Esta es la lista de art\u00edculos que, junto a este, publicamos (clicar encima de cada t\u00edtulo):<\/p>\n\n\n\n<p id=\"block-6adf092a-51ab-4710-82ce-5e433269546d\">1.- <a href=\"https:\/\/ecoblog.mcp.es\/l4r\/contaminacion-acustica-en-los-oceanos\/\"><strong>Contaminaci\u00f3n ac\u00fastica en los oc\u00e9anos<\/strong><\/a><\/p>\n\n\n\n<p id=\"block-bf35982d-04dd-40a2-ab21-51c7e31843a8\">2.- <strong><a href=\"https:\/\/ecoblog.mcp.es\/l4r\/recuerdos-de-nuestros-rios\/\">Recuerdos de nuestros r\u00edos<\/a><\/strong><\/p>\n\n\n\n<p id=\"block-d24178b4-92a9-4063-99ae-0bf594ae8607\">3.- <strong><a href=\"https:\/\/ecoblog.mcp.es\/l4r\/tarjetas-bancarias-a-partir-de-residuos-oceanicos\/\">Tarjetas bancarias a partir de residuos oce\u00e1nicos<\/a><\/strong><\/p>\n\n\n\n<p id=\"block-5b086f60-bc41-4bc2-a4f8-efdee4a0e890\">4.- <a href=\"https:\/\/ecoblog.mcp.es\/l4r\/entre-el-mar-y-la-tierra\/\"><strong>Entre el mar y la tierra<\/strong><\/a><\/p>\n\n\n\n<p id=\"block-7ab8ed00-ba10-42a1-8066-08d8aa876dcd\">5.- <a href=\"https:\/\/ecoblog.mcp.es\/l4r\/mama-tengo-sed\/\"><strong>Mam\u00e1, tengo sed<\/strong><\/a><\/p>\n\n\n\n<p id=\"block-a81847cd-d6f1-48a2-a73b-d2146e59671e\">6.<strong>&#8211; <a href=\"https:\/\/ecoblog.mcp.es\/l4r\/como-se-siembran-las-nubes\/\">\u00bfC\u00f3mo se siembran las nubes?<\/a><\/strong><\/p>\n\n\n\n<p id=\"block-2c84e525-4d36-4660-bdc2-4c0da7a17972\">7.- <a href=\"https:\/\/ecoblog.mcp.es\/l4r\/de-como-el-agua-que-bebemos-se-convierte-en-fuente-de-energia\/\"><strong>De c\u00f3mo el agua que bebemos se convierte en fuente de energ\u00eda<\/strong><\/a><\/p>\n\n\n\n<p>8.- <a href=\"https:\/\/ecoblog.mcp.es\/l4r\/cuando-el-agua-es-fundamental-para-tu-trabajo\/\"><strong>Cuando el agua es fundamental para tu trabajo<\/strong><\/a><\/p>\n","protected":false},"excerpt":{"rendered":"<p>El 20 de marzo de 2017 el parlamento de Nueva Zelanda aprob\u00f3 una ley a trav\u00e9s de la cual otorg\u00f3 personalidad jur\u00eddica al r\u00edo Whanganui. As\u00ed, el r\u00edo y todos sus elementos quedaban configurado como un todo indivisible e inviolable.<br \/>\nEsto marc\u00f3 jurisprudencia e hizo posible que dentro y fuera del pa\u00eds se estudiara hacer lo propio con otros r\u00edos, lagos y montes.<br \/>\nSin embargo, el pueblo maor\u00ed advierte que esto no es la soluci\u00f3n. Que lo que realmente se necesita es cambiar la mentalidad y la actitud. Que lo que nos exige el medioambiente no son leyes, sino responsabilidad.<\/p>\n","protected":false},"author":7,"featured_media":27607,"comment_status":"open","ping_status":"closed","sticky":false,"template":"","format":"standard","meta":{"footnotes":""},"categories":[3],"tags":[7310,2432,2456,7312,7313,7311,7314,7380,7309],"class_list":["post-27606","post","type-post","status-publish","format-standard","has-post-thumbnail","hentry","category-agua","tag-aotearoa","tag-mancomunidad-de-la-comarca-de-pamplona-es","tag-mcp-es","tag-nueva-zelanda","tag-parque-nacional-tongariro","tag-pueblo-maori","tag-ruapehu","tag-water2me","tag-whanganui"],"aioseo_notices":[],"_links":{"self":[{"href":"https:\/\/ecoblog.mcp.es\/l4r\/wp-json\/wp\/v2\/posts\/27606","targetHints":{"allow":["GET"]}}],"collection":[{"href":"https:\/\/ecoblog.mcp.es\/l4r\/wp-json\/wp\/v2\/posts"}],"about":[{"href":"https:\/\/ecoblog.mcp.es\/l4r\/wp-json\/wp\/v2\/types\/post"}],"author":[{"embeddable":true,"href":"https:\/\/ecoblog.mcp.es\/l4r\/wp-json\/wp\/v2\/users\/7"}],"replies":[{"embeddable":true,"href":"https:\/\/ecoblog.mcp.es\/l4r\/wp-json\/wp\/v2\/comments?post=27606"}],"version-history":[{"count":3,"href":"https:\/\/ecoblog.mcp.es\/l4r\/wp-json\/wp\/v2\/posts\/27606\/revisions"}],"predecessor-version":[{"id":27724,"href":"https:\/\/ecoblog.mcp.es\/l4r\/wp-json\/wp\/v2\/posts\/27606\/revisions\/27724"}],"wp:featuredmedia":[{"embeddable":true,"href":"https:\/\/ecoblog.mcp.es\/l4r\/wp-json\/wp\/v2\/media\/27607"}],"wp:attachment":[{"href":"https:\/\/ecoblog.mcp.es\/l4r\/wp-json\/wp\/v2\/media?parent=27606"}],"wp:term":[{"taxonomy":"category","embeddable":true,"href":"https:\/\/ecoblog.mcp.es\/l4r\/wp-json\/wp\/v2\/categories?post=27606"},{"taxonomy":"post_tag","embeddable":true,"href":"https:\/\/ecoblog.mcp.es\/l4r\/wp-json\/wp\/v2\/tags?post=27606"}],"curies":[{"name":"wp","href":"https:\/\/api.w.org\/{rel}","templated":true}]}}