{"id":27646,"date":"2021-03-15T08:00:00","date_gmt":"2021-03-15T07:00:00","guid":{"rendered":"https:\/\/ecoblog.mcp.es\/l4r\/?p=27646"},"modified":"2021-03-25T08:36:10","modified_gmt":"2021-03-25T07:36:10","slug":"recuerdos-de-nuestros-rios","status":"publish","type":"post","link":"https:\/\/ecoblog.mcp.es\/l4r\/recuerdos-de-nuestros-rios\/","title":{"rendered":"Recuerdos de nuestros r\u00edos"},"content":{"rendered":"\n<p><strong><em>\u201cNinguna persona entra en el mismo r\u00edo dos veces, porque no ser\u00e1 el mismo r\u00edo y ella no ser\u00e1 la misma persona\u201d.<\/em>&nbsp;<\/strong> Her\u00e1clito de \u00c9feso<\/p>\n\n\n\n<p>Que el agua es fundamental para nuestra vida nos lo han ense\u00f1ado desde la escuela. Sabemos que el cuerpo humano es aproximadamente un 60% agua (un 70% si nos fijamos en alg\u00fan \u00f3rgano en concreto como el cerebro); o que un 70% de nuestro planeta est\u00e1 compuesto por agua, pero que muy poca de ella es dulce y disponible para el consumo humano.<\/p>\n\n\n\n<p>Todo esto, en general, lo tenemos m\u00e1s que claro; pero el agua significa cosas distintas para cada persona dependiendo de su origen, de su edad, etc.&nbsp;<\/p>\n\n\n\n<p>Por ejemplo, las personas que viven cerca de un r\u00edo suelen desarrollar lazos con \u00e9l a trav\u00e9s de las experiencias que viven en sus orillas o aguas: regar huertas, pescar, ba\u00f1arse, hacer ejercicio en los paseos fluviales cercanos a sus orillas o, simplemente, relajarse.<\/p>\n\n\n\n<p>Cuanto m\u00e1s atr\u00e1s viajamos en el tiempo, m\u00e1s parte de nuestra historia reflejan esas vivencias: aquellas piedras que se tiraban al r\u00edo para ver qui\u00e9n consegu\u00eda la txipi-txapa m\u00e1s larga, o las piscinas de piedra en las orillas para reunir cabezones;  tambi\u00e9n las pozas m\u00e1s hondas que eran las predilectas para zambullirse en ellas previo salto desde las ramas de un \u00e1rbol\u2026<\/p>\n\n\n\n<p>En una parte de la exposici\u00f3n \u201cHermano R\u00edo\u201d en el Molino de San Andr\u00e9s (Villava, Navarra) se recogen los testimonios de hombres y mujeres que viv\u00edan y viven en las orillas del Arga y del Ultzama y que describen costumbres que ya han desaparecido.<\/p>\n\n\n\n<p>Sagrario Murillo, de Arre explica, por ejemplo, c\u00f3mo en la orilla del r\u00edo Ultzama hab\u00eda una piedra a la que llamaban la piedra de Cecilia, porque era la que usaba una lavandera llamada Cecilia para lavar la ropa. Sagrario tambi\u00e9n recuerda c\u00f3mo ella misma lavaba con cuidado en el r\u00edo los pa\u00f1ales de sus hermanos peque\u00f1os, sec\u00e1ndolos al sol sobre las piedras de la orilla.&nbsp;<\/p>\n\n\n\n<p>Otros habitantes de estos r\u00edos tambi\u00e9n nos cuentan historias sobre la abundante pesca que hab\u00eda de barbos, cangrejos&#8230; tanta, que permit\u00eda vivir de ello a algunas familias. Y tambi\u00e9n, por supuesto, se recogen las aventuras de pescadores furtivos, huyendo de la autoridad.&nbsp;<\/p>\n\n\n\n<p>La familia de \u00c1ngel y Mari Carmen era quien viv\u00eda en el Molino de San Andr\u00e9s, antes de que se convirtiera en centro de informaci\u00f3n. Los dos hermanos nos regalan bonitos recuerdos de su infancia, de esos tiempos felices de juegos y de apuros que pasaba la familia cada vez que el r\u00edo crec\u00eda y hab\u00eda inundaciones. \u201dYo tendr\u00eda 3 a\u00f1os -cuenta \u00c1ngel-. En aquel tiempo la entrada estaba muy diferente a lo que hoy vemos. Vino una riada de tal magnitud que el Gobernador Civil baj\u00f3 con los bomberos con la idea de desalojarnos de la casa. Los bomberos, usando una barca y una soga, quisieron acercar al Gobernador al molino, pero no lo consiguieron. Aqu\u00ed delante hab\u00eda un barrac\u00f3n, y ante esa situaci\u00f3n, los bomberos colocaron all\u00ed un cami\u00f3n con su escalera, que un\u00eda la carretera con el barrac\u00f3n, y por all\u00ed nos obligaron a salir. Ser\u00edan las 2 de la ma\u00f1ana\u201d.<\/p>\n\n\n\n<p>Remontando el Arga llegamos a la localidad de Zubiri, etapa del Camino de Santiago. All\u00ed encontramos el Puente de la Rabia y Alberto Santesteban nos cuenta el origen de su nombre: \u201cAnta\u00f1o la gente ten\u00eda mucha fe. Yo he conocido traer desde Ardaitz, y tambi\u00e9n desde otros sitios, algunos animales, principalmente cabras y ovejas, adem\u00e1s de alguna yegua y alguna vaca. Los met\u00edan en el agua y les hac\u00edan dar tres vueltas alrededor del pilar central, y dec\u00edan que, de esa manera, si les iba a morder el perro, a la hora de morder se ca\u00edan para atr\u00e1s y no les mord\u00edan; de esa manera se libraban de la rabia\u201d.<\/p>\n\n\n\n<p>Estos son algunos de los testimonios de personas que han vivido siempre cerca de los r\u00edos Arga y Ultzama, en pueblos como Villava, Arre, Eugi, Zubiri o Iraizoz. Aunque esos usos de los r\u00edos hayan quedado atr\u00e1s, las gentes de estos pueblos a\u00fan siguen usando el agua del r\u00edo para regar, pescar y para refrescarse en verano. El r\u00edo y sus aguas, por lo tanto, siguen siendo importantes en sus vidas y su cuidado se ha convertido en algo fundamental.<\/p>\n\n\n\n<p>Por eso, cuando los caminantes urbanos paseamos por nuestro parque fluvial debemos percibir la importancia del entorno y la necesidad de preservarlo .<\/p>\n\n\n\n<p>*Con motivo de la celebraci\u00f3n del D\u00eda Internacional del Agua 2021, dedicamos una serie de post de este Ecoblog al lema del a\u00f1o \u00ab\u00bfQu\u00e9 es el agua para ti?\u00bb (#water2me). Esta es la lista de art\u00edculos que, junto a este,  publicamos (clicar encima de cada t\u00edtulo):<\/p>\n\n\n\n<p>1.- <a href=\"https:\/\/ecoblog.mcp.es\/l4r\/contaminacion-acustica-en-los-oceanos\/\"><strong>Contaminaci\u00f3n ac\u00fastica en los oc\u00e9anos<\/strong><\/a><\/p>\n\n\n\n<p>2.- <a href=\"https:\/\/ecoblog.mcp.es\/l4r\/tarjetas-bancarias-a-partir-de-residuos-oceanicos\/\"><strong>Tarjetas bancarias a partir de residuos oce\u00e1nicos<\/strong><\/a><\/p>\n\n\n\n<p>3.- <a href=\"https:\/\/ecoblog.mcp.es\/l4r\/entre-el-mar-y-la-tierra\/\"><strong>Entre el mar y la tierra<\/strong><\/a><\/p>\n\n\n\n<p>4.- <a href=\"https:\/\/ecoblog.mcp.es\/l4r\/mama-tengo-sed\/\"><strong>Mam\u00e1, tengo sed<\/strong><\/a><\/p>\n\n\n\n<p>5.- <a href=\"https:\/\/ecoblog.mcp.es\/l4r\/como-se-siembran-las-nubes\/\"><strong>\u00bfC\u00f3mo se siembran las nubes?<\/strong><\/a><\/p>\n\n\n\n<p>6.- <a href=\"https:\/\/ecoblog.mcp.es\/l4r\/de-como-el-agua-que-bebemos-se-convierte-en-fuente-de-energia\/\"><strong>De c\u00f3mo el agua que bebemos se convierte en fuente de energ\u00eda<\/strong><\/a><\/p>\n\n\n\n<p>7.- <a href=\"https:\/\/ecoblog.mcp.es\/l4r\/personalidad-juridica-para-el-rio\/\"><strong>Personalidad jur\u00eddica para el r\u00edo<\/strong><\/a><\/p>\n\n\n\n<p>8.- <a href=\"https:\/\/ecoblog.mcp.es\/l4r\/cuando-el-agua-es-fundamental-para-tu-trabajo\/\"><strong>Cuando el agua es fundamental para tu trabajo<\/strong><\/a><\/p>\n","protected":false},"excerpt":{"rendered":"<p>Que el agua es fundamental para nuestra vida nos lo han ense\u00f1ado desde la escuela. Pero que el agua tiene un significado diferente para cada persona dependiendo de su origen, edad, actividad o vivencias es algo que descubrimos diariamente.<br \/>\nEl agua nos habla de historia, de costumbres, de vida.  <\/p>\n","protected":false},"author":7,"featured_media":27647,"comment_status":"open","ping_status":"closed","sticky":false,"template":"","format":"standard","meta":{"footnotes":""},"categories":[3],"tags":[7362,7360,7361,7359,2432,2456,3092,7363,7191,7380,7306],"class_list":["post-27646","post","type-post","status-publish","format-standard","has-post-thumbnail","hentry","category-agua","tag-arga","tag-arre","tag-eugi","tag-iraizoz","tag-mancomunidad-de-la-comarca-de-pamplona-es","tag-mcp-es","tag-molino-de-san-andres-es","tag-ulzama","tag-villava-2","tag-water2me","tag-zubiri"],"aioseo_notices":[],"_links":{"self":[{"href":"https:\/\/ecoblog.mcp.es\/l4r\/wp-json\/wp\/v2\/posts\/27646","targetHints":{"allow":["GET"]}}],"collection":[{"href":"https:\/\/ecoblog.mcp.es\/l4r\/wp-json\/wp\/v2\/posts"}],"about":[{"href":"https:\/\/ecoblog.mcp.es\/l4r\/wp-json\/wp\/v2\/types\/post"}],"author":[{"embeddable":true,"href":"https:\/\/ecoblog.mcp.es\/l4r\/wp-json\/wp\/v2\/users\/7"}],"replies":[{"embeddable":true,"href":"https:\/\/ecoblog.mcp.es\/l4r\/wp-json\/wp\/v2\/comments?post=27646"}],"version-history":[{"count":3,"href":"https:\/\/ecoblog.mcp.es\/l4r\/wp-json\/wp\/v2\/posts\/27646\/revisions"}],"predecessor-version":[{"id":27730,"href":"https:\/\/ecoblog.mcp.es\/l4r\/wp-json\/wp\/v2\/posts\/27646\/revisions\/27730"}],"wp:featuredmedia":[{"embeddable":true,"href":"https:\/\/ecoblog.mcp.es\/l4r\/wp-json\/wp\/v2\/media\/27647"}],"wp:attachment":[{"href":"https:\/\/ecoblog.mcp.es\/l4r\/wp-json\/wp\/v2\/media?parent=27646"}],"wp:term":[{"taxonomy":"category","embeddable":true,"href":"https:\/\/ecoblog.mcp.es\/l4r\/wp-json\/wp\/v2\/categories?post=27646"},{"taxonomy":"post_tag","embeddable":true,"href":"https:\/\/ecoblog.mcp.es\/l4r\/wp-json\/wp\/v2\/tags?post=27646"}],"curies":[{"name":"wp","href":"https:\/\/api.w.org\/{rel}","templated":true}]}}