{"id":27740,"date":"2021-04-15T08:00:00","date_gmt":"2021-04-15T06:00:00","guid":{"rendered":"https:\/\/ecoblog.mcp.es\/l4r\/?p=27740"},"modified":"2021-03-30T09:07:02","modified_gmt":"2021-03-30T07:07:02","slug":"la-carrasca-que-no-quiso-recibir-los-favores-de-las-brujas","status":"publish","type":"post","link":"https:\/\/ecoblog.mcp.es\/l4r\/la-carrasca-que-no-quiso-recibir-los-favores-de-las-brujas\/","title":{"rendered":"La carrasca que no quiso recibir los favores de las brujas"},"content":{"rendered":"\n<p>La&nbsp;Carrasca Milenaria de Lecina (Huesca-Arag\u00f3n), el Pl\u00e1tano de Curinga (Italia) y el antiguo \u00e1rbol sicomoro (Rusia) son \u00e1rboles emblem\u00e1ticos y de gran valor, pero s\u00f3lo uno de ellos ha sido elegido \u00c1rbol Europeo del A\u00f1o, despu\u00e9s de haber competido con otros ejemplares de 15 pa\u00edses distintos.<\/p>\n\n\n\n<p>Cuando a las 15.20 horas del 17 de marzo se dio a conocer el ganador del concurso, la&nbsp;alegr\u00eda&nbsp;se desat\u00f3 entre los vecinos y vecinas de&nbsp;Lecina, que se hab\u00edan reunido en la plaza de la localidad para conocer en directo el resultado de las votaciones.&nbsp;<\/p>\n\n\n\n<p>La Carrasca oscense, con sus 16,5 metros de altura y 28 metros de di\u00e1metro en su copa fue la m\u00e1s votada (104.264 votos)<strong>, <\/strong>muy por delante de los 78.210 y de los 66.026 votos obtenidos por los otros dos finalistas. Se convert\u00eda as\u00ed en el primer ejemplar espa\u00f1ol en ganar esta competici\u00f3n, adem\u00e1s de ser el que m\u00e1s votos hab\u00eda obtenido en la historia del certamen.<\/p>\n\n\n\n<p>El \u00e1rbol milenario, situado en B\u00e1rcabo, municipio de la comarca del Sobrarbe, entr\u00f3 en el certamen europeo despu\u00e9s de ser elegido en noviembre de 2020 como el mejor ejemplar espa\u00f1ol y tras ser nombrado&nbsp;\u00c1rbol Singular de Arag\u00f3n.<\/p>\n\n\n\n<p>Estos galardones<strong> <\/strong>premian, por lo general, ejemplares singulares por su edad, su tama\u00f1o, su belleza. Pero tambi\u00e9n por su historia y por la relaci\u00f3n afectiva con las personas. Y este \u00faltimo punto ha sido clave para que esta carrasca fuera merecedora del t\u00edtulo europeo.<\/p>\n\n\n\n<p>Seg\u00fan explican desde la oficina de Promoci\u00f3n de Sobrarbe \u00abesta encina es muy importante para nosotros. Primero por su belleza y por llevar m\u00e1s de mil a\u00f1os aqu\u00ed; y segundo porque puede servir de reclamos para conocer esta zona que ofrece muchos atractivos. Desde el <strong><a href=\"https:\/\/www.turismosobrarbe.com\/patrimonio.php?niv=3&amp;cla=_3BV0TA2YE&amp;cla2=_3BV0TAIRM&amp;cla3=_3BV0TVQLE&amp;tip=3&amp;idi=1y\" target=\"_blank\" rel=\"noreferrer noopener\">propio patrimonio cultural tradicional del pueblo de Lecina<\/a><\/strong> hasta el de pueblos cercanos como <strong><a href=\"https:\/\/www.turismosobrarbe.com\/patrimonio.php?niv=3&amp;cla=_3BV0TA2YE&amp;cla2=_3BV0TAIRM&amp;cla3=_3BV0TVPP9&amp;tip=3&amp;idi=1\" target=\"_blank\" rel=\"noreferrer noopener\">Betorz<\/a><\/strong> o <strong><a href=\"https:\/\/www.turismosobrarbe.com\/rutasmegaliticas\/conts_enclaves_ficha.php?idi=1&amp;niv=ARTE_5&amp;cla=_3J90JTJ0Q&amp;cla2=_3J50TWOQB\" rel=\"nofollow\">Almazorre <\/a><\/strong>con su esconjuradero, ruta de los dolmenes, etc\u2026\u00bb<\/p>\n\n\n\n<figure class=\"wp-block-image size-large\"><img loading=\"lazy\" decoding=\"async\" width=\"750\" height=\"498\" src=\"https:\/\/ecoblog.mcp.es\/l4r\/wp-content\/uploads\/2021\/03\/ramas.jpg\" alt=\"\" class=\"wp-image-27750\" srcset=\"https:\/\/ecoblog.mcp.es\/l4r\/wp-content\/uploads\/2021\/03\/ramas.jpg 750w, https:\/\/ecoblog.mcp.es\/l4r\/wp-content\/uploads\/2021\/03\/ramas-300x199.jpg 300w, https:\/\/ecoblog.mcp.es\/l4r\/wp-content\/uploads\/2021\/03\/ramas-600x398.jpg 600w\" sizes=\"auto, (max-width: 750px) 100vw, 750px\" \/><\/figure>\n\n\n\n<p>Sin embargo, este sentimiento de aprecio local y cari\u00f1o no s\u00f3lo se manifest\u00f3 durante el plazo de votaciones, sino que viene de anta\u00f1o, no en vano la salv\u00f3 del hacha mientras sus hermanas se aprovechaban para hacer carb\u00f3n vegetal.<\/p>\n\n\n\n<p>La leyenda local, no obstante, sostiene otra versi\u00f3n. Parece que hace miles de a\u00f1os la comarca estuvo rodeada de impenetrables carrascales que serv\u00edan de refugio a animales salvajes y brujas. Los \u00e1rboles se mostraban encantados ante la naturaleza de sus habitantes porque eso les preven\u00eda de la presencia humana que tem\u00edan penetrar en el bosque en busca de le\u00f1a o bellotas.<\/p>\n\n\n\n<p>La m\u00e1s joven de las carrascas, sin embargo, se mostraba disgustada, porque su amado bosque gozaba de muy mala fama. Lo consideraba injusto y as\u00ed lo manifestaba a los ejemplares de m\u00e1s edad quienes no disimulaban su enfado. Las discusiones eran frecuentes hasta hacerse insoportables, lo que provoc\u00f3 que las brujas decidieran marcharse.<\/p>\n\n\n\n<p>Antes de emprender su camino, quisieron agradecer a las carrascas m\u00e1s viejas el apoyo que les hab\u00edan prestado y les concedieron un deseo. As\u00ed, un grupo de \u00e1rboles pidi\u00f3 convertirse en oro, otro en cristal y otro gozar de deliciosa fragancia.<\/p>\n\n\n\n<p>La peque\u00f1a carrasca, por su parte, se mantuvo al margen de todos los grupos. Fue la \u00fanica que no dese\u00f3 ser diferente a lo que era.<\/p>\n\n\n\n<p>Los deseos fueron concedidos y las brujas desaparecieron del entorno. Fue entonces cuando una gran tormenta desol\u00f3 el paisaje y provoc\u00f3 la ruptura de los \u00e1rboles de cristal. El viento transport\u00f3 la fragancia de las encinas perfumadas a los olfatos de \u00e1vidos animales que se las comieron. Y, cuando despu\u00e9s de la tormenta vino la calma, el reflejo del sol en el oro atrajo a los habitantes de los pueblos cercanos que desmenuzaron las viejas carrascas doradas.<\/p>\n\n\n\n<p>De aquel inmenso bosque, por lo tanto, s\u00f3lo qued\u00f3 con vida, el m\u00e1s joven de los ejemplares que, desde entonces, se gan\u00f3 el respeto y el cari\u00f1o de propios y extra\u00f1os.<\/p>\n\n\n\n<figure class=\"wp-block-image size-large\"><img loading=\"lazy\" decoding=\"async\" width=\"664\" height=\"1000\" src=\"https:\/\/ecoblog.mcp.es\/l4r\/wp-content\/uploads\/2021\/03\/vertical-1.jpg\" alt=\"\" class=\"wp-image-27751\" srcset=\"https:\/\/ecoblog.mcp.es\/l4r\/wp-content\/uploads\/2021\/03\/vertical-1.jpg 664w, https:\/\/ecoblog.mcp.es\/l4r\/wp-content\/uploads\/2021\/03\/vertical-1-199x300.jpg 199w, https:\/\/ecoblog.mcp.es\/l4r\/wp-content\/uploads\/2021\/03\/vertical-1-600x904.jpg 600w\" sizes=\"auto, (max-width: 664px) 100vw, 664px\" \/><\/figure>\n\n\n\n<p>Ahora que ya es adulta ha sido nombrada el \u00c1rbol Europeo 2021. Su familia propietaria pide ahora que se cuide a su querida &#8216;Casta\u00f1era&#8217;, mientras que responsables de la pol\u00edtica se comprometen a llevar a cabo un plan de gesti\u00f3n para salvaguardar el ejemplar. El Parque Cultural del R\u00edo Vero por su parte informa al turista los fines de semana sobre las caracter\u00edsticos de este \u00e1rbol y sobre buenas pr\u00e1cticas a la hora de visitar espacios naturales.<\/p>\n\n\n\n<p>Esperemos que no tengan que volver las brujas para que este tesoro natural siga disfrutando de su esplendor sin sufrir inconveniente alguno por estar cerca de humanos.<\/p>\n\n\n\n<hr class=\"wp-block-separator\"\/>\n\n\n\n<p><strong>\u00bfSab\u00edas que &#8230;<\/strong><\/p>\n\n\n\n<ul class=\"wp-block-list\"><li><strong><a href=\"https:\/\/www.turismosobrarbe.com\/descubresobrarbe\/ficha.php?cla=_3HY0VV3SB&amp;idi=1&amp;cat=_3DY045YQV&amp;nom=PATRIMONIO%20CULTURAL\" target=\"_blank\" rel=\"noreferrer noopener\">Ruta de las casetas de pastores:<\/a><\/strong>  a lo largo de la carretera de Lecina a Betorz se localizan varias de estas construcciones?<\/li><\/ul>\n\n\n\n<figure class=\"wp-block-image size-large\"><img loading=\"lazy\" decoding=\"async\" width=\"1000\" height=\"664\" src=\"https:\/\/ecoblog.mcp.es\/l4r\/wp-content\/uploads\/2021\/03\/CasetaPastor.jpg\" alt=\"\" class=\"wp-image-27753\" srcset=\"https:\/\/ecoblog.mcp.es\/l4r\/wp-content\/uploads\/2021\/03\/CasetaPastor.jpg 1000w, https:\/\/ecoblog.mcp.es\/l4r\/wp-content\/uploads\/2021\/03\/CasetaPastor-300x199.jpg 300w, https:\/\/ecoblog.mcp.es\/l4r\/wp-content\/uploads\/2021\/03\/CasetaPastor-768x510.jpg 768w, https:\/\/ecoblog.mcp.es\/l4r\/wp-content\/uploads\/2021\/03\/CasetaPastor-600x398.jpg 600w\" sizes=\"auto, (max-width: 1000px) 100vw, 1000px\" \/><\/figure>\n\n\n\n<ul class=\"wp-block-list\"><li><strong><a href=\"https:\/\/www.turismosobrarbe.com\/patrimoniomundial\/conts_enclaves_ficha.php?idi=1&amp;niv=ARTE_5&amp;cla=_3J90JTJ0Q&amp;cla2=_3J50TVLX6\" target=\"_blank\" rel=\"noreferrer noopener\">Covachos de Pinturas rupestres, Patrimonio Mundial UNESCO:&nbsp;<\/a><\/strong> en las localidades de Barfaluy, Lecina Superior y Gallinero existen estos restos que son <strong><a href=\"https:\/\/www.turismosobrarbe.com\/patrimoniomundial\/conts_enclaves_ficha.php?idi=1&amp;niv=ARTE_1&amp;cla=_3IY1DIX6C&amp;cla2=_3J50QPX6F\" target=\"_blank\" rel=\"noreferrer noopener\">Patrimonio Mundial de la Unesco<\/a><\/strong>?<\/li><\/ul>\n\n\n\n<figure class=\"wp-block-image size-large\"><img loading=\"lazy\" decoding=\"async\" width=\"1024\" height=\"768\" src=\"https:\/\/ecoblog.mcp.es\/l4r\/wp-content\/uploads\/2021\/03\/P1150540-1024x768.jpg\" alt=\"\" class=\"wp-image-27754\" srcset=\"https:\/\/ecoblog.mcp.es\/l4r\/wp-content\/uploads\/2021\/03\/P1150540-1024x768.jpg 1024w, https:\/\/ecoblog.mcp.es\/l4r\/wp-content\/uploads\/2021\/03\/P1150540-300x225.jpg 300w, https:\/\/ecoblog.mcp.es\/l4r\/wp-content\/uploads\/2021\/03\/P1150540-768x576.jpg 768w, https:\/\/ecoblog.mcp.es\/l4r\/wp-content\/uploads\/2021\/03\/P1150540-600x450.jpg 600w, https:\/\/ecoblog.mcp.es\/l4r\/wp-content\/uploads\/2021\/03\/P1150540.jpg 1280w\" sizes=\"auto, (max-width: 1024px) 100vw, 1024px\" \/><\/figure>\n\n\n\n<ul class=\"wp-block-list\"><li><strong><a href=\"https:\/\/www.geoparquepirineos.com\/contenidos.php?niv=1&amp;cla=_2OA1CD0KM&amp;cla2=_3RH0XP0D7&amp;cla3=_4DM10AW8C&amp;tip=3&amp;pla=0&amp;idi=1\" target=\"_blank\" rel=\"noreferrer noopener\">Geo-Ruta del R\u00edo Vero:<\/a><\/strong> existe un itinerario del Geoparque Mundial UNESCO Sobrarbe-Pirineos interpretado geol\u00f3gicamente?<\/li><\/ul>\n\n\n\n<figure class=\"wp-block-image size-large\"><img loading=\"lazy\" decoding=\"async\" width=\"1024\" height=\"680\" src=\"https:\/\/ecoblog.mcp.es\/l4r\/wp-content\/uploads\/2021\/03\/GeoRutaVero_DSC4108_2-1024x680.jpg\" alt=\"\" class=\"wp-image-27755\" srcset=\"https:\/\/ecoblog.mcp.es\/l4r\/wp-content\/uploads\/2021\/03\/GeoRutaVero_DSC4108_2-1024x680.jpg 1024w, https:\/\/ecoblog.mcp.es\/l4r\/wp-content\/uploads\/2021\/03\/GeoRutaVero_DSC4108_2-300x199.jpg 300w, https:\/\/ecoblog.mcp.es\/l4r\/wp-content\/uploads\/2021\/03\/GeoRutaVero_DSC4108_2-768x510.jpg 768w, https:\/\/ecoblog.mcp.es\/l4r\/wp-content\/uploads\/2021\/03\/GeoRutaVero_DSC4108_2-600x399.jpg 600w, https:\/\/ecoblog.mcp.es\/l4r\/wp-content\/uploads\/2021\/03\/GeoRutaVero_DSC4108_2.jpg 1072w\" sizes=\"auto, (max-width: 1024px) 100vw, 1024px\" \/><\/figure>\n\n\n\n<p>*Fotograf\u00edas cedidas por <strong>Comarca de Sobrarbe <\/strong><a href=\"http:\/\/www.turismosobrarbe.com\"><strong>www.turismosobrarbe.com<\/strong><\/a><\/p>\n","protected":false},"excerpt":{"rendered":"<p>Seg\u00fan cuenta la leyenda, una joven encina de Lecina (Huesca-Arag\u00f3n), no quiso recibir los favores de las brujas y opt\u00f3 por seguir siendo como era. Ahora que ya es adulta ha sido nombrada el \u00c1rbol Europeo 2021, convirti\u00e9ndose as\u00ed en el \u00fanico ejemplar espa\u00f1ol en recibir este galard\u00f3n, adem\u00e1s de ser el m\u00e1s votado de la historia del premio. <\/p>\n","protected":false},"author":7,"featured_media":27752,"comment_status":"open","ping_status":"closed","sticky":false,"template":"","format":"standard","meta":{"footnotes":""},"categories":[4],"tags":[7418,7413,7415,7408,7416,7412,7414,7410,7406,7409,2432,2456,7407,7417,7411],"class_list":["post-27740","post","type-post","status-publish","format-standard","has-post-thumbnail","hentry","category-mundosostenible","tag-antiguo-arbol-sicomoro","tag-aragon","tag-arbol-europeo-2021","tag-arbol-singular-de-aragon","tag-barcabo","tag-brujas","tag-carrasca-milenaria","tag-huesca","tag-lecina","tag-leyenda","tag-mancomunidad-de-la-comarca-de-pamplona-es","tag-mcp-es","tag-parque-cultural-del-rio-vero","tag-platano-de-curinga","tag-sobrarbe"],"aioseo_notices":[],"_links":{"self":[{"href":"https:\/\/ecoblog.mcp.es\/l4r\/wp-json\/wp\/v2\/posts\/27740","targetHints":{"allow":["GET"]}}],"collection":[{"href":"https:\/\/ecoblog.mcp.es\/l4r\/wp-json\/wp\/v2\/posts"}],"about":[{"href":"https:\/\/ecoblog.mcp.es\/l4r\/wp-json\/wp\/v2\/types\/post"}],"author":[{"embeddable":true,"href":"https:\/\/ecoblog.mcp.es\/l4r\/wp-json\/wp\/v2\/users\/7"}],"replies":[{"embeddable":true,"href":"https:\/\/ecoblog.mcp.es\/l4r\/wp-json\/wp\/v2\/comments?post=27740"}],"version-history":[{"count":3,"href":"https:\/\/ecoblog.mcp.es\/l4r\/wp-json\/wp\/v2\/posts\/27740\/revisions"}],"predecessor-version":[{"id":27757,"href":"https:\/\/ecoblog.mcp.es\/l4r\/wp-json\/wp\/v2\/posts\/27740\/revisions\/27757"}],"wp:featuredmedia":[{"embeddable":true,"href":"https:\/\/ecoblog.mcp.es\/l4r\/wp-json\/wp\/v2\/media\/27752"}],"wp:attachment":[{"href":"https:\/\/ecoblog.mcp.es\/l4r\/wp-json\/wp\/v2\/media?parent=27740"}],"wp:term":[{"taxonomy":"category","embeddable":true,"href":"https:\/\/ecoblog.mcp.es\/l4r\/wp-json\/wp\/v2\/categories?post=27740"},{"taxonomy":"post_tag","embeddable":true,"href":"https:\/\/ecoblog.mcp.es\/l4r\/wp-json\/wp\/v2\/tags?post=27740"}],"curies":[{"name":"wp","href":"https:\/\/api.w.org\/{rel}","templated":true}]}}