{"id":27916,"date":"2021-07-09T08:00:00","date_gmt":"2021-07-09T06:00:00","guid":{"rendered":"https:\/\/ecoblog.mcp.es\/l4r\/?p=27916"},"modified":"2021-06-23T10:43:01","modified_gmt":"2021-06-23T08:43:01","slug":"de-escombrera-a-archipielago-de-bosques","status":"publish","type":"post","link":"https:\/\/ecoblog.mcp.es\/l4r\/de-escombrera-a-archipielago-de-bosques\/","title":{"rendered":"De escombrera a archipi\u00e9lago de bosques"},"content":{"rendered":"\n<p>El meandro de Areatzea es un paraje situado en la margen izquierda del r\u00edo Arga, en el municipio de Huarte (Navarra). Hablamos de \u00e9l en un post anterior <a href=\"https:\/\/ecoblog.mcp.es\/l4r\/naturalizacion-de-espacios-urbanos\/\"><strong>(ver aqu\u00ed)<\/strong>.<\/a> Durante los a\u00f1os 2004 y 2005 se utiliz\u00f3 como vertedero de materiales procedentes de las obras de ampliaci\u00f3n del vecino pol\u00edgono de Areta. En 2009, sin embargo, se aprob\u00f3 el proyecto de restauraci\u00f3n hidrol\u00f3gica del meandro y en 2017 se llevaron a cabo las tareas de desescombro. En 2018 el Ayuntamiento de Huarte cedi\u00f3 45.000 m<sup>2 <\/sup>del meandro a la MCP para que fuera integrado en el Parque Fluvial de la Comarca de Pamplona y as\u00ed es como esta zona ha pasado de ser una escombrera a convertirse en un lugar de esparcimiento para la ciudadan\u00eda.<\/p>\n\n\n\n<p>En este proceso de recuperaci\u00f3n entre otras acciones se ha incluido la creaci\u00f3n de un nuevo bosque formado por<strong> <\/strong>un total de 1.075 ejemplares de una amplia variedad de especies aut\u00f3ctonas: 175 Alnus spp, 195 Fraxinus spp, 175 Populus alba, 175 Populus nigra, 110 Crataegus spp, 100 Acer spp, 25 Quercus pubescens (Q. humilis) y 120 Salix spp.<\/p>\n\n\n\n<p>La plantaci\u00f3n tiene una previsi\u00f3n de absorci\u00f3n de 503 toneladas de CO<sup>2<\/sup> en 30 a\u00f1os.\u00a0Seg\u00fan los criterios del Ministerio de Transici\u00f3n Ecol\u00f3gica (MITECO), ahora mismo hay disponibles 92 toneladas de CO<sup>2<\/sup> que han sido concedidas en forma de adelanto para ser incluidas en el balance de emisiones de MCP\/SCPSA. Cuando el bosque vaya creciendo se podr\u00e1n usar paulatinamente las 411 toneladas restantes.<\/p>\n\n\n\n<p>Pero mientras, y gracias a su creaci\u00f3n, en marzo de 2021 Areatzea fue registrada como primer sumidero de CO2 de Navarra en el MITECO, junto a otros 64 espacios de todo el estado.<\/p>\n\n\n\n<p>Y no s\u00f3lo eso, ya que recientemente ha entrado a formar parte del <strong><a href=\"https:\/\/arbolesporelclima.es\/\" target=\"_blank\" rel=\"noreferrer noopener\">Archipi\u00e9lago de Bosques,<\/a><\/strong> una iniciativa desarrollada por la Fundaci\u00f3n Ecolog\u00eda y Desarrollo, ECODES, en su rol de secretar\u00eda ejecutiva de la Comunidad #PorElClima. El proyecto se basa en la cooperaci\u00f3n y la suma de esfuerzos de instituciones p\u00fablicas, entidades sociales, empresas, centros educativos y ciudadan\u00eda; y su objetivo es luchar contra el cambio clim\u00e1tico, favoreciendo la gesti\u00f3n sostenible de los ecosistemas.<\/p>\n\n\n\n<p>El Archipi\u00e9lago de Bosques cuenta ya con 3.966.413&nbsp;\u00e1rboles en todo el estado y su estimaci\u00f3n de absorci\u00f3n de CO<sup>2<\/sup> (en 20 a\u00f1os) es de 118.992&nbsp;t CO<sup>2<\/sup><\/p>\n\n\n\n<p>Al margen de este archipi\u00e9lago y en su prop\u00f3sito de alcanzar la neutralidad de carbono, la Mancomunidad de la Comarca de Pamplona lleva a cabo diferentes acciones para reducir emisiones como el uso de energ\u00edas renovables producidas a partir de los residuos y agua residual, la producci\u00f3n de energ\u00eda el\u00e9ctrica en las instalaciones fotovoltaicas, la utilizaci\u00f3n de veh\u00edculos el\u00e9ctricos en la flota propia, as\u00ed como en una l\u00ednea de transporte p\u00fablico, adem\u00e1s del resto de autobuses h\u00edbridos incorporados al Transporte Urbano Comarcal, y la compra de energ\u00eda el\u00e9ctrica verde.<\/p>\n\n\n\n<p>Por otra parte, contin\u00faa explorando otros proyectos a realizar en la Comarca de Pamplona como la creaci\u00f3n de pastizales permanentes y la protecci\u00f3n del entorno de humedales.<\/p>\n","protected":false},"excerpt":{"rendered":"<p>El meandro de Areatzea de Navarra ha pasado de ser una escombrera a convertirse en un lugar de esparcimiento para la ciudadan\u00eda. Adem\u00e1s, se ha registrado como el primer sumidero de CO2 de Navarra en el MITECO y, ahora, ha entrado a formar parte del proyecto \u201cArchipi\u00e9lago de Bosques\u201d con una plantaci\u00f3n de 1.075 ejemplares de una amplia variedad de especies aut\u00f3ctonas<\/p>\n","protected":false},"author":7,"featured_media":27917,"comment_status":"open","ping_status":"closed","sticky":false,"template":"","format":"standard","meta":{"footnotes":""},"categories":[5],"tags":[7642,7636,7643,778,7377,7641,7638,7290,7640,902,2432,2456,7646,2504,7639,7647,7645,7637,7644],"class_list":["post-27916","post","type-post","status-publish","format-standard","has-post-thumbnail","hentry","category-espaciospublicos","tag-archipielago-de-bosques","tag-areatzea","tag-balance-de-emisiones","tag-cambio-climatico","tag-crisis-climatica","tag-ecodes","tag-energia-electrica-verde","tag-energias-renovables","tag-fundacion-ecologia-y-desarrollo","tag-huarte","tag-mancomunidad-de-la-comarca-de-pamplona-es","tag-mcp-es","tag-ministerio-de-transicion-ecologica-miteco","tag-navarra-es","tag-neutralidad-de-carbono","tag-parque-fluvial-de-la-comarca-de-pamplona","tag-restauracion-hidrologica","tag-rio-arga-2","tag-sumidero-de-co2"],"aioseo_notices":[],"_links":{"self":[{"href":"https:\/\/ecoblog.mcp.es\/l4r\/wp-json\/wp\/v2\/posts\/27916","targetHints":{"allow":["GET"]}}],"collection":[{"href":"https:\/\/ecoblog.mcp.es\/l4r\/wp-json\/wp\/v2\/posts"}],"about":[{"href":"https:\/\/ecoblog.mcp.es\/l4r\/wp-json\/wp\/v2\/types\/post"}],"author":[{"embeddable":true,"href":"https:\/\/ecoblog.mcp.es\/l4r\/wp-json\/wp\/v2\/users\/7"}],"replies":[{"embeddable":true,"href":"https:\/\/ecoblog.mcp.es\/l4r\/wp-json\/wp\/v2\/comments?post=27916"}],"version-history":[{"count":1,"href":"https:\/\/ecoblog.mcp.es\/l4r\/wp-json\/wp\/v2\/posts\/27916\/revisions"}],"predecessor-version":[{"id":27918,"href":"https:\/\/ecoblog.mcp.es\/l4r\/wp-json\/wp\/v2\/posts\/27916\/revisions\/27918"}],"wp:featuredmedia":[{"embeddable":true,"href":"https:\/\/ecoblog.mcp.es\/l4r\/wp-json\/wp\/v2\/media\/27917"}],"wp:attachment":[{"href":"https:\/\/ecoblog.mcp.es\/l4r\/wp-json\/wp\/v2\/media?parent=27916"}],"wp:term":[{"taxonomy":"category","embeddable":true,"href":"https:\/\/ecoblog.mcp.es\/l4r\/wp-json\/wp\/v2\/categories?post=27916"},{"taxonomy":"post_tag","embeddable":true,"href":"https:\/\/ecoblog.mcp.es\/l4r\/wp-json\/wp\/v2\/tags?post=27916"}],"curies":[{"name":"wp","href":"https:\/\/api.w.org\/{rel}","templated":true}]}}