{"id":27935,"date":"2021-08-12T08:00:00","date_gmt":"2021-08-12T06:00:00","guid":{"rendered":"https:\/\/ecoblog.mcp.es\/l4r\/?p=27935"},"modified":"2021-08-12T07:55:23","modified_gmt":"2021-08-12T05:55:23","slug":"el-cielo-oscuro-de-los-acantilados-de-mon","status":"publish","type":"post","link":"https:\/\/ecoblog.mcp.es\/l4r\/el-cielo-oscuro-de-los-acantilados-de-mon\/","title":{"rendered":"El cielo oscuro de los acantilados de M\u00f8n"},"content":{"rendered":"\n<p>Hace 70 millones de a\u00f1os, cuando las placas tect\u00f3nicas comenzaron a empujar el fondo del mar B\u00e1ltico hacia la superficie, surgieron los acantilados de M\u00f8n (M\u00f8ns Klint), declarados hoy reserva de la biosfera de la UNESCO.<\/p>\n\n\n\n<p>Sus paredes, de roca caliza, est\u00e1n formadas por f\u00f3siles marinos y suponen un buen cobijo para el halc\u00f3n milenario. Su altura es de 126 metros, y se prolongan durante seis kil\u00f3metros sobre las turquesas aguas del B\u00e1ltico. De hecho, hay quien llama a esta zona el \u201cCaribe fr\u00edo\u201d de Dinamarca, por ese color turquesa que, sin embargo, desaparece en los d\u00edas en los que no luce el sol.<\/p>\n\n\n\n<p>Situados a dos horas de Copenhague, los convierten en una excursi\u00f3n perfecta para disfrutar de su belleza, de su valor geol\u00f3gico, y de su abundancia de f\u00f3siles belemnites, de d\u00eda\u2026<\/p>\n\n\n\n<p>\u2026 y de la oscuridad y de las estrellas, de noche. Y es que, la isla de M\u00f8n, es el \u00fanico enclave de Dinamarca que forma parte de los Parques Internacionales de Cielo Oscuro, una asociaci\u00f3n que elige los lugares en los que es posible contemplar un cielo estrellado de manera n\u00edtida, un Dark Sky.<\/p>\n\n\n\n<p>Tal y como explic\u00e1bamos en un post anterior, las comunidades de cielo oscuro, integradas en la&nbsp;<strong>Asociaci\u00f3n Internacional del Cielo Oscuro (IDA)<\/strong>, pueden ser ciudades o territorios que se preocupan por defender un cielo nocturno sin contaminaci\u00f3n lum\u00ednica y el derecho a observar las estrellas a trav\u00e9s de ordenanzas municipales y labores de concienciaci\u00f3n social sobre la importancia de los cielos oscuros.<\/p>\n\n\n\n<p>Tambi\u00e9n pueden ser parques privados o p\u00fablicos que implementan buena iluminaci\u00f3n exterior y brindan programas de cielo oscuro para el p\u00fablico visitante.<\/p>\n\n\n\n<p>Por \u00faltimo, las reservas naturales, santuarios o lugares m\u00e1s remotos (y a menudo los m\u00e1s oscuros) del mundo cuyo estado de conservaci\u00f3n es m\u00e1s fr\u00e1gil, tambi\u00e9n est\u00e1n considerados comunidades de cielo oscuro.<\/p>\n\n\n\n<p>\u00bfY por qu\u00e9 son importantes esta clase de comunidades? Estudios recientes constatan que la iluminaci\u00f3n nocturna est\u00e1 alterando los patrones de comportamiento de muchas especies y que est\u00e1 empezando a verse las consecuencias en el organismo humano.&nbsp;<\/p>\n\n\n\n<p>Hay que tener en cuenta que el ciclo d\u00eda\/noche produce de forma natural una variaci\u00f3n de la cantidad de luz en el ambiente con la que la vida ha evolucionado en este planeta desde hace m\u00e1s de 3.000 millones de a\u00f1os. Todas las especies han adaptado su ciclo vital a ese ciclo diurno de luz\/oscuridad, convirti\u00e9ndose en uno de los principales ciclos naturales.&nbsp;Y ahora se est\u00e1 rompiendo.<\/p>\n\n\n\n<p>Por eso, enclaves como los acantilados de M\u00f8n u otros como las Islas Canarias, Hawaii, el norte de Chile o la Sierra de San Pedro M\u00e1rtir en Baja California, M\u00e9xico juegan un papel medioambiental clave.<\/p>\n\n\n\n<p>Si te interesa este tema, te gustar\u00e1 leer estos post:<\/p>\n\n\n\n<figure class=\"wp-block-embed-wordpress wp-block-embed is-type-wp-embed is-provider-blogmcp\"><div class=\"wp-block-embed__wrapper\">\n<blockquote class=\"wp-embedded-content\" data-secret=\"PMSUBvOzfN\"><a href=\"https:\/\/ecoblog.mcp.es\/l4r\/la-nueva-cultura-de-la-luz-apuesta-por-reducir-la-luz-por-la-noche-pero-por-desgracia-no-es-la-tendencia\/\">\u201cLa nueva Cultura de la Luz apuesta por reducir la luz por la noche pero, por desgracia, no es la tendencia\u201d<\/a><\/blockquote><iframe loading=\"lazy\" class=\"wp-embedded-content\" sandbox=\"allow-scripts\" security=\"restricted\" style=\"position: absolute; clip: rect(1px, 1px, 1px, 1px);\" title=\"\u00ab\u201cLa nueva Cultura de la Luz apuesta por reducir la luz por la noche pero, por desgracia, no es la tendencia\u201d\u00bb \u2014 blogmcp\" src=\"https:\/\/ecoblog.mcp.es\/l4r\/la-nueva-cultura-de-la-luz-apuesta-por-reducir-la-luz-por-la-noche-pero-por-desgracia-no-es-la-tendencia\/embed\/#?secret=PMSUBvOzfN\" data-secret=\"PMSUBvOzfN\" width=\"600\" height=\"338\" frameborder=\"0\" marginwidth=\"0\" marginheight=\"0\" scrolling=\"no\"><\/iframe>\n<\/div><\/figure>\n\n\n\n<figure class=\"wp-block-embed-wordpress wp-block-embed is-type-wp-embed is-provider-blogmcp\"><div class=\"wp-block-embed__wrapper\">\n<blockquote class=\"wp-embedded-content\" data-secret=\"kGOO26V8cj\"><a href=\"https:\/\/ecoblog.mcp.es\/l4r\/comunidades-de-cielo-oscuro\/\">Comunidades de cielo oscuro<\/a><\/blockquote><iframe loading=\"lazy\" class=\"wp-embedded-content\" sandbox=\"allow-scripts\" security=\"restricted\" style=\"position: absolute; clip: rect(1px, 1px, 1px, 1px);\" title=\"\u00abComunidades de cielo oscuro\u00bb \u2014 blogmcp\" src=\"https:\/\/ecoblog.mcp.es\/l4r\/comunidades-de-cielo-oscuro\/embed\/#?secret=kGOO26V8cj\" data-secret=\"kGOO26V8cj\" width=\"600\" height=\"338\" frameborder=\"0\" marginwidth=\"0\" marginheight=\"0\" scrolling=\"no\"><\/iframe>\n<\/div><\/figure>\n","protected":false},"excerpt":{"rendered":"<p>La isla de M\u00f8n, es el \u00fanico enclave de Dinamarca que forma parte de los Parques Internacionales de Cielo Oscuro, una asociaci\u00f3n que elige los lugares en los que es posible contemplar un cielo estrellado de manera n\u00edtida, un Dark Sky. Este tipo de parques juegan un importante papel medioambiental y m\u00e1s si tenemos en cuenta que el ciclo vital de luz\/oscuridad al que se han adaptado todas las especies del planeta a lo largo de 3.000 millones de a\u00f1os se est\u00e1 rompiendo.<\/p>\n","protected":false},"author":7,"featured_media":27936,"comment_status":"open","ping_status":"closed","sticky":false,"template":"","format":"standard","meta":{"footnotes":""},"categories":[5],"tags":[7689,7686,7692,7684,2146,7691,7693,7685,2432,7687,2456,7690,7688,7694],"class_list":["post-27935","post","type-post","status-publish","format-standard","has-post-thumbnail","hentry","category-espaciospublicos","tag-acantilados-de-mon","tag-asociacion-internacional-del-cielo-oscuro","tag-caribe-frio","tag-dark-sky","tag-dinamarca","tag-fosiles-belemnites","tag-halcon-milenario","tag-ida","tag-mancomunidad-de-la-comarca-de-pamplona-es","tag-mar-baltico","tag-mcp-es","tag-mons-klint","tag-parques-internacionales-de-cielo-oscuro","tag-reserva-de-la-biosfera-de-la-unesco"],"aioseo_notices":[],"_links":{"self":[{"href":"https:\/\/ecoblog.mcp.es\/l4r\/wp-json\/wp\/v2\/posts\/27935","targetHints":{"allow":["GET"]}}],"collection":[{"href":"https:\/\/ecoblog.mcp.es\/l4r\/wp-json\/wp\/v2\/posts"}],"about":[{"href":"https:\/\/ecoblog.mcp.es\/l4r\/wp-json\/wp\/v2\/types\/post"}],"author":[{"embeddable":true,"href":"https:\/\/ecoblog.mcp.es\/l4r\/wp-json\/wp\/v2\/users\/7"}],"replies":[{"embeddable":true,"href":"https:\/\/ecoblog.mcp.es\/l4r\/wp-json\/wp\/v2\/comments?post=27935"}],"version-history":[{"count":1,"href":"https:\/\/ecoblog.mcp.es\/l4r\/wp-json\/wp\/v2\/posts\/27935\/revisions"}],"predecessor-version":[{"id":27937,"href":"https:\/\/ecoblog.mcp.es\/l4r\/wp-json\/wp\/v2\/posts\/27935\/revisions\/27937"}],"wp:featuredmedia":[{"embeddable":true,"href":"https:\/\/ecoblog.mcp.es\/l4r\/wp-json\/wp\/v2\/media\/27936"}],"wp:attachment":[{"href":"https:\/\/ecoblog.mcp.es\/l4r\/wp-json\/wp\/v2\/media?parent=27935"}],"wp:term":[{"taxonomy":"category","embeddable":true,"href":"https:\/\/ecoblog.mcp.es\/l4r\/wp-json\/wp\/v2\/categories?post=27935"},{"taxonomy":"post_tag","embeddable":true,"href":"https:\/\/ecoblog.mcp.es\/l4r\/wp-json\/wp\/v2\/tags?post=27935"}],"curies":[{"name":"wp","href":"https:\/\/api.w.org\/{rel}","templated":true}]}}