{"id":27976,"date":"2021-08-18T08:00:00","date_gmt":"2021-08-18T06:00:00","guid":{"rendered":"https:\/\/ecoblog.mcp.es\/l4r\/?p=27976"},"modified":"2021-08-13T09:49:22","modified_gmt":"2021-08-13T07:49:22","slug":"el-aguila-de-bonelli-acompanada-ante-el-peligro","status":"publish","type":"post","link":"https:\/\/ecoblog.mcp.es\/l4r\/el-aguila-de-bonelli-acompanada-ante-el-peligro\/","title":{"rendered":"El \u00e1guila de Bonelli, acompa\u00f1ada ante el peligro"},"content":{"rendered":"\n<p>\u00bfSab\u00edas que existe un proyecto llamado <strong><a href=\"https:\/\/www.aquila-a-life.org\/index.php\/es\/\" target=\"_blank\" rel=\"noreferrer noopener\">AQUILA a-LIFE<\/a><\/strong> que pretende aumentar la extensi\u00f3n de la presencia del <strong>\u00e1guila de Bonelli<\/strong>? <\/p>\n\n\n\n<p>Se trata de una rapaz que est\u00e1 en peligro de extinci\u00f3n. Puede considerarse como la m\u00e1s \u00e1gil entre el resto de las grandes \u00e1guilas, porque es capaz de volar a baja altura sobre las copas de los \u00e1rboles y de entrar en el interior del bosque. Como, adem\u00e1s, puede cazar en espacios abiertos, su espectro alimentario es muy amplio.<\/p>\n\n\n\n<p>Tiene grandes \u00e1reas de campeo sobre las que se alimenta de comadrejas, ratas de agua, perdices rojas, conejos, liebres, palomas, t\u00f3rtolas, mirlos, zorzales, patos, garzas, gaviotas, lagartos y un largo etc\u00e9tera.<\/p>\n\n\n\n<p>Adem\u00e1s, pertenece al grupo de los super-depredadores, nombre que no hace referencia a ning\u00fan super h\u00e9roe, sino al colectivo de animales que es capaz de matar a otros depredadores. De hecho, dentro de su dieta alimenticia encontramos rapaces como ratoneros, halcones, gavilanes, cern\u00edcalos o mochuelos.<\/p>\n\n\n\n<p>Estos h\u00e1bitos alimenticios tan amplios nos hacen tomar conciencia del papel fundamental que juega esta rapaz en el entorno medioambiental, ya que su presencia nos informa del control poblacional que ejerce sobre sus presas.<\/p>\n\n\n\n<p>Sin embargo, su h\u00e1bitat natural est\u00e1 menguando, al igual que su poblaci\u00f3n.<\/p>\n\n\n\n<p>Por eso ha surgido este proyecto que est\u00e1 coordinado por el Grupo de Rehabilitaci\u00f3n de la Fauna Aut\u00f3ctona y su H\u00e1bitat (GREFA) y en el que participan como socios la Diputaci\u00f3n Foral de \u00c1lava, la Fundaci\u00f3 Natura Parc (Mallorca), Gesti\u00f3n Ambiental de Navarra-Gobierno de Navarra (GAN-NIK), ISPRA (Italia) y LPO\/BirdLife (Francia).<\/p>\n\n\n\n<p>En palabras del personal t\u00e9cnico de biodiversidad de <strong><a href=\"https:\/\/gan-nik.es\/\" target=\"_blank\" rel=\"noreferrer noopener\">GAN-NIK,<\/a><\/strong> \u201cse trata de un proyecto europeo en el que est\u00e1n implicados varios pa\u00edses del mediterr\u00e1neo occidental, lo que permite un enfoque de conservaci\u00f3n a gran escala. Tuvo su origen hace unos a\u00f1os con el proyecto LIFE Bonelli, por lo que ya tiene muchos avances y logros conseguidos a los que Aquila a-LIFE puede dar continuidad\u201d.<\/p>\n\n\n\n<p>La l\u00ednea de trabajo del proyecto contempla, adem\u00e1s de la recuperaci\u00f3n del h\u00e1bitat y la reintroducci\u00f3n de \u00e1guilas en el medio natural, la previsi\u00f3n de las principales amenazadas actuales para este animal, con especial atenci\u00f3n a las electrocuciones. Para ello pretende contar con la colaboraci\u00f3n de compa\u00f1\u00edas el\u00e9ctricas, administraciones locales y profesionales expertos en la materia. \u201cAdem\u00e1s, se plantean medidas de mejora de h\u00e1bitat que benefician a otras especies quiz\u00e1 no tan emblem\u00e1ticas como nuestra Bonelli\u201d, a\u00f1aden desde la entidad.<\/p>\n\n\n\n<p>Entre las grandes amenazas de muerte no natural a las que se enfrenta esta rapaz, adem\u00e1s de los tendidos el\u00e9ctricos, es el ahogamiento. El \u00e1guila de Bonelli es un animal que se siente atra\u00eddo por el reflejo de las aguas de las balsas, a donde se acerca y cae sin poder luego salir.<\/p>\n\n\n\n<p>Este es el riesgo que presenta, por ejemplo, la balsa de Argui\u00f1ariz, situada en un antiguo vertedero navarro gestionado antes por la Mancomunidad de la Comarca de Pamplona y que ahora la propia entidad ha recuperado. Para evitar que sus aguas se conviertan en una trampa mortal, el Gobierno de Navarra, a trav\u00e9s de su sociedad p\u00fablica GAN-NIK, ha colocado un sistema de escape.<\/p>\n\n\n\n<p>\u201cLo que hacemos es instalar dos tipos de estructuras de escape \u2013indican desde GAN-NIK-: unas islas flotantes revegetadas y una lengua de dos capas de goma que rodean una tela de nylon. Con dos puntos de anclaje en la parte alta, cae por su propio peso y como una de las caras es rugosa y queda expuesta hacia el exterior, permite el agarre necesario para la salida de fauna\u201d.<\/p>\n\n\n\n<div class=\"wp-block-image\"><figure class=\"aligncenter size-large\"><img loading=\"lazy\" decoding=\"async\" width=\"1024\" height=\"768\" src=\"https:\/\/ecoblog.mcp.es\/l4r\/wp-content\/uploads\/2021\/08\/isla-flotanteblog.jpg\" alt=\"\" class=\"wp-image-27977\" srcset=\"https:\/\/ecoblog.mcp.es\/l4r\/wp-content\/uploads\/2021\/08\/isla-flotanteblog.jpg 1024w, https:\/\/ecoblog.mcp.es\/l4r\/wp-content\/uploads\/2021\/08\/isla-flotanteblog-300x225.jpg 300w, https:\/\/ecoblog.mcp.es\/l4r\/wp-content\/uploads\/2021\/08\/isla-flotanteblog-768x576.jpg 768w, https:\/\/ecoblog.mcp.es\/l4r\/wp-content\/uploads\/2021\/08\/isla-flotanteblog-600x450.jpg 600w\" sizes=\"auto, (max-width: 1024px) 100vw, 1024px\" \/><\/figure><\/div>\n\n\n\n<div class=\"wp-block-image\"><figure class=\"aligncenter size-large\"><img loading=\"lazy\" decoding=\"async\" width=\"1024\" height=\"768\" src=\"https:\/\/ecoblog.mcp.es\/l4r\/wp-content\/uploads\/2021\/08\/escapeblog.jpg\" alt=\"\" class=\"wp-image-27978\" srcset=\"https:\/\/ecoblog.mcp.es\/l4r\/wp-content\/uploads\/2021\/08\/escapeblog.jpg 1024w, https:\/\/ecoblog.mcp.es\/l4r\/wp-content\/uploads\/2021\/08\/escapeblog-300x225.jpg 300w, https:\/\/ecoblog.mcp.es\/l4r\/wp-content\/uploads\/2021\/08\/escapeblog-768x576.jpg 768w, https:\/\/ecoblog.mcp.es\/l4r\/wp-content\/uploads\/2021\/08\/escapeblog-600x450.jpg 600w\" sizes=\"auto, (max-width: 1024px) 100vw, 1024px\" \/><\/figure><\/div>\n\n\n\n<p>Precisamente Argui\u00f1ariz es, junto a Guirguillano, Bidaurreta y Sorakoitz el nombre de uno de los cuatro pollos de \u00e1guila de Bonelli que llegaron el pasado 21 de junio a Navarra para ser liberados <strong><a href=\"https:\/\/www.navarra.es\/es\/noticias\/2021\/06\/23\/tres-nuevos-ejemplares-de-aguila-de-bonelli-liberados-en-navarra-gracias-al-proyecto-aquila-a-life\" target=\"_blank\" rel=\"noreferrer noopener\">(ver art\u00edculo de prensa aqu\u00ed)<\/a><\/strong>. Los ejemplares, dos machos y dos hembras de 78, 42, 45 y 49 d\u00edas de edad respectivamente, proced\u00edan de dos centros de cr\u00eda en cautividad de Francia y del Grupo de Rehabilitaci\u00f3n de Fauna Aut\u00f3ctona (GREFA) de Madrid. Con su puesta en libertad se pretende que la zona de Guirguillano-Etxauri vuelva a ser uno de los territorios donde el \u00e1guila de Bonelli viva, tal y como ocurr\u00eda hace 15 a\u00f1os.<\/p>\n\n\n\n<p>S\u00f3lo el tiempo dir\u00e1 si la reintroducci\u00f3n ha sido efectiva, del mismo modo que dir\u00e1 si esta rapaz est\u00e1 consiguiendo recuperar el espacio que antes le correspond\u00eda. De momento los trabajos realizados, tanto en el \u00e1mbito del primer proyecto LIFE (LIFE Bonelli) como en el \u00e1mbito de AQUILA a-LIFE han dado sus resultados. Actualmente Navarra cuenta con dos territorios de \u00c1guila de Bonelli, fruto del esfuerzo realizado.<\/p>\n","protected":false},"excerpt":{"rendered":"<p>El proyecto AQUILA a-LIFE quiere aumentar la presencia del \u00e1guila de Bonelli, una rapaz en peligro de extinci\u00f3n. Recuperar su h\u00e1bitat natural, reintroducir nuevos ejemplares y minimizar las amenazas a las que se enfrenta su recuperaci\u00f3n son los objetivos fijados por este proyecto coordinado por GREFA. <\/p>\n","protected":false},"author":7,"featured_media":27979,"comment_status":"open","ping_status":"closed","sticky":false,"template":"","format":"standard","meta":{"footnotes":""},"categories":[4],"tags":[7739,7738,7749,7741,7744,7745,7746,621,7743,7747,7748,2432,2456,7742,7740],"class_list":["post-27976","post","type-post","status-publish","format-standard","has-post-thumbnail","hentry","category-mundosostenible","tag-aguila-de-bonelli","tag-aquila-a-life","tag-balsa-de-arguinariz","tag-control-poblacional","tag-diputacion-foral-de-alava","tag-fundacio-natura-parc","tag-gan-nik","tag-gobierno-de-navarra","tag-grefa","tag-ispra","tag-lpo-birdlife","tag-mancomunidad-de-la-comarca-de-pamplona-es","tag-mcp-es","tag-rapaz","tag-super-depredador"],"aioseo_notices":[],"_links":{"self":[{"href":"https:\/\/ecoblog.mcp.es\/l4r\/wp-json\/wp\/v2\/posts\/27976","targetHints":{"allow":["GET"]}}],"collection":[{"href":"https:\/\/ecoblog.mcp.es\/l4r\/wp-json\/wp\/v2\/posts"}],"about":[{"href":"https:\/\/ecoblog.mcp.es\/l4r\/wp-json\/wp\/v2\/types\/post"}],"author":[{"embeddable":true,"href":"https:\/\/ecoblog.mcp.es\/l4r\/wp-json\/wp\/v2\/users\/7"}],"replies":[{"embeddable":true,"href":"https:\/\/ecoblog.mcp.es\/l4r\/wp-json\/wp\/v2\/comments?post=27976"}],"version-history":[{"count":1,"href":"https:\/\/ecoblog.mcp.es\/l4r\/wp-json\/wp\/v2\/posts\/27976\/revisions"}],"predecessor-version":[{"id":27980,"href":"https:\/\/ecoblog.mcp.es\/l4r\/wp-json\/wp\/v2\/posts\/27976\/revisions\/27980"}],"wp:featuredmedia":[{"embeddable":true,"href":"https:\/\/ecoblog.mcp.es\/l4r\/wp-json\/wp\/v2\/media\/27979"}],"wp:attachment":[{"href":"https:\/\/ecoblog.mcp.es\/l4r\/wp-json\/wp\/v2\/media?parent=27976"}],"wp:term":[{"taxonomy":"category","embeddable":true,"href":"https:\/\/ecoblog.mcp.es\/l4r\/wp-json\/wp\/v2\/categories?post=27976"},{"taxonomy":"post_tag","embeddable":true,"href":"https:\/\/ecoblog.mcp.es\/l4r\/wp-json\/wp\/v2\/tags?post=27976"}],"curies":[{"name":"wp","href":"https:\/\/api.w.org\/{rel}","templated":true}]}}