{"id":28068,"date":"2022-08-25T16:45:00","date_gmt":"2022-08-25T14:45:00","guid":{"rendered":"https:\/\/ecoblog.mcp.es\/l4r\/?p=28068"},"modified":"2022-09-13T14:04:49","modified_gmt":"2022-09-13T12:04:49","slug":"los-arboles-singulares-de-la-taconera","status":"publish","type":"post","link":"https:\/\/ecoblog.mcp.es\/l4r\/los-arboles-singulares-de-la-taconera\/","title":{"rendered":"Los \u00e1rboles singulares de la Taconera"},"content":{"rendered":"\r\n<p>I\u00f1igo Villanueva, Ingeniero de Montes, nos lleva hoy de excursi\u00f3n a La Taconera, uno de los pulmones de Pamplona. Cuando me junto con \u00e9l no puedo imaginar los tesoros naturales que voy a encontrar.<\/p>\r\n\r\n\r\n\r\n<p>\u201c\u00bfSabes de d\u00f3nde viene el nombre de La Taconera? \u2013me pregunta mientras caminamos desde Antoniutti hacia el parque pamplon\u00e9s de este nombre-. En la Edad Media talaron todos los \u00e1rboles que hab\u00eda aqu\u00ed y s\u00f3lo quedaron los tocones.\u201d.<\/p>\r\n\r\n\r\n\r\n<p>No fue un hecho aislado. Aunque Pamplona es una ciudad verde, pocos son los \u00e1rboles singulares o ancianos que encontramos en la capital foral. \u201cEsto se debe a que en \u00e9poca de guerras nadie quer\u00eda un bosque cerca del casco urbano, para as\u00ed evitar que el enemigo se cobijara en \u00e9l\u201d.<\/p>\r\n\r\n\r\n\r\n<p>Pero pronto encontramos uno junto al patin\u00f3dromo. \u201cMira qu\u00e9 <strong>cedro<\/strong> m\u00e1s espectacular. En el parque encontraremos m\u00e1s, pero este tiene un tama\u00f1o considerable, por eso est\u00e1 considerado como \u00e1rbol singular de Pamplona. En otros parques y jardines podemos encontrar hasta tres especies diferentes de cedros: cedro del Atlas (<em>Cedrus atl\u00e1ntica<\/em>), cedro del L\u00edbano (<em>Cedrus libani<\/em>) y cedro del Himalaya (<em>Cedrus deodara<\/em>). \u00bfSabes? Para muchas culturas este \u00e1rbol es s\u00edmbolo de grandeza. En el caso de L\u00edbano, incluso aparece en la bandera del pa\u00eds\u00bb.<\/p>\r\n<div id=\"attachment_28715\" style=\"width: 754px\" class=\"wp-caption aligncenter\"><img loading=\"lazy\" decoding=\"async\" aria-describedby=\"caption-attachment-28715\" class=\"wp-image-28715 size-full\" src=\"https:\/\/ecoblog.mcp.es\/l4r\/wp-content\/uploads\/2022\/11\/cedro.jpg\" alt=\"cedro del Atlas (Cedrus atl\u00e1ntica)\" width=\"744\" height=\"1024\" srcset=\"https:\/\/ecoblog.mcp.es\/l4r\/wp-content\/uploads\/2022\/11\/cedro.jpg 744w, https:\/\/ecoblog.mcp.es\/l4r\/wp-content\/uploads\/2022\/11\/cedro-218x300.jpg 218w\" sizes=\"auto, (max-width: 744px) 100vw, 744px\" \/><p id=\"caption-attachment-28715\" class=\"wp-caption-text\">cedro del Atlas (Cedrus atl\u00e1ntica)<\/p><\/div>\r\n\r\n\r\n\r\n<p>Detr\u00e1s veo un <strong>haya<\/strong> de gran tama\u00f1o. \u201cEfectivamente. Hay bastantes aqu\u00ed. Cuando desaparecieron los olmos por culpa de la grafiosis, esta zona fue replantada con hayas. En Navarra el haya (<em>Fagus sylvatica<\/em>) es la especie arb\u00f3rea m\u00e1s abundante y la que mayores y m\u00e1s amplios bosques forma, por ejemplo en Urbasa, Aralar, Quinto Real, Belate, Irati, etc. Seguro que los conoces\u00bb.<\/p>\r\n<div id=\"attachment_28716\" style=\"width: 656px\" class=\"wp-caption aligncenter\"><img loading=\"lazy\" decoding=\"async\" aria-describedby=\"caption-attachment-28716\" class=\"wp-image-28716 size-full\" src=\"https:\/\/ecoblog.mcp.es\/l4r\/wp-content\/uploads\/2022\/11\/haya.jpg\" alt=\"Haya (Fagus sylvatica)\" width=\"646\" height=\"1024\" srcset=\"https:\/\/ecoblog.mcp.es\/l4r\/wp-content\/uploads\/2022\/11\/haya.jpg 646w, https:\/\/ecoblog.mcp.es\/l4r\/wp-content\/uploads\/2022\/11\/haya-189x300.jpg 189w\" sizes=\"auto, (max-width: 646px) 100vw, 646px\" \/><p id=\"caption-attachment-28716\" class=\"wp-caption-text\">Haya (Fagus sylvatica)<\/p><\/div>\r\n\r\n\r\n\r\n<p>Ahora se\u00f1ala con el dedo el \u00e1rbol de al lado. \u00abMira, ah\u00ed tienes un <strong>roble<\/strong> con un di\u00e1metro de copa de unos 14 metros y una altura de 25. Sin duda, singular tambi\u00e9n\u201d.<\/p>\r\n<div id=\"attachment_28717\" style=\"width: 1034px\" class=\"wp-caption aligncenter\"><img loading=\"lazy\" decoding=\"async\" aria-describedby=\"caption-attachment-28717\" class=\"wp-image-28717 size-full\" src=\"https:\/\/ecoblog.mcp.es\/l4r\/wp-content\/uploads\/2022\/11\/roble-detalle.jpg\" alt=\"Roble\" width=\"1024\" height=\"627\" srcset=\"https:\/\/ecoblog.mcp.es\/l4r\/wp-content\/uploads\/2022\/11\/roble-detalle.jpg 1024w, https:\/\/ecoblog.mcp.es\/l4r\/wp-content\/uploads\/2022\/11\/roble-detalle-300x184.jpg 300w, https:\/\/ecoblog.mcp.es\/l4r\/wp-content\/uploads\/2022\/11\/roble-detalle-768x470.jpg 768w\" sizes=\"auto, (max-width: 1024px) 100vw, 1024px\" \/><p id=\"caption-attachment-28717\" class=\"wp-caption-text\">Roble<\/p><\/div>\r\n<div id=\"attachment_28718\" style=\"width: 589px\" class=\"wp-caption aligncenter\"><img loading=\"lazy\" decoding=\"async\" aria-describedby=\"caption-attachment-28718\" class=\"wp-image-28718 size-full\" src=\"https:\/\/ecoblog.mcp.es\/l4r\/wp-content\/uploads\/2022\/11\/Haya-y-roble.jpg\" alt=\"Haya y Roble\" width=\"579\" height=\"1024\" srcset=\"https:\/\/ecoblog.mcp.es\/l4r\/wp-content\/uploads\/2022\/11\/Haya-y-roble.jpg 579w, https:\/\/ecoblog.mcp.es\/l4r\/wp-content\/uploads\/2022\/11\/Haya-y-roble-170x300.jpg 170w\" sizes=\"auto, (max-width: 579px) 100vw, 579px\" \/><p id=\"caption-attachment-28718\" class=\"wp-caption-text\">Haya y Roble<\/p><\/div>\r\n\r\n\r\n\r\n<p>Entrando ya en el parque, de pronto me siento insignificante. Ante m\u00ed se alza un tronco majestuoso. Mi vista recorre m\u00e1s de 25 metros hacia el final de su copa. I\u00f1igo sonr\u00ede divertido. \u201cGrande \u00bfeh? Es una <strong>Secuoya<\/strong> gigante (<em>Sequoiadendron<\/em> <em>giganteum<\/em>), originaria de zonas mota\u00f1osas del oeste de Norteam\u00e9rica. \u00a0De esta especie son algunos de los ejemplares arb\u00f3reos de mayor di\u00e1metro y volumen conocidos en el mundo, y tienen una longevidad muy alta. \u00bfA que no te sorprende que en algunos sitios la llamen el \u00e1rbol del mamut?<\/p>\r\n<div id=\"attachment_28719\" style=\"width: 471px\" class=\"wp-caption aligncenter\"><img loading=\"lazy\" decoding=\"async\" aria-describedby=\"caption-attachment-28719\" class=\"wp-image-28719 size-full\" src=\"https:\/\/ecoblog.mcp.es\/l4r\/wp-content\/uploads\/2022\/11\/secuoya.jpg\" alt=\"Secuoya gigante (Sequoiadendron giganteum)\" width=\"461\" height=\"1024\" srcset=\"https:\/\/ecoblog.mcp.es\/l4r\/wp-content\/uploads\/2022\/11\/secuoya.jpg 461w, https:\/\/ecoblog.mcp.es\/l4r\/wp-content\/uploads\/2022\/11\/secuoya-135x300.jpg 135w\" sizes=\"auto, (max-width: 461px) 100vw, 461px\" \/><p id=\"caption-attachment-28719\" class=\"wp-caption-text\">Secuoya gigante (Sequoiadendron giganteum)<\/p><\/div>\r\n\r\n\r\n\r\n<p>Aunque te parezca mentira, esta no es la Secuoya m\u00e1s emblem\u00e1tica de Pamplona. La del Palacio de la Diputaci\u00f3n es la m\u00e1s conocida y supera los 30m de altura. Se plant\u00f3 en 1855. Jos\u00e9 Mar\u00eda Gast\u00f3n y de Echevertz la trajo desde Am\u00e9rica y la plant\u00f3 en su palacio de Irurita. Y cuando le nombraron diputado foral mand\u00f3 trasplantarla en los jardines de Diputaci\u00f3n. Pero bueno, esta que tenemos delante tambi\u00e9n es una preciosidad. En este parque hay m\u00e1s.<\/p>\r\n\r\n\r\n\r\n<p>Pero todas se quedan peque\u00f1as en comparaci\u00f3n con un ejemplar de una especie emparentada, la secuoya roja o siempreverde (<em>Secuoya sempervirens<\/em>) que est\u00e1 en la costa oeste de Estados Unidos. La llaman Hyperion y se le considera el\u00a0 \u00e1rbol m\u00e1s alto del mundo, \u00a1con m\u00e1s de 115m de altura!\u201d<\/p>\r\n\r\n\r\n\r\n<p>Madre m\u00eda, me siento como Gulliver entre los liliputienses. \u00a1Qu\u00e9 majestuosos son los \u00e1rboles! \u00a1Cu\u00e1nta historia pueden contar! Pienso en el acierto que supuso sustituir aquellos tocones por estos ejemplares. Me doy cuenta de que la Taconera es un lugar agradable, de disfrute y pulm\u00f3n de la ciudad.<\/p>\r\n<p>Si quieres saber m\u00e1s sobre este tema, lee estos post:<\/p>\r\n<p><a href=\"https:\/\/ecoblog.mcp.es\/l4r\/los-arboles-sing\u2026e-la-taconera-ii\/\"><strong>Los \u00e1rboles singulares de la Taconera II<\/strong><\/a><\/p>\r\n<p><a href=\"https:\/\/ecoblog.mcp.es\/l4r\/los-arboles-sing\u2026-la-taconera-iii\/\"><strong>Los \u00e1rboles singulares de la Taconera III<\/strong><\/a><\/p>\r\n\r\n\r\n\r\n<p><strong>+ INFO:<\/strong><\/p>\r\n\r\n\r\n\r\n<figure class=\"wp-block-embed\">\r\n<div class=\"wp-block-embed__wrapper\">https:\/\/www.pamplona.es\/sites\/default\/files\/2019-02\/Arboles%20viejos%20y%20arboles%20singulares%20de%20Pamplona.pdf<\/div>\r\n<\/figure>\r\n","protected":false},"excerpt":{"rendered":"<p>I\u00f1igo Villanueva nos acompa\u00f1a en un paseo entre \u00e1rboles singulares que nos ayuda a tomar perspectiva del tiempo, conocer otras culturas y adentrarnos en algunos episodios de nuestra historia. Y es que el valor de estas majestuosas plantas no s\u00f3lo es bot\u00e1nico. Nos tienen mucho que contar.<\/p>\n","protected":false},"author":7,"featured_media":28720,"comment_status":"open","ping_status":"closed","sticky":false,"template":"","format":"standard","meta":{"footnotes":""},"categories":[5],"tags":[7853,7865,7869,7867,7866,7870,7868,7872,7871,7874,7842,392,393,94,51,7864,7863,7873],"class_list":["post-28068","post","type-post","status-publish","format-standard","has-post-thumbnail","hentry","category-espaciospublicos","tag-arboles-singulares","tag-cedro-del-atlas","tag-cedro-del-himalaya","tag-cedro-del-libano","tag-cedrus-atlantica","tag-cedrus-de-odara","tag-cedrus-libani","tag-fagus-sylvatica","tag-haya","tag-hyperion","tag-inigo-villanueva","tag-mancomunidad-de-la-comarca-de-pamplona","tag-mcp","tag-navarra","tag-pamplona","tag-parque-de-la-taconera","tag-secuoya","tag-sequoiadendron-giganteum"],"aioseo_notices":[],"_links":{"self":[{"href":"https:\/\/ecoblog.mcp.es\/l4r\/wp-json\/wp\/v2\/posts\/28068","targetHints":{"allow":["GET"]}}],"collection":[{"href":"https:\/\/ecoblog.mcp.es\/l4r\/wp-json\/wp\/v2\/posts"}],"about":[{"href":"https:\/\/ecoblog.mcp.es\/l4r\/wp-json\/wp\/v2\/types\/post"}],"author":[{"embeddable":true,"href":"https:\/\/ecoblog.mcp.es\/l4r\/wp-json\/wp\/v2\/users\/7"}],"replies":[{"embeddable":true,"href":"https:\/\/ecoblog.mcp.es\/l4r\/wp-json\/wp\/v2\/comments?post=28068"}],"version-history":[{"count":6,"href":"https:\/\/ecoblog.mcp.es\/l4r\/wp-json\/wp\/v2\/posts\/28068\/revisions"}],"predecessor-version":[{"id":28832,"href":"https:\/\/ecoblog.mcp.es\/l4r\/wp-json\/wp\/v2\/posts\/28068\/revisions\/28832"}],"wp:featuredmedia":[{"embeddable":true,"href":"https:\/\/ecoblog.mcp.es\/l4r\/wp-json\/wp\/v2\/media\/28720"}],"wp:attachment":[{"href":"https:\/\/ecoblog.mcp.es\/l4r\/wp-json\/wp\/v2\/media?parent=28068"}],"wp:term":[{"taxonomy":"category","embeddable":true,"href":"https:\/\/ecoblog.mcp.es\/l4r\/wp-json\/wp\/v2\/categories?post=28068"},{"taxonomy":"post_tag","embeddable":true,"href":"https:\/\/ecoblog.mcp.es\/l4r\/wp-json\/wp\/v2\/tags?post=28068"}],"curies":[{"name":"wp","href":"https:\/\/api.w.org\/{rel}","templated":true}]}}