{"id":28069,"date":"2022-09-14T08:00:00","date_gmt":"2022-09-14T06:00:00","guid":{"rendered":"https:\/\/ecoblog.mcp.es\/l4r\/?p=28069"},"modified":"2022-09-14T09:54:13","modified_gmt":"2022-09-14T07:54:13","slug":"los-arboles-singulares-de-la-taconera-ii","status":"publish","type":"post","link":"https:\/\/ecoblog.mcp.es\/l4r\/los-arboles-singulares-de-la-taconera-ii\/","title":{"rendered":"Los \u00e1rboles singulares de la Taconera II"},"content":{"rendered":"\r\n<p>En un post anterior <a href=\"https:\/\/ecoblog.mcp.es\/l4r\/los-arboles-singulares-de-la-taconera\/\"><strong>(Los \u00e1rboles singulares de la Taconera)<\/strong><\/a>, pase\u00e1bamos con el ingeniero de montes I\u00f1igo Villanueva, quien nos explicaba los tesoros arb\u00f3reos que alberga el parque de la Taconera de Pamplona y sus inmediaciones.<\/p>\r\n\r\n\r\n\r\n<p>De hecho, antes de entrar en el parque, ya hab\u00edamos encontrado hayas, robles y cedros.<\/p>\r\n\r\n\r\n\r\n<p>Una vez dentro, nos hab\u00edamos sentido como Gulliver entre los liliputienses ante la figura imponente de la Secuoya. Y adem\u00e1s, hab\u00edamos aprendido que la m\u00e1s grande del mundo superaba los 115 metros.<\/p>\r\n\r\n\r\n\r\n<p>Hoy estamos impacientes por conocer m\u00e1s curiosidades de este parque y de sus \u00e1rboles singulares, de la mano de un gu\u00eda de lujo como I\u00f1igo.<\/p>\r\n\r\n\r\n\r\n<p>\u00a0\u201cMira, eso es un <strong>Ginkgo<\/strong> (<em>Ginko biloba<\/em>) -comenta mientras dejamos atr\u00e1s una secuoya. Es uno de los \u00e1rboles singulares de la ciudad. Aunque es de hoja ancha, bot\u00e1nicamente es m\u00e1s cercano a las con\u00edferas que a las frondosas. \u00a0<\/p>\r\n<div id=\"attachment_28732\" style=\"width: 542px\" class=\"wp-caption aligncenter\"><img loading=\"lazy\" decoding=\"async\" aria-describedby=\"caption-attachment-28732\" class=\"wp-image-28732 size-full\" src=\"https:\/\/ecoblog.mcp.es\/l4r\/wp-content\/uploads\/2022\/11\/ginkgo.jpg\" alt=\"Ginkgo (Ginko biloba)\" width=\"532\" height=\"1024\" srcset=\"https:\/\/ecoblog.mcp.es\/l4r\/wp-content\/uploads\/2022\/11\/ginkgo.jpg 532w, https:\/\/ecoblog.mcp.es\/l4r\/wp-content\/uploads\/2022\/11\/ginkgo-156x300.jpg 156w\" sizes=\"auto, (max-width: 532px) 100vw, 532px\" \/><p id=\"caption-attachment-28732\" class=\"wp-caption-text\">Ginkgo (Ginko biloba)<\/p><\/div>\r\n<div id=\"attachment_28733\" style=\"width: 315px\" class=\"wp-caption aligncenter\"><img loading=\"lazy\" decoding=\"async\" aria-describedby=\"caption-attachment-28733\" class=\"wp-image-28733 size-full\" src=\"https:\/\/ecoblog.mcp.es\/l4r\/wp-content\/uploads\/2022\/11\/ginko-hoja.jpg\" alt=\"Hoja Gimko \" width=\"305\" height=\"291\" srcset=\"https:\/\/ecoblog.mcp.es\/l4r\/wp-content\/uploads\/2022\/11\/ginko-hoja.jpg 305w, https:\/\/ecoblog.mcp.es\/l4r\/wp-content\/uploads\/2022\/11\/ginko-hoja-300x286.jpg 300w\" sizes=\"auto, (max-width: 305px) 100vw, 305px\" \/><p id=\"caption-attachment-28733\" class=\"wp-caption-text\">Hoja Gimko<\/p><\/div>\r\n\r\n\r\n\r\n<p>Es una especie dioica, es decir hay \u201cejemplares hembra\u201d (con flores femeninas) y ejemplares \u201cmacho\u201d (con flores masculinas), como los acebos, sauces, tejos o \u00e1lamos y chopos.\u00a0 Hay varios en Pamplona: en los jardines de la Universidad de Navarra, en el hospital, en el Labrit, justo al lado de la muralla\u2026 En oto\u00f1o se le ponen las hojas amarillas y tiene forma de abanico. Puede llegar a vivir m\u00e1s de mil a\u00f1os y es un f\u00f3sil viviente, ya que exist\u00eda ya en \u00e9poca de los dinosaurios.<\/p>\r\n\r\n\r\n\r\n<p>Como an\u00e9cdota, los cient\u00edficos europeos cre\u00edan que se trataba de una especie extinta, hasta que a finales del siglo XVII se \u201credescubri\u00f3\u201d\u00a0 el Ginkgo en Jap\u00f3n. Es decir, el mundo occidental conoci\u00f3 antes los f\u00f3siles de este \u00e1rbol que los propios ejemplares vivos. Los ginkgos hab\u00edan sobrevivido en China y all\u00ed se encontraban principalmente en monasterios aislados y en general alejados, en los jardines de palacios y templos, donde los monjes budistas cultivaron el \u00e1rbol\u00a0 desde mucho tiempo atr\u00e1s por sus muchas buenas cualidades y posibilidades de empleo en la medicina tradicional. Es un \u00e1rbol muy resistente, tanto es as\u00ed que entre los escombros de la ciudad aniquilada de Hiroshima algunos ejemplares resurgieron con brotes sanos. As\u00ed que en Jap\u00f3n, y tambi\u00e9n en China, se le considera un \u00e1rbol sagrado, referente de vida\u201d.<\/p>\r\n\r\n\r\n\r\n<p>Unos pasos m\u00e1s all\u00e1, me invita a frotar las hojas de otro \u00e1rbol. \u201c\u00bfNotas algo parecido al aceite? Si lo hueles te dar\u00e1s cuenta de que su aroma es c\u00edtrico. Esto es un abeto. Existen muchas especies de abetos, pero en la pen\u00ednsula aparecen de forma natural 2, el abeto blanco (<em>Abies alba<\/em>) que lo podemos encontrar en el Pirineo navarro y el pinsapo (<em>Abies pinsapo<\/em>), pr\u00e1cticamente un endemismo de algunas zonas monta\u00f1osas de Andaluc\u00eda\u201d.<\/p>\r\n\r\n\r\n\r\n<p>Detengo nuestro paseo porque observo un \u00e1rbol con un aspecto extra\u00f1o. Es como si le faltara algo. \u201cEfectivamente, a este cipr\u00e9s se le rompi\u00f3 una de sus ramas principales. Su aspecto es el motivo de su singularidad. \u00bfSab\u00edas que puede vivir m\u00e1s de 500 a\u00f1os?\u201d.<\/p>\r\n\r\n\r\n\r\n<p>Entonces pienso que no es de extra\u00f1ar que lo consideren el \u00e1rbol de la eternidad y que se plante en los cementerios. \u201cLa sombra del cipr\u00e9s es alargada\u201d, dec\u00eda el poeta. El aire hace llegar hasta m\u00ed un aroma agradable.<\/p>\r\n\r\n\r\n\r\n<p>\u201cEl que huele as\u00ed es un <strong>magnolio<\/strong>. Sus flores son grandes y su fragancia lo envuelve todo. Es un \u00e1rbol perenne, frecuentemente empleado en ornamentaci\u00f3n. Tienes otro ejemplar fant\u00e1stico en la sede de la Mancomunidad de la Comarca de Pamplona\u201d.<\/p>\r\n<div id=\"attachment_28734\" style=\"width: 1034px\" class=\"wp-caption aligncenter\"><img loading=\"lazy\" decoding=\"async\" aria-describedby=\"caption-attachment-28734\" class=\"wp-image-28734 size-full\" src=\"https:\/\/ecoblog.mcp.es\/l4r\/wp-content\/uploads\/2022\/11\/magnolio.jpg\" alt=\"Magnolio de la sede de la Mancomunidad de la Comarca de Pamplona\" width=\"1024\" height=\"479\" srcset=\"https:\/\/ecoblog.mcp.es\/l4r\/wp-content\/uploads\/2022\/11\/magnolio.jpg 1024w, https:\/\/ecoblog.mcp.es\/l4r\/wp-content\/uploads\/2022\/11\/magnolio-300x140.jpg 300w, https:\/\/ecoblog.mcp.es\/l4r\/wp-content\/uploads\/2022\/11\/magnolio-768x359.jpg 768w\" sizes=\"auto, (max-width: 1024px) 100vw, 1024px\" \/><p id=\"caption-attachment-28734\" class=\"wp-caption-text\">Magnolio de la sede de la Mancomunidad de la Comarca de Pamplona<\/p><\/div>\r\n\r\n\r\n\r\n<p>Pero no vamos a llegar hasta all\u00ed para verlo, porque a\u00fan nos quedan muchos tesoros por descubrir aqu\u00ed que contaremos en otro post <a href=\"https:\/\/ecoblog.mcp.es\/l4r\/los-arboles-sing\u2026-la-taconera-iii\/\"><strong>(leer aqu\u00ed).<\/strong><\/a><\/p>\r\n\r\n\r\n\r\n<p>\u00bfNos acompa\u00f1\u00e1is?<\/p>\r\n<p><strong>+ INFO:<\/strong><\/p>\r\n<p>\r\n\r\n<\/p>\r\n<figure class=\"wp-block-embed\">\r\n<div class=\"wp-block-embed__wrapper\">https:\/\/www.pamplona.es\/sites\/default\/files\/2019-02\/Arboles%20viejos%20y%20arboles%20singulares%20de%20Pamplona.pdf<\/div>\r\n<\/figure>\r\n","protected":false},"excerpt":{"rendered":"<p>\u00bfSabes lo que es una especie dioica? \u00bfSabes que el mundo occidental conoci\u00f3 antes los f\u00f3siles de un \u00e1rbol que sus propios ejemplares vivos? El ingeniero de montes I\u00f1igo Villanueva, nos sigue descubriendo los tesoros arb\u00f3reos que alberga el parque de la Taconera de Pamplona y sus inmediaciones.<\/p>\n","protected":false},"author":7,"featured_media":28735,"comment_status":"open","ping_status":"closed","sticky":false,"template":"","format":"standard","meta":{"footnotes":""},"categories":[5],"tags":[7856,7854,7861,7853,7857,7860,7862,7842,7855,392,393,7859,7858,7863],"class_list":["post-28069","post","type-post","status-publish","format-standard","has-post-thumbnail","hentry","category-espaciospublicos","tag-abeto-blanco","tag-abies-alba","tag-abies-pinsapo","tag-arboles-singulares","tag-cipres","tag-ginkgo","tag-ginko-biloba","tag-inigo-villanueva","tag-magnolio","tag-mancomunidad-de-la-comarca-de-pamplona","tag-mcp","tag-pinsapo","tag-pirineo-navarro","tag-secuoya"],"aioseo_notices":[],"_links":{"self":[{"href":"https:\/\/ecoblog.mcp.es\/l4r\/wp-json\/wp\/v2\/posts\/28069","targetHints":{"allow":["GET"]}}],"collection":[{"href":"https:\/\/ecoblog.mcp.es\/l4r\/wp-json\/wp\/v2\/posts"}],"about":[{"href":"https:\/\/ecoblog.mcp.es\/l4r\/wp-json\/wp\/v2\/types\/post"}],"author":[{"embeddable":true,"href":"https:\/\/ecoblog.mcp.es\/l4r\/wp-json\/wp\/v2\/users\/7"}],"replies":[{"embeddable":true,"href":"https:\/\/ecoblog.mcp.es\/l4r\/wp-json\/wp\/v2\/comments?post=28069"}],"version-history":[{"count":6,"href":"https:\/\/ecoblog.mcp.es\/l4r\/wp-json\/wp\/v2\/posts\/28069\/revisions"}],"predecessor-version":[{"id":28808,"href":"https:\/\/ecoblog.mcp.es\/l4r\/wp-json\/wp\/v2\/posts\/28069\/revisions\/28808"}],"wp:featuredmedia":[{"embeddable":true,"href":"https:\/\/ecoblog.mcp.es\/l4r\/wp-json\/wp\/v2\/media\/28735"}],"wp:attachment":[{"href":"https:\/\/ecoblog.mcp.es\/l4r\/wp-json\/wp\/v2\/media?parent=28069"}],"wp:term":[{"taxonomy":"category","embeddable":true,"href":"https:\/\/ecoblog.mcp.es\/l4r\/wp-json\/wp\/v2\/categories?post=28069"},{"taxonomy":"post_tag","embeddable":true,"href":"https:\/\/ecoblog.mcp.es\/l4r\/wp-json\/wp\/v2\/tags?post=28069"}],"curies":[{"name":"wp","href":"https:\/\/api.w.org\/{rel}","templated":true}]}}