{"id":28095,"date":"2021-10-20T08:00:00","date_gmt":"2021-10-20T06:00:00","guid":{"rendered":"https:\/\/ecoblog.mcp.es\/l4r\/?p=28095"},"modified":"2021-10-04T12:00:49","modified_gmt":"2021-10-04T10:00:49","slug":"explorando-nuevos-materiales","status":"publish","type":"post","link":"https:\/\/ecoblog.mcp.es\/l4r\/explorando-nuevos-materiales\/","title":{"rendered":"Explorando nuevos materiales"},"content":{"rendered":"\n<p>Sara Unzueta, alumna de grado en dise\u00f1o y en ingenier\u00eda de dise\u00f1o industrial de la <strong><a href=\"https:\/\/www.elisava.net\/\" target=\"_blank\" rel=\"noreferrer noopener\">Escuela Universitaria de Dise\u00f1o e Ingenier\u00eda de Barcelona<\/a><\/strong>, ha presentado su proyecto <em>Seeds<\/em>. Se trata de una prenda dise\u00f1ada con semillas. El procedimiento comienza con la impresi\u00f3n 3D del patr\u00f3n de la pieza con las dimensiones de la persona que va a adquirir la prenda. Este molde se llena de semillas y posteriormente se siembra. Las semillas germinan transform\u00e1ndose en ra\u00edces que crecen tomando la forma del patr\u00f3n de la pieza. El resultado final se concreta en una prenda creada a base de ra\u00edces, cuyas partes que han podido quedar separadas se unen mediante hilo de yuca.<\/p>\n\n\n\n<div class=\"wp-block-image\"><figure class=\"aligncenter size-large\"><img loading=\"lazy\" decoding=\"async\" width=\"484\" height=\"526\" src=\"https:\/\/ecoblog.mcp.es\/l4r\/wp-content\/uploads\/2021\/10\/prenda.png\" alt=\"\" class=\"wp-image-28096\" srcset=\"https:\/\/ecoblog.mcp.es\/l4r\/wp-content\/uploads\/2021\/10\/prenda.png 484w, https:\/\/ecoblog.mcp.es\/l4r\/wp-content\/uploads\/2021\/10\/prenda-276x300.png 276w\" sizes=\"auto, (max-width: 484px) 100vw, 484px\" \/><\/figure><\/div>\n\n\n\n<p>Curioso \u00bfno? Y ambicioso.<\/p>\n\n\n\n<p>Porque este proyecto no se detiene en la confecci\u00f3n de productos textiles. Va m\u00e1s all\u00e1. Este proyecto apuesta por la producci\u00f3n local y pretende crear un v\u00ednculo entre el colectivo productor de materia prima y el colectivo consumidor que se identifica con la prenda a la que le da un valor especial.<\/p>\n\n\n\n<p>Algo totalmente ajeno al concepto de fast-fashion, la moda r\u00e1pida a bajo coste que invita a adquirir prendas nuevas, normalmente de baja calidad y confeccionadas a escala. \u201cEfectivamente, el proyecto promueve el slow-fashion como reivindicaci\u00f3n al consumo posmoderno que ha cambiado la manera de comprar y consumir de la sociedad. Dentro de este nuevo concepto de moda ecol\u00f3gica, el proyecto forma parte de los Growing Textiles, disciplina que propone alternativas sostenibles en la industria textil futura.\u00bb, aseguran desde la propia escuela.<\/p>\n\n\n\n<p><br>Es decir, una moda regida por los principios de la econom\u00eda circular que pretende dise\u00f1ar prendas a partir de la naturaleza, para minimizar el impacto humano sobre el medio ambiente; una moda que promueve la utilizaci\u00f3n de materiales de origen renovable y biol\u00f3gico como alternativa a los tejidos de la industria textil actual.<\/p>\n\n\n\n<p>Se puede decir, por lo tanto, que <em>Seeds <\/em>es un digno heredero de la filosof\u00eda de esta escuela universitaria donde, en palabras de Marta Gonz\u00e1lez, investigadora senior de Elisava Research y responsable de la plataforma Materials Narratives, \u201centendemos los materiales que nos rodean de forma transversal, desde una mirada social, cultural, sostenible y tecnol\u00f3gica\u201d. No en vano, el departamento de Investigaci\u00f3n de esta escuela est\u00e1 centrando en la investigaci\u00f3n y creaci\u00f3n de nuevos materiales, al tiempo que pone el foco en formar a las nuevas generaciones como profesionales de dise\u00f1o sostenible. <\/p>\n\n\n\n<p>\u201cQueremos contribuir a la generaci\u00f3n de\u00a0una industria alternativa que regenere la materia en lugar de extraerla, imitando los procesos de la naturaleza; o que la repare, utilizando residuos como materia prima.\u00a0Creemos que las mayores innovaciones del siglo XXI se encontrar\u00e1n en la intersecci\u00f3n de la biolog\u00eda y la tecnolog\u00eda\u201d.<\/p>\n\n\n\n<p>No es la primera vez que hablamos de Elisava en este blog. En un post anterior (<strong><a href=\"https:\/\/ecoblog.mcp.es\/l4r\/clint-el-nuevo-material-extraido-del-residuo-textil-de-las-maquinas-secadoras\/\" target=\"_blank\" rel=\"noreferrer noopener\">leer aqu\u00ed<\/a><\/strong>) descubrimos el Clint, un nuevo material de papeler\u00eda elaborado con pelusas de prendas textiles. Por otra parte, \u201c<em>From the ashes<\/em>\u201d, de\u00a0la alumna Benedikt Dietz\u00a0del\u00a0<em>Master in Design Through New Materials<\/em>, acaba de resultar ganador del\u00a0<em>European Product Design Award<\/em>.\u00a0Este proyecto redefine viejas recetas de vidrio con nuevas cadenas de suministro circulares, como las cenizas y las conchas marinas. Nuevas t\u00e9cnicas de fabricaci\u00f3n que usan tecnolog\u00edas digitales y\/o la bio-fabricaci\u00f3n, para crear c\u00e9lulas, algas, hongos, bacterias y plantas\u2026 Todos son ejemplos del trabajo que se desarrolla en este centro donde \u201cadem\u00e1s de las propiedades pasivas, nos interesan las propiedades activas y din\u00e1micas de los materiales, que nos permiten desarrollar productos que cambian sus propiedades adapt\u00e1ndose al entorno y\/o en productos y sistemas din\u00e1micos multifuncionales\u201d, explica Marta.\u00a0<\/p>\n\n\n\n<p>Pero \u00bftienen recorrido estos materiales? Entendemos que a nivel educativo y formativo tengan su importancia, sobre todo para concienciar al alumnado. Pero todas estas investigaciones y creaciones, \u00bftienen posibilidad luego de lograr un hueco en el mercado? \u201cSin duda creemos que s\u00ed lo tienen.&nbsp;En el caso del material Clint, la industria lo ha acogido con gran inter\u00e9s. Hay 30 empresas que se han interesado en adquirir este material.&nbsp;Ese es uno de nuestros objetivos. Desde aqu\u00ed promovemos que el alumnado&nbsp;tenga siempre la mirada puesta en la escalabilidad industrial\u201d, asegura la investigadora.<\/p>\n\n\n\n<p>Consigan o no implantarse en el mercado, lo que est\u00e1 claro es que conocer la versatilidad de los materiales sirve de punto de partida para fomentar la creatividad de profesionales del futuro que se enfrentar\u00e1n al reto de descubrir nuevos caminos que nos reconcilien con el medio ambiente y la sostenibilidad.<\/p>\n","protected":false},"excerpt":{"rendered":"<p>Contribuir a la generaci\u00f3n de una industria alternativa que regenere la materia en lugar de extraerla, imitando los procesos de la naturaleza; o que la repare, utilizando residuos como materia prima. Este es el objetivo de Elisava, la Escuela Universitaria de Dise\u00f1o e Ingenier\u00eda de Barcelona, que forma a profesionales del futuro que se enfrentar\u00e1n al reto de descubrir en el mundo del dise\u00f1o nuevos materiales que nos reconcilien con el medio ambiente y la sostenibilidad.<\/p>\n","protected":false},"author":7,"featured_media":28097,"comment_status":"open","ping_status":"closed","sticky":false,"template":"","format":"standard","meta":{"footnotes":""},"categories":[4],"tags":[7919,7257,7915,1573,7259,7914,7260,7918,7910,7916,7909,2432,7913,7385,7917,2456,7911,7912],"class_list":["post-28095","post","type-post","status-publish","format-standard","has-post-thumbnail","hentry","category-mundosostenible","tag-bio-fabricacion","tag-clint","tag-diseno-sostenible","tag-economia-circular","tag-elisava","tag-elisava-research","tag-escuela-universitaria-de-diseno-e-ingenieria-de-barcelona","tag-european-product-design-award","tag-fast-fashion","tag-from-the-ashes","tag-growing-textiles","tag-mancomunidad-de-la-comarca-de-pamplona-es","tag-marta-gonzalez","tag-master-in-design-through-new-materials","tag-materials-narratives","tag-mcp-es","tag-seeds","tag-slow-fashion-2"],"aioseo_notices":[],"_links":{"self":[{"href":"https:\/\/ecoblog.mcp.es\/l4r\/wp-json\/wp\/v2\/posts\/28095","targetHints":{"allow":["GET"]}}],"collection":[{"href":"https:\/\/ecoblog.mcp.es\/l4r\/wp-json\/wp\/v2\/posts"}],"about":[{"href":"https:\/\/ecoblog.mcp.es\/l4r\/wp-json\/wp\/v2\/types\/post"}],"author":[{"embeddable":true,"href":"https:\/\/ecoblog.mcp.es\/l4r\/wp-json\/wp\/v2\/users\/7"}],"replies":[{"embeddable":true,"href":"https:\/\/ecoblog.mcp.es\/l4r\/wp-json\/wp\/v2\/comments?post=28095"}],"version-history":[{"count":1,"href":"https:\/\/ecoblog.mcp.es\/l4r\/wp-json\/wp\/v2\/posts\/28095\/revisions"}],"predecessor-version":[{"id":28098,"href":"https:\/\/ecoblog.mcp.es\/l4r\/wp-json\/wp\/v2\/posts\/28095\/revisions\/28098"}],"wp:featuredmedia":[{"embeddable":true,"href":"https:\/\/ecoblog.mcp.es\/l4r\/wp-json\/wp\/v2\/media\/28097"}],"wp:attachment":[{"href":"https:\/\/ecoblog.mcp.es\/l4r\/wp-json\/wp\/v2\/media?parent=28095"}],"wp:term":[{"taxonomy":"category","embeddable":true,"href":"https:\/\/ecoblog.mcp.es\/l4r\/wp-json\/wp\/v2\/categories?post=28095"},{"taxonomy":"post_tag","embeddable":true,"href":"https:\/\/ecoblog.mcp.es\/l4r\/wp-json\/wp\/v2\/tags?post=28095"}],"curies":[{"name":"wp","href":"https:\/\/api.w.org\/{rel}","templated":true}]}}