{"id":28136,"date":"2021-11-17T08:00:00","date_gmt":"2021-11-17T07:00:00","guid":{"rendered":"https:\/\/ecoblog.mcp.es\/l4r\/?p=28136"},"modified":"2021-11-11T13:29:32","modified_gmt":"2021-11-11T12:29:32","slug":"duelas-de-barriles-con-luz-propia","status":"publish","type":"post","link":"https:\/\/ecoblog.mcp.es\/l4r\/duelas-de-barriles-con-luz-propia\/","title":{"rendered":"Duelas de barriles con luz propia"},"content":{"rendered":"\n<p>Jes\u00fas Prieto entendi\u00f3 un d\u00eda que la vida que llevaba en Donostia (Gipuzkoa) no era la que quer\u00eda, as\u00ed que, junto a su mujer, busc\u00f3 otro emplazamiento y cambi\u00f3 la costa por un peque\u00f1o pueblo navarro rodeado de monte, Zabal. All\u00ed construy\u00f3 su propia casa y abri\u00f3 su negocio de enmarcaciones en la vecina Estella.<\/p>\n\n\n\n<p>Pero en 2008 lleg\u00f3 la crisis y tuvo que cerrar. Afortunadamente, el taller de casa, en el que tambi\u00e9n desempe\u00f1aba su actividad profesional de carpintero en sus ratos libres, puso convertirse en su lugar de trabajo en el que dise\u00f1ar y confeccionar muebles, utensilios de madera, etc.<\/p>\n\n\n\n<p>Al estar afincado en una tierra de vinos, los toneles siempre formaron parte de sus paisajes habituales. Unos toneles manufacturados con una extraordinaria madera que, a menudo, acababan abandonados, rotos o malutilizados cuando acaban su vida \u00fatil. Para un carpintero como \u00e9l desperdiciar aquella madera de tan alta calidad era algo que requer\u00eda de una soluci\u00f3n urgente.<\/p>\n\n\n\n<div class=\"wp-block-image\"><figure class=\"aligncenter size-large\"><img loading=\"lazy\" decoding=\"async\" width=\"1024\" height=\"613\" src=\"https:\/\/ecoblog.mcp.es\/l4r\/wp-content\/uploads\/2021\/11\/251742002_7126198527406068_3952515387612169607_n.jpg\" alt=\"\" class=\"wp-image-28137\" srcset=\"https:\/\/ecoblog.mcp.es\/l4r\/wp-content\/uploads\/2021\/11\/251742002_7126198527406068_3952515387612169607_n.jpg 1024w, https:\/\/ecoblog.mcp.es\/l4r\/wp-content\/uploads\/2021\/11\/251742002_7126198527406068_3952515387612169607_n-300x180.jpg 300w, https:\/\/ecoblog.mcp.es\/l4r\/wp-content\/uploads\/2021\/11\/251742002_7126198527406068_3952515387612169607_n-768x460.jpg 768w, https:\/\/ecoblog.mcp.es\/l4r\/wp-content\/uploads\/2021\/11\/251742002_7126198527406068_3952515387612169607_n-600x359.jpg 600w\" sizes=\"auto, (max-width: 1024px) 100vw, 1024px\" \/><\/figure><\/div>\n\n\n\n<p>Esto le sirvi\u00f3 de acicate para experimentar, para dise\u00f1ar, para pensar qu\u00e9 segunda vida dar a aquella madera, para reutilizar. Y alguien le coment\u00f3 que se convertir\u00eda en un experto en Ecodise\u00f1o. \u201cMe di cuenta de que siempre hab\u00edamos hecho ecodise\u00f1o en esta casa, pero sin saberlo. De repente, nuestra forma de trabajar y de mirar los materiales ten\u00eda nombre\u201d.<\/p>\n\n\n\n<p>Su hija Amaia, tan entusiasta de la reutilizaci\u00f3n como \u00e9l, decidi\u00f3 encaminar sus pasos al mundo del dise\u00f1o. \u201cPorque la gente en los pueblos tambi\u00e9n tenemos gusto y sabemos hacer las cosas. El tema del reciclaje y de la reutilizaci\u00f3n de materiales no est\u00e1 limitado al mundo hippie. Aqu\u00ed trabajamos para que los residuos se puedan convertir en un recurso y en una materia prima para elaborar productos \u00fatiles, bonitos y glamurosos\u201d.<\/p>\n\n\n\n<p>Durante sus a\u00f1os de formaci\u00f3n, muchas fueron las conversaciones que mantuvieron padre e hija sobre el futuro, asentando, sin saberlo, las bases de un nuevo negocio familiar. \u201cCuando mi padre me hablaba de las duelas de los barriles y de lo que se podr\u00eda hacer con ellas, yo no lo ve\u00eda claro. Me parec\u00edan unas creaciones demasiado toscas. Pero cuando recib\u00ed en Polonia las primeras fotograf\u00edas de las duelas laminadas supe que ah\u00ed estaba el secreto. Que aquello hab\u00eda que explotar\u201d.<\/p>\n\n\n\n<div class=\"wp-block-image\"><figure class=\"aligncenter size-large\"><img loading=\"lazy\" decoding=\"async\" width=\"1024\" height=\"676\" src=\"https:\/\/ecoblog.mcp.es\/l4r\/wp-content\/uploads\/2021\/11\/IMG-20211101-WA0014.jpg\" alt=\"\" class=\"wp-image-28138\" srcset=\"https:\/\/ecoblog.mcp.es\/l4r\/wp-content\/uploads\/2021\/11\/IMG-20211101-WA0014.jpg 1024w, https:\/\/ecoblog.mcp.es\/l4r\/wp-content\/uploads\/2021\/11\/IMG-20211101-WA0014-300x198.jpg 300w, https:\/\/ecoblog.mcp.es\/l4r\/wp-content\/uploads\/2021\/11\/IMG-20211101-WA0014-768x507.jpg 768w, https:\/\/ecoblog.mcp.es\/l4r\/wp-content\/uploads\/2021\/11\/IMG-20211101-WA0014-600x396.jpg 600w\" sizes=\"auto, (max-width: 1024px) 100vw, 1024px\" \/><\/figure><\/div>\n\n\n\n<p>Y as\u00ed lo hicieron. En la actualidad Baku-Barrikupel es una empresa que se dedica a hacer l\u00e1mparas con duelas laminadas. Pero no unas l\u00e1mparas cualquiera, sino unas l\u00e1mparas convertibles, que pueden ser horizontales o verticales, de mesa o de techo, de ambiente o de luz de trabajo, seg\u00fan las necesidades. Unas l\u00e1mparas manufacturadas con las duelas cedidas de una toneler\u00eda de Oll\u00f3n, \u201call\u00ed las ten\u00edan ya sueltas y no sab\u00edan qu\u00e9 hacer con ellas y nos las regalaron\u201d, con gomas ya inservibles para la empresa de ascensores que se las proporciona, y con un tubo de iluminaci\u00f3n que tambi\u00e9n es un residuo para los talleres de coches que se los regala. \u201cLa idea es aprovecharlo todo y convencer a la gente de que el residuo 0 es posible. Creemos que a la hora de dise\u00f1ar no debemos pensar en lo que queremos hacer y en los materiales que vamos a utilizar para conseguirlo, sino justo lo contrario. Queremos mirar con qu\u00e9 materiales contamos y en funci\u00f3n de eso decidir qu\u00e9 segunda vida queremos darles\u201d.<\/p>\n\n\n\n<figure class=\"wp-block-image size-large\"><img loading=\"lazy\" decoding=\"async\" width=\"1024\" height=\"661\" src=\"https:\/\/ecoblog.mcp.es\/l4r\/wp-content\/uploads\/2021\/11\/los-dos.jpg\" alt=\"\" class=\"wp-image-28141\" srcset=\"https:\/\/ecoblog.mcp.es\/l4r\/wp-content\/uploads\/2021\/11\/los-dos.jpg 1024w, https:\/\/ecoblog.mcp.es\/l4r\/wp-content\/uploads\/2021\/11\/los-dos-300x194.jpg 300w, https:\/\/ecoblog.mcp.es\/l4r\/wp-content\/uploads\/2021\/11\/los-dos-768x496.jpg 768w, https:\/\/ecoblog.mcp.es\/l4r\/wp-content\/uploads\/2021\/11\/los-dos-600x387.jpg 600w\" sizes=\"auto, (max-width: 1024px) 100vw, 1024px\" \/><\/figure>\n\n\n\n<p>La madera que sobra tras terminar de fabricar las l\u00e1mparas se guarda para hacer peque\u00f1os souvenirs: abrelatas, llaveros, etc. La antigua mesa de carpintero que Jes\u00fas utilizaba en su taller se ha convertido ahora en el soporte de la imagen corporativa de la empresa familiar. Y el packanging tambi\u00e9n es reutilizable. \u201cNo nos gustaba mandar las l\u00e1mparas envueltas en pl\u00e1stico y aprovechamos una entrevista que nos hicieron en la radio para hacer un llamamiento a las empresas por si hubiera alguna que tuviera una soluci\u00f3n acorde a nuestra filosof\u00eda de negocio. Al poco nos llam\u00f3 una empresa que trabajaba con madera y que no sab\u00eda qu\u00e9 hacer con algunos recortes. Gustosamente los recogimos e hicimos cajas en las que metemos nuestras l\u00e1mparas para hacer los env\u00edos. Son unas cajas que despu\u00e9s se pueden convertir en otra cosa. De hecho, queremos incluir en nuestra web una secci\u00f3n en la que dar ideas para dar una segunda vida al pacaknging\u201d.<\/p>\n\n\n\n<div class=\"wp-block-image\"><figure class=\"aligncenter size-large\"><img loading=\"lazy\" decoding=\"async\" width=\"1020\" height=\"639\" src=\"https:\/\/ecoblog.mcp.es\/l4r\/wp-content\/uploads\/2021\/11\/251303816_7126196914072896_2582607722527142598_n.jpg\" alt=\"\" class=\"wp-image-28140\" srcset=\"https:\/\/ecoblog.mcp.es\/l4r\/wp-content\/uploads\/2021\/11\/251303816_7126196914072896_2582607722527142598_n.jpg 1020w, https:\/\/ecoblog.mcp.es\/l4r\/wp-content\/uploads\/2021\/11\/251303816_7126196914072896_2582607722527142598_n-300x188.jpg 300w, https:\/\/ecoblog.mcp.es\/l4r\/wp-content\/uploads\/2021\/11\/251303816_7126196914072896_2582607722527142598_n-768x481.jpg 768w, https:\/\/ecoblog.mcp.es\/l4r\/wp-content\/uploads\/2021\/11\/251303816_7126196914072896_2582607722527142598_n-600x376.jpg 600w\" sizes=\"auto, (max-width: 1020px) 100vw, 1020px\" \/><\/figure><\/div>\n\n\n\n<p>No es el \u00fanico proyecto de futuro que tienen para la empresa. \u201cNos encantar\u00eda organizar talleres para que quienes vengan puedan hacer sus propias l\u00e1mparas, as\u00ed como colocar una wecam para grabar el proceso de elaboraci\u00f3n de los pedidos que nos llegan, para que quien compre vea en directo c\u00f3mo va cogiendo forma lo que despu\u00e9s lucir\u00e1 en su casa. Es una manera de que el comprador o compradora se identifique con el producto\u201d.<\/p>\n\n\n\n<p>Al margen de las l\u00e1mparas, Baku- Barrikupel colabora con empresas, estudios de arquitectura y dise\u00f1o, as\u00ed como con el Gobierno de Navarra. De hecho, con el gobierno foral colabora en el programa \u201cPueblos llenos de futuro\u201d, que pretende fomentar el emprendimiento en el \u00e1mbito rural de Navarra. \u201cEn los pueblos de Navarra hay mucho potencial. Algunos son muy peque\u00f1os pero las comunicaciones son muy buenas. Nos gustar\u00eda que cada vez m\u00e1s gente viniera a los pueblos, porque vivir en ellos no es encerrarte, sino descubrir una nueva forma de vivir\u201d.<\/p>\n\n\n\n<p>Si te ha gustado este post, quiz\u00e1 puedan interesarte tambi\u00e9n estos otros:<\/p>\n\n\n\n<figure class=\"wp-block-embed-wordpress wp-block-embed is-type-wp-embed is-provider-blogmcp\"><div class=\"wp-block-embed__wrapper\">\n<blockquote class=\"wp-embedded-content\" data-secret=\"MmMZCFSDt8\"><a href=\"https:\/\/ecoblog.mcp.es\/l4r\/explorando-nuevos-materiales\/\">Explorando nuevos materiales<\/a><\/blockquote><iframe loading=\"lazy\" class=\"wp-embedded-content\" sandbox=\"allow-scripts\" security=\"restricted\" style=\"position: absolute; clip: rect(1px, 1px, 1px, 1px);\" title=\"\u00abExplorando nuevos materiales\u00bb \u2014 blogmcp\" src=\"https:\/\/ecoblog.mcp.es\/l4r\/explorando-nuevos-materiales\/embed\/#?secret=MmMZCFSDt8\" data-secret=\"MmMZCFSDt8\" width=\"600\" height=\"338\" frameborder=\"0\" marginwidth=\"0\" marginheight=\"0\" scrolling=\"no\"><\/iframe>\n<\/div><\/figure>\n\n\n\n<figure class=\"wp-block-embed-wordpress wp-block-embed is-type-wp-embed is-provider-blogmcp\"><div class=\"wp-block-embed__wrapper\">\n<blockquote class=\"wp-embedded-content\" data-secret=\"YnBfQQCJiH\"><a href=\"https:\/\/ecoblog.mcp.es\/l4r\/nuevos-materiales-para-nuevos-tiempos\/\">Nuevos materiales para nuevos tiempos<\/a><\/blockquote><iframe loading=\"lazy\" class=\"wp-embedded-content\" sandbox=\"allow-scripts\" security=\"restricted\" style=\"position: absolute; clip: rect(1px, 1px, 1px, 1px);\" title=\"\u00abNuevos materiales para nuevos tiempos\u00bb \u2014 blogmcp\" src=\"https:\/\/ecoblog.mcp.es\/l4r\/nuevos-materiales-para-nuevos-tiempos\/embed\/#?secret=YnBfQQCJiH\" data-secret=\"YnBfQQCJiH\" width=\"600\" height=\"338\" frameborder=\"0\" marginwidth=\"0\" marginheight=\"0\" scrolling=\"no\"><\/iframe>\n<\/div><\/figure>\n\n\n\n<figure class=\"wp-block-embed-wordpress wp-block-embed is-type-wp-embed is-provider-blogmcp\"><div class=\"wp-block-embed__wrapper\">\n<blockquote class=\"wp-embedded-content\" data-secret=\"JowWkBux8n\"><a href=\"https:\/\/ecoblog.mcp.es\/l4r\/del-mundo-ideal-al-mundo-real\/\">Del mundo ideal al mundo real<\/a><\/blockquote><iframe loading=\"lazy\" class=\"wp-embedded-content\" sandbox=\"allow-scripts\" security=\"restricted\" style=\"position: absolute; clip: rect(1px, 1px, 1px, 1px);\" title=\"\u00abDel mundo ideal al mundo real\u00bb \u2014 blogmcp\" src=\"https:\/\/ecoblog.mcp.es\/l4r\/del-mundo-ideal-al-mundo-real\/embed\/#?secret=JowWkBux8n\" data-secret=\"JowWkBux8n\" width=\"600\" height=\"338\" frameborder=\"0\" marginwidth=\"0\" marginheight=\"0\" scrolling=\"no\"><\/iframe>\n<\/div><\/figure>\n","protected":false},"excerpt":{"rendered":"<p>Zabal es un peque\u00f1o pueblo cercano a Estella (Navarra) en el que vive y trabaja Jes\u00fas Prieto, junto a su hija Amaia. La econom\u00eda circular y el residuo 0 se han convertido en el leifmotiv de su quehacer diario y el ecodise\u00f1o, en la nueva acepci\u00f3n que ha tenido que aprender para denominar a lo que lleva haciendo toda la vida. Nos recibe en su taller donde hace l\u00e1mparas con duelas de barriles de vino.<\/p>\n","protected":false},"author":7,"featured_media":28142,"comment_status":"open","ping_status":"closed","sticky":false,"template":"","format":"standard","meta":{"footnotes":""},"categories":[2305],"tags":[7952,7950,2492,1573,7956,7954,2432,2456,7958,2504,7957,7953,7955,7959,7951],"class_list":["post-28136","post","type-post","status-publish","format-standard","has-post-thumbnail","hentry","category-residuos4r","tag-amaia-prieto","tag-barrikupel","tag-ecodiseno-es","tag-economia-circular","tag-empresa-familiar","tag-jesus-prieto","tag-mancomunidad-de-la-comarca-de-pamplona-es","tag-mcp-es","tag-medio-rural","tag-navarra-es","tag-residuo-0","tag-tierra-estella","tag-tierras-de-iranzu","tag-waste-0","tag-zabal"],"aioseo_notices":[],"_links":{"self":[{"href":"https:\/\/ecoblog.mcp.es\/l4r\/wp-json\/wp\/v2\/posts\/28136","targetHints":{"allow":["GET"]}}],"collection":[{"href":"https:\/\/ecoblog.mcp.es\/l4r\/wp-json\/wp\/v2\/posts"}],"about":[{"href":"https:\/\/ecoblog.mcp.es\/l4r\/wp-json\/wp\/v2\/types\/post"}],"author":[{"embeddable":true,"href":"https:\/\/ecoblog.mcp.es\/l4r\/wp-json\/wp\/v2\/users\/7"}],"replies":[{"embeddable":true,"href":"https:\/\/ecoblog.mcp.es\/l4r\/wp-json\/wp\/v2\/comments?post=28136"}],"version-history":[{"count":2,"href":"https:\/\/ecoblog.mcp.es\/l4r\/wp-json\/wp\/v2\/posts\/28136\/revisions"}],"predecessor-version":[{"id":28145,"href":"https:\/\/ecoblog.mcp.es\/l4r\/wp-json\/wp\/v2\/posts\/28136\/revisions\/28145"}],"wp:featuredmedia":[{"embeddable":true,"href":"https:\/\/ecoblog.mcp.es\/l4r\/wp-json\/wp\/v2\/media\/28142"}],"wp:attachment":[{"href":"https:\/\/ecoblog.mcp.es\/l4r\/wp-json\/wp\/v2\/media?parent=28136"}],"wp:term":[{"taxonomy":"category","embeddable":true,"href":"https:\/\/ecoblog.mcp.es\/l4r\/wp-json\/wp\/v2\/categories?post=28136"},{"taxonomy":"post_tag","embeddable":true,"href":"https:\/\/ecoblog.mcp.es\/l4r\/wp-json\/wp\/v2\/tags?post=28136"}],"curies":[{"name":"wp","href":"https:\/\/api.w.org\/{rel}","templated":true}]}}