{"id":28241,"date":"2022-01-27T08:00:00","date_gmt":"2022-01-27T07:00:00","guid":{"rendered":"https:\/\/ecoblog.mcp.es\/l4r\/?p=28241"},"modified":"2022-01-25T11:58:43","modified_gmt":"2022-01-25T10:58:43","slug":"activismo-medioambiental-frente-a-cambio-climatico","status":"publish","type":"post","link":"https:\/\/ecoblog.mcp.es\/l4r\/activismo-medioambiental-frente-a-cambio-climatico\/","title":{"rendered":"Activismo medioambiental frente a cambio clim\u00e1tico"},"content":{"rendered":"\n<p>El 28 de enero se celebra el <a href=\"https:\/\/www.diainternacionalde.com\/ficha\/dia-mundial-calentamiento-terrestre\">D\u00eda Mundial de la Acci\u00f3n frente al Calentamiento Terrestre<\/a>, tambi\u00e9n llamado D\u00eda Mundial por la Reducci\u00f3n de las Emisiones de CO2.<strong> <\/strong>Tal y como coment\u00e1bamos en un <strong><a href=\"https:\/\/ecoblog.mcp.es\/l4r\/fenomenos-extremos-a-consecuencia-del-cambio-climatico\/\" target=\"_blank\" rel=\"noreferrer noopener\">post anterior,<\/a><\/strong> su objetivo es crear mayor conciencia entre la ciudadan\u00eda del grave peligro que representa el cambio clim\u00e1tico para el medio ambiente y todos los seres humanos.<\/p>\n\n\n\n<p>La cuesti\u00f3n del cambio clim\u00e1tico est\u00e1 en boca de todos. Nuestro planeta ha sufrido un cambio de este tipo c\u00edclicamente, tanto por los acontecimientos naturales como por el movimiento de las placas tect\u00f3nicas, u otros factores. Sin embargo, la comunidad cient\u00edfica coincide en afirmar que el cambio actual se est\u00e1 produciendo por la influencia humana.<\/p>\n\n\n\n<p>Aunque el cambio clim\u00e1tico afecta a todo el mundo, en algunos lugares se perciben m\u00e1s sus efectos que en otros. Por ejemplo, en el pa\u00eds africano de Chad el pueblo mbororo es n\u00f3mada. Todos los a\u00f1os se mueve de aqu\u00ed para all\u00e1 en busca de los mejores pastos para el ganado. Pero, en los \u00faltimos a\u00f1os, se est\u00e1 viendo afectado por la dr\u00e1stica reducci\u00f3n del lago Chad, una de las principales fuentes de agua del colectivo y de sus animales.<\/p>\n\n\n\n<p>Entre sus integrantes se encuentra Hindou Oumarou Ibrahim, una activista medioambiental y ge\u00f3grafa nacida en 1984. Coordinadora de la Asociaci\u00f3n de Mujeres y Pueblos Aut\u00f3ctonos del Chad (AFPAT), es adem\u00e1s codirectora de la Iniciativa Mundial de los Pueblos Ind\u00edgenas de la COP21, COP22 y COP23.<\/p>\n\n\n\n<p>De joven tuvo que sufrir la exclusi\u00f3n entre sus compa\u00f1eros y compa\u00f1eras de escuela por el simple hecho de ser ind\u00edgena. Sin embargo, su \u00e1nimo nunca decay\u00f3 por considerarse una persona privilegiada, ya que las mujeres mbororas no ten\u00edan nada f\u00e1cil acceder a la educaci\u00f3n.<\/p>\n\n\n\n<p>Movida por esa realidad, a los 15 a\u00f1os fund\u00f3 la asociaci\u00f3n Asociaci\u00f3n de Mujeres y Pueblos Aut\u00f3ctonos del Chad. Su objetivo era proteger y promover los derechos de las ni\u00f1as y mujeres del entorno. La organizaci\u00f3n obtuvo la licencia oficial en 2005 y desde entonces ha participado en numerosas jornadas internacionales sobre clima, desarrollo sostenible, biodiversidad y protecci\u00f3n del medio ambiente.<\/p>\n\n\n\n<p>Mujeres, clima, medio ambiente\u2026 qu\u00e9 mezcla \u00bfno? Sin embargo, en este caso todo viene a ser lo mismo. Hindou vio que en su cultura nadie miraba el sueldo para afrontar la vida, sino la lluvia, el pasto y los animales. En la naturaleza encontraban todo lo que necesitaban: alimentaci\u00f3n, medicinas, educaci\u00f3n, paz\u2026 Y tambi\u00e9n vio que esos recursos escaseaban, principalmente por el cambio clim\u00e1tico y sus efectos. A menudo los hombres se ve\u00edan obligados a ir a trabajar a la ciudad para dar de comer a sus familias, despu\u00e9s de comprobar que los pastos menguaban y no eran suficientes para mantener los reba\u00f1os sanos y abundantes. Algunos de ellos incluso emigraban a Europa, aunque con ello tuvieran que arriesgar su vida.<\/p>\n\n\n\n<p>En vista de ello, Hindou uni\u00f3 la tecnolog\u00eda, la ciencia y los conocimientos ancestrales que ten\u00eda a su alcance, y comenz\u00f3 a elaborar mapas y maquetas 3D. En ellas coloc\u00f3 pozos de agua y manantiales, \u00e1rboles frutales, corredores por donde pasaban los animales, etc.<\/p>\n\n\n\n<p>Y a\u00fan fue m\u00e1s all\u00e1, ya que puso en marcha un proceso participativo para aglutinar y gestionar, entre los hombres y mujeres de la zona, los recursos que la naturaleza ofrece en cada lugar y de esa manera completar los mapas cartogr\u00e1ficos de los que dispon\u00edan. De esta manera consigui\u00f3 que su comunidad fuera consciente de lo ricos que eran los pastos, los r\u00edos y su forma de vida. Y adem\u00e1s logr\u00f3 que las mujeres mbororo pasaran a primera l\u00ednea.<\/p>\n\n\n\n<p>Hasta entonces, mientras los hombres hablaban, las mujeres deb\u00edan permanecer siempre detr\u00e1s, imposibilitadas de tomar decisiones. Pero, gracias al proyecto de Hindou, recuperaron la voz. Ocurri\u00f3 en las reuniones a las que asistieron con el objetivo de completar entre la comunidad los mapas que se estaban realizando. Los primeros en hablar eran los hombres, tal y como mandaba la tradici\u00f3n, pero despu\u00e9s las mujeres tomaban la palabra, correg\u00edan lo que cre\u00edan que era err\u00f3neo y hac\u00edan sus aportaciones: aqu\u00ed cosecho yo, aqu\u00ed hay hierbas medicinales, aqu\u00ed encuentro bayas muy sabrosas\u00bb.<\/p>\n\n\n\n<p>Hoy por hoy Hindou contin\u00faa con su iniciativa y con su vida p\u00fablica. Frente a la UNESCO se\u00f1al\u00f3 los problemas migratorios que supon\u00eda el cambio clim\u00e1tico; ha publicado varios art\u00edculos sobre la importancia de reconocer los derechos de los pueblos ind\u00edgenas a la hora de elaborar la Agenda del Foro Econ\u00f3mico Mundial frente al cambio clim\u00e1tico; etc.<\/p>\n\n\n\n<p>En 2016, fue elegida para representar a la sociedad ind\u00edgena en la firma del hist\u00f3rico Acuerdo Clim\u00e1tico de Par\u00eds, del 22 de abril. Y en 2019 se convirti\u00f3 en una de las 17 personas nombradas por Naciones Unidas como Defensora de los Objetivos de Desarrollo Sostenible.<\/p>\n\n\n\n<p>Es presidenta del Foro Internacional de Pueblos Ind\u00edgenas sobre el Cambio Clim\u00e1tico y representa al colectivo en la Convenci\u00f3n de Naciones Unidas para la Lucha por la Desertificaci\u00f3n y en la Alianza Panafricana por la Justicia Clim\u00e1tica. Adem\u00e1s, es miembro del Comit\u00e9 Pol\u00edtico de Naciones Unidas, de la Asociaci\u00f3n de Pueblos Ind\u00edgenas y del Comit\u00e9 Coordinador de los Pueblos Ind\u00edgenas de \u00c1frica.<\/p>\n\n\n\n<p>Y sigue con su activismo medioambiental reclamando el derecho legal de los pueblos ind\u00edgenas a poseer y administrar las tierras habitadas. Seg\u00fan indica, estos derechos legales garantizar\u00e1n que la comunidad ind\u00edgena tenga capacidad de desarrollo econ\u00f3mico y no se vea afectada por los desplazamientos derivados de la puesta en marcha de proyectos como la extracci\u00f3n de petr\u00f3leo, miner\u00eda o centrales hidroel\u00e9ctricas.<\/p>\n\n\n\n<p>Si te ha parecido interesante este post, quiz\u00e1 te pueda interesar:<\/p>\n\n\n\n<figure class=\"wp-block-embed is-type-wp-embed is-provider-blogmcp wp-block-embed-blogmcp\"><div class=\"wp-block-embed__wrapper\">\n<blockquote class=\"wp-embedded-content\" data-secret=\"aDEayIXPNg\"><a href=\"https:\/\/ecoblog.mcp.es\/l4r\/fenomenos-extremos-a-consecuencia-del-cambio-climatico\/\">\u00bfFen\u00f3menos extremos a consecuencia del cambio clim\u00e1tico?<\/a><\/blockquote><iframe loading=\"lazy\" class=\"wp-embedded-content\" sandbox=\"allow-scripts\" security=\"restricted\" style=\"position: absolute; clip: rect(1px, 1px, 1px, 1px);\" title=\"\u00ab\u00bfFen\u00f3menos extremos a consecuencia del cambio clim\u00e1tico?\u00bb \u2014 blogmcp\" src=\"https:\/\/ecoblog.mcp.es\/l4r\/fenomenos-extremos-a-consecuencia-del-cambio-climatico\/embed\/#?secret=aDEayIXPNg\" data-secret=\"aDEayIXPNg\" width=\"600\" height=\"338\" frameborder=\"0\" marginwidth=\"0\" marginheight=\"0\" scrolling=\"no\"><\/iframe>\n<\/div><\/figure>\n\n\n\n<figure class=\"wp-block-embed is-type-wp-embed is-provider-blogmcp wp-block-embed-blogmcp\"><div class=\"wp-block-embed__wrapper\">\n<blockquote class=\"wp-embedded-content\" data-secret=\"BRFL4TC6dM\"><a href=\"https:\/\/ecoblog.mcp.es\/l4r\/del-calentamiento-global-a-la-emergencia-climatica\/\">Del calentamiento global a la emergencia clim\u00e1tica<\/a><\/blockquote><iframe loading=\"lazy\" class=\"wp-embedded-content\" sandbox=\"allow-scripts\" security=\"restricted\" style=\"position: absolute; clip: rect(1px, 1px, 1px, 1px);\" title=\"\u00abDel calentamiento global a la emergencia clim\u00e1tica\u00bb \u2014 blogmcp\" src=\"https:\/\/ecoblog.mcp.es\/l4r\/del-calentamiento-global-a-la-emergencia-climatica\/embed\/#?secret=BRFL4TC6dM\" data-secret=\"BRFL4TC6dM\" width=\"600\" height=\"338\" frameborder=\"0\" marginwidth=\"0\" marginheight=\"0\" scrolling=\"no\"><\/iframe>\n<\/div><\/figure>\n\n\n\n<figure class=\"wp-block-embed is-type-wp-embed is-provider-blogmcp wp-block-embed-blogmcp\"><div class=\"wp-block-embed__wrapper\">\n<blockquote class=\"wp-embedded-content\" data-secret=\"zYrhpbmxpp\"><a href=\"https:\/\/ecoblog.mcp.es\/l4r\/nemonte-nenquimo-la-waorani-que-recibe-un-premio-considerado-el-nobel-a-la-lucha-por-el-medioambiente\/\">Nemonte Nenquimo, la waorani que recibe un premio considerado el Nobel a la lucha por el medioambiente<\/a><\/blockquote><iframe loading=\"lazy\" class=\"wp-embedded-content\" sandbox=\"allow-scripts\" security=\"restricted\" style=\"position: absolute; clip: rect(1px, 1px, 1px, 1px);\" title=\"\u00abNemonte Nenquimo, la waorani que recibe un premio considerado el Nobel a la lucha por el medioambiente\u00bb \u2014 blogmcp\" src=\"https:\/\/ecoblog.mcp.es\/l4r\/nemonte-nenquimo-la-waorani-que-recibe-un-premio-considerado-el-nobel-a-la-lucha-por-el-medioambiente\/embed\/#?secret=zYrhpbmxpp\" data-secret=\"zYrhpbmxpp\" width=\"600\" height=\"338\" frameborder=\"0\" marginwidth=\"0\" marginheight=\"0\" scrolling=\"no\"><\/iframe>\n<\/div><\/figure>\n","protected":false},"excerpt":{"rendered":"<p>En una comunidad n\u00f3mada de Chad se ha alzado la voz de Hindou Oumarou Ibrahim, activista medioambiental que ve c\u00f3mo el cambio clim\u00e1tico transforma su realidad. Ge\u00f3grafa de profesi\u00f3n, ha unido la tecnolog\u00eda, la ciencia y los conocimientos ancestrales que ten\u00eda a su alcance y ha puesto en marcha un proceso participativo para que integrantes de su comunidad conforman mapas y maquetas 3D donde indicar en qu\u00e9 lugares se encuentran los mejores pastos, \u00e1rboles frutales y plantas medicinales. <\/p>\n","protected":false},"author":7,"featured_media":28242,"comment_status":"open","ping_status":"closed","sticky":false,"template":"","format":"standard","meta":{"footnotes":""},"categories":[4],"tags":[8066,8061,8065,8068,8062,778,7377,8059,7877,8067,8058,8063,2432,8060,2456,7941,8064],"class_list":["post-28241","post","type-post","status-publish","format-standard","has-post-thumbnail","hentry","category-mundosostenible","tag-acuerdo-climatico-de-paris","tag-afpat","tag-agenda-del-foro-economico-mundial-frente-al-cambio-climatico","tag-alianza-panafricana","tag-asociacion-de-mujeres-y-pueblos-autoctonos-del-chad","tag-cambio-climatico","tag-crisis-climatica","tag-dia-mundial-por-la-reduccion-de-las-emisiones-de-co2","tag-emergencia-climatica","tag-foro-internacional-de-pueblos-indigenas-sobre-el-cambio-climatico","tag-hindou-oumarou-ibrahim","tag-iniciativa-mundial-de-los-pueblos-indigenas","tag-mancomunidad-de-la-comarca-de-pamplona-es","tag-mbororo","tag-mcp-es","tag-objetivos-de-desarrollo-sostenible","tag-unesco"],"aioseo_notices":[],"_links":{"self":[{"href":"https:\/\/ecoblog.mcp.es\/l4r\/wp-json\/wp\/v2\/posts\/28241","targetHints":{"allow":["GET"]}}],"collection":[{"href":"https:\/\/ecoblog.mcp.es\/l4r\/wp-json\/wp\/v2\/posts"}],"about":[{"href":"https:\/\/ecoblog.mcp.es\/l4r\/wp-json\/wp\/v2\/types\/post"}],"author":[{"embeddable":true,"href":"https:\/\/ecoblog.mcp.es\/l4r\/wp-json\/wp\/v2\/users\/7"}],"replies":[{"embeddable":true,"href":"https:\/\/ecoblog.mcp.es\/l4r\/wp-json\/wp\/v2\/comments?post=28241"}],"version-history":[{"count":2,"href":"https:\/\/ecoblog.mcp.es\/l4r\/wp-json\/wp\/v2\/posts\/28241\/revisions"}],"predecessor-version":[{"id":28247,"href":"https:\/\/ecoblog.mcp.es\/l4r\/wp-json\/wp\/v2\/posts\/28241\/revisions\/28247"}],"wp:featuredmedia":[{"embeddable":true,"href":"https:\/\/ecoblog.mcp.es\/l4r\/wp-json\/wp\/v2\/media\/28242"}],"wp:attachment":[{"href":"https:\/\/ecoblog.mcp.es\/l4r\/wp-json\/wp\/v2\/media?parent=28241"}],"wp:term":[{"taxonomy":"category","embeddable":true,"href":"https:\/\/ecoblog.mcp.es\/l4r\/wp-json\/wp\/v2\/categories?post=28241"},{"taxonomy":"post_tag","embeddable":true,"href":"https:\/\/ecoblog.mcp.es\/l4r\/wp-json\/wp\/v2\/tags?post=28241"}],"curies":[{"name":"wp","href":"https:\/\/api.w.org\/{rel}","templated":true}]}}