{"id":28315,"date":"2022-03-17T08:00:00","date_gmt":"2022-03-17T07:00:00","guid":{"rendered":"https:\/\/ecoblog.mcp.es\/l4r\/?p=28315"},"modified":"2022-03-21T08:36:52","modified_gmt":"2022-03-21T07:36:52","slug":"asegurar-la-ladera-para-no-ahogar-el-manantial","status":"publish","type":"post","link":"https:\/\/ecoblog.mcp.es\/l4r\/asegurar-la-ladera-para-no-ahogar-el-manantial\/","title":{"rendered":"Asegurar la ladera para no ahogar el manantial"},"content":{"rendered":"\n<p>La tra\u00edda de aguas de Arteta a Pamplona en 1895 supuso la llegada del agua a domicilio y represent\u00f3 la soluci\u00f3n a los problemas de abastecimiento en l\u00ednea con las teor\u00edas higienistas de la \u00e9poca.<\/p>\n\n\n\n<p>Desde entonces, las aguas de Arteta siguen abasteciendo a la Comarca y tambi\u00e9n se aprovechan para alimentar la regata del Udarbe y producir energ\u00eda hidroel\u00e9ctrica.<\/p>\n\n\n\n<figure class=\"wp-block-image size-full\"><img loading=\"lazy\" decoding=\"async\" width=\"800\" height=\"533\" src=\"https:\/\/ecoblog.mcp.es\/l4r\/wp-content\/uploads\/2022\/03\/entrada.jpg\" alt=\"\" class=\"wp-image-28317\" srcset=\"https:\/\/ecoblog.mcp.es\/l4r\/wp-content\/uploads\/2022\/03\/entrada.jpg 800w, https:\/\/ecoblog.mcp.es\/l4r\/wp-content\/uploads\/2022\/03\/entrada-300x200.jpg 300w, https:\/\/ecoblog.mcp.es\/l4r\/wp-content\/uploads\/2022\/03\/entrada-768x512.jpg 768w, https:\/\/ecoblog.mcp.es\/l4r\/wp-content\/uploads\/2022\/03\/entrada-600x400.jpg 600w\" sizes=\"auto, (max-width: 800px) 100vw, 800px\" \/><figcaption>A: Jes\u00fas Caso\nF: 14-03-2018\nP: \nL: Arteta\nT: Obras en el entorno del manantial. Helic\u00f3ptero.<\/figcaption><\/figure>\n\n\n\n<p>El agua mana de un acu\u00edfero situado en las entra\u00f1as de la Sierra de Andia, una meseta caliza de unos mil metros de altitud.<\/p>\n\n\n\n<p>El paisaje circundante est\u00e1 repleto de dolinas, simas y lapiaces. Es un entorno natural y vivo, sujeto a inclemencias del tiempo, desprendimientos y otros accidentes.<\/p>\n\n\n\n<p>Precisamente uno de esos desprendimientos es el que, en 2018 hizo necesario acometer obras para asegurar la ladera derecha que acota la boca del manantial y la casa del guarda, Centro de Informaci\u00f3n de la Mancomunidad de la Comarca de Pamplona.<\/p>\n\n\n\n<p>As\u00ed, en un entorno en el que el cantar risue\u00f1o de unas aguas fr\u00edas y cristalinas era el sonido que acompa\u00f1aba al sonido del campo, hizo acto de presencia un helic\u00f3ptero y cuadrillas de trabajadores con sus planos y l\u00e1pices en los que dibujar las medidas que eran necesarias tomar para que Arteta siguiera siendo fuente de Pamplona con todas las garant\u00edas.<\/p>\n\n\n\n<figure class=\"wp-block-image size-full\"><img loading=\"lazy\" decoding=\"async\" width=\"800\" height=\"533\" src=\"https:\/\/ecoblog.mcp.es\/l4r\/wp-content\/uploads\/2022\/03\/helicoptero.jpg\" alt=\"\" class=\"wp-image-28316\" srcset=\"https:\/\/ecoblog.mcp.es\/l4r\/wp-content\/uploads\/2022\/03\/helicoptero.jpg 800w, https:\/\/ecoblog.mcp.es\/l4r\/wp-content\/uploads\/2022\/03\/helicoptero-300x200.jpg 300w, https:\/\/ecoblog.mcp.es\/l4r\/wp-content\/uploads\/2022\/03\/helicoptero-768x512.jpg 768w, https:\/\/ecoblog.mcp.es\/l4r\/wp-content\/uploads\/2022\/03\/helicoptero-600x400.jpg 600w\" sizes=\"auto, (max-width: 800px) 100vw, 800px\" \/><\/figure>\n\n\n\n<p>Para ello se instalaron tres barreras din\u00e1micas para sujetar las piedras que pudieran desprenderse en la ladera. Dispuestas en tres niveles diferentes, estaban integradas por una malla de red de anillos de acero galvanizado, sujeta por postes del mismo material, que fueron anclados al monte y que contaban con una doble sujeci\u00f3n mediante cables de acero. La barrera localizada en la parte m\u00e1s alta ten\u00eda 70 metros de longitud y cinco de altura, la intermedia 80 x 4 m. y la tercera 60 x 3 m.<\/p>\n\n\n\n<figure class=\"wp-block-image size-full\"><img loading=\"lazy\" decoding=\"async\" width=\"948\" height=\"533\" src=\"https:\/\/ecoblog.mcp.es\/l4r\/wp-content\/uploads\/2022\/03\/vallaponiendo.jpg\" alt=\"\" class=\"wp-image-28318\" srcset=\"https:\/\/ecoblog.mcp.es\/l4r\/wp-content\/uploads\/2022\/03\/vallaponiendo.jpg 948w, https:\/\/ecoblog.mcp.es\/l4r\/wp-content\/uploads\/2022\/03\/vallaponiendo-300x169.jpg 300w, https:\/\/ecoblog.mcp.es\/l4r\/wp-content\/uploads\/2022\/03\/vallaponiendo-768x432.jpg 768w, https:\/\/ecoblog.mcp.es\/l4r\/wp-content\/uploads\/2022\/03\/vallaponiendo-600x337.jpg 600w\" sizes=\"auto, (max-width: 948px) 100vw, 948px\" \/><\/figure>\n\n\n\n<p>Aquellas obras se aprovecharon, adem\u00e1s, para adecuar la antigua casa del guarda y convertirla en un Centro de Informaci\u00f3n y Educaci\u00f3n Ambiental gestionado por la Mancomunidad de la Comarca de Pamplona. En este espacio se instal\u00f3 una exposici\u00f3n donde se observaba las caracter\u00edsticas geol\u00f3gicas de este entorno singular, varias maquetas, paneles y animaciones digitales.<\/p>\n\n\n\n<p>Adem\u00e1s, se llev\u00f3 a cabo la producci\u00f3n de un audiovisual que recog\u00eda el patrimonio hist\u00f3rico del lugar con testimonios de personas que hab\u00edan tenido estrecha relaci\u00f3n con esta fuente de abastecimiento y su uso.<\/p>\n\n\n\n<p>La visita al Manantial Arteta tambi\u00e9n inclu\u00eda otros atractivos, como los itinerarios guiados por el entorno y las actividades desarrolladas en las saleras. <strong><a href=\"https:\/\/ecoblog.mcp.es\/l4r\/salinas-de-arteta-un-curioso-paraje-natural-para-conocer-algunas-historias-sobre-la-sal\/#:~:text=En%20la%20actualidad%2C%20muy%20cerca,completos%20creados%20por%20la%20naturaleza\" target=\"_blank\" rel=\"noreferrer noopener\">(ver aqu\u00ed)<\/a><\/strong><\/p>\n\n\n\n<p>Todo orientado a evidenciar la importancia y reivindicar la gesti\u00f3n adecuada y eficaz del agua de los acu\u00edferos, un recurso natural que merece toda nuestra atenci\u00f3n y cuidado.<\/p>\n\n\n\n<p>Por eso, no es de extra\u00f1ar que este a\u00f1o el lema escogido por la ONU para el D\u00eda Mundial del Agua 2022 sea \u201cAguas&nbsp;subterr\u00e1neas, hacer visible lo invisible\u201d.<\/p>\n\n\n\n<p>Para profundizar m\u00e1s en este tema hemos creado una serie de post a la que pertenece este: <\/p>\n\n\n\n<figure class=\"wp-block-embed is-type-wp-embed is-provider-blogmcp wp-block-embed-blogmcp\"><div class=\"wp-block-embed__wrapper\">\n<blockquote class=\"wp-embedded-content\" data-secret=\"tABmMYdh1B\"><a href=\"https:\/\/ecoblog.mcp.es\/l4r\/custom_type\/haciendo-visible-lo-invisible-world-water-day-2022\/\">\u00abHaciendo visible lo invisible\u00bb (World Water Day 2022)<\/a><\/blockquote><iframe loading=\"lazy\" class=\"wp-embedded-content\" sandbox=\"allow-scripts\" security=\"restricted\" style=\"position: absolute; clip: rect(1px, 1px, 1px, 1px);\" title=\"\u00ab\u00abHaciendo visible lo invisible\u00bb (World Water Day 2022)\u00bb \u2014 blogmcp\" src=\"https:\/\/ecoblog.mcp.es\/l4r\/custom_type\/haciendo-visible-lo-invisible-world-water-day-2022\/embed\/#?secret=Tr5xkUsisv#?secret=tABmMYdh1B\" data-secret=\"tABmMYdh1B\" width=\"600\" height=\"338\" frameborder=\"0\" marginwidth=\"0\" marginheight=\"0\" scrolling=\"no\"><\/iframe>\n<\/div><\/figure>\n\n\n\n<p><strong>Para m\u00e1s info:<\/strong><\/p>\n\n\n\n<p><strong>Para conocer el centro:<\/strong> <a href=\"http:\/\/www.mcp.es\/sites\/default\/files\/360\/mcp\/index.html\">http:\/\/www.mcp.es\/sites\/default\/files\/360\/mcp\/index.html<\/a><\/p>\n\n\n\n<p><strong>Para conocer el nacedero:<\/strong> <\/p>\n\n\n\n<figure class=\"wp-block-embed is-type-video is-provider-youtube wp-block-embed-youtube wp-embed-aspect-16-9 wp-has-aspect-ratio\"><div class=\"wp-block-embed__wrapper\">\n<iframe loading=\"lazy\" title=\"Manantial de Arteta - Artetako Iturburua\" width=\"680\" height=\"383\" src=\"https:\/\/www.youtube.com\/embed\/2UtCFn6icrQ?start=16&#038;feature=oembed\" frameborder=\"0\" allow=\"accelerometer; autoplay; clipboard-write; encrypted-media; gyroscope; picture-in-picture\" allowfullscreen><\/iframe>\n<\/div><\/figure>\n\n\n\n<p><strong>Para conocer las Saleras:<\/strong> <\/p>\n\n\n\n<figure class=\"wp-block-embed is-type-wp-embed is-provider-blogmcp wp-block-embed-blogmcp\"><div class=\"wp-block-embed__wrapper\">\n<blockquote class=\"wp-embedded-content\" data-secret=\"mVjfdtSHPQ\"><a href=\"https:\/\/ecoblog.mcp.es\/l4r\/salinas-de-arteta-un-curioso-paraje-natural-para-conocer-algunas-historias-sobre-la-sal\/\">Salinas de Arteta: un curioso paraje natural para conocer algunas historias sobre la sal<\/a><\/blockquote><iframe loading=\"lazy\" class=\"wp-embedded-content\" sandbox=\"allow-scripts\" security=\"restricted\" style=\"position: absolute; clip: rect(1px, 1px, 1px, 1px);\" title=\"\u00abSalinas de Arteta: un curioso paraje natural para conocer algunas historias sobre la sal\u00bb \u2014 blogmcp\" src=\"https:\/\/ecoblog.mcp.es\/l4r\/salinas-de-arteta-un-curioso-paraje-natural-para-conocer-algunas-historias-sobre-la-sal\/embed\/#?secret=4UrRK4CDHU#?secret=mVjfdtSHPQ\" data-secret=\"mVjfdtSHPQ\" width=\"600\" height=\"338\" frameborder=\"0\" marginwidth=\"0\" marginheight=\"0\" scrolling=\"no\"><\/iframe>\n<\/div><\/figure>\n","protected":false},"excerpt":{"rendered":"<p>En 2018 el riesgo de desprendimientos hizo necesario acometer obras para asegurar la ladera derecha que acota la boca del manantial de Arteta y la casa del guarda, Centro de Informaci\u00f3n de la Mancomunidad de la Comarca de Pamplona. Helic\u00f3pteros, cuadrillas de obra y maquinaria irrumpieron en un paraje en el que rumor del agua suele ser el protagonista indiscutible. Era necesario si quer\u00edamos oir de nuevo su voz.<\/p>\n","protected":false},"author":7,"featured_media":28319,"comment_status":"open","ping_status":"closed","sticky":false,"template":"","format":"standard","meta":{"footnotes":""},"categories":[3],"tags":[4409,8111,8151,7327,3974,2432,2456,8123,8124],"class_list":["post-28315","post","type-post","status-publish","format-standard","has-post-thumbnail","hentry","category-agua","tag-abastecimiento","tag-acuiferos","tag-aguas-subterranesa","tag-arteta","tag-dia-mundial-del-agua","tag-mancomunidad-de-la-comarca-de-pamplona-es","tag-mcp-es","tag-water-world-day","tag-wwd2022"],"aioseo_notices":[],"_links":{"self":[{"href":"https:\/\/ecoblog.mcp.es\/l4r\/wp-json\/wp\/v2\/posts\/28315","targetHints":{"allow":["GET"]}}],"collection":[{"href":"https:\/\/ecoblog.mcp.es\/l4r\/wp-json\/wp\/v2\/posts"}],"about":[{"href":"https:\/\/ecoblog.mcp.es\/l4r\/wp-json\/wp\/v2\/types\/post"}],"author":[{"embeddable":true,"href":"https:\/\/ecoblog.mcp.es\/l4r\/wp-json\/wp\/v2\/users\/7"}],"replies":[{"embeddable":true,"href":"https:\/\/ecoblog.mcp.es\/l4r\/wp-json\/wp\/v2\/comments?post=28315"}],"version-history":[{"count":4,"href":"https:\/\/ecoblog.mcp.es\/l4r\/wp-json\/wp\/v2\/posts\/28315\/revisions"}],"predecessor-version":[{"id":28375,"href":"https:\/\/ecoblog.mcp.es\/l4r\/wp-json\/wp\/v2\/posts\/28315\/revisions\/28375"}],"wp:featuredmedia":[{"embeddable":true,"href":"https:\/\/ecoblog.mcp.es\/l4r\/wp-json\/wp\/v2\/media\/28319"}],"wp:attachment":[{"href":"https:\/\/ecoblog.mcp.es\/l4r\/wp-json\/wp\/v2\/media?parent=28315"}],"wp:term":[{"taxonomy":"category","embeddable":true,"href":"https:\/\/ecoblog.mcp.es\/l4r\/wp-json\/wp\/v2\/categories?post=28315"},{"taxonomy":"post_tag","embeddable":true,"href":"https:\/\/ecoblog.mcp.es\/l4r\/wp-json\/wp\/v2\/tags?post=28315"}],"curies":[{"name":"wp","href":"https:\/\/api.w.org\/{rel}","templated":true}]}}