{"id":28414,"date":"2022-04-07T12:06:33","date_gmt":"2022-04-07T10:06:33","guid":{"rendered":"https:\/\/ecoblog.mcp.es\/l4r\/?p=28414"},"modified":"2022-04-07T12:07:41","modified_gmt":"2022-04-07T10:07:41","slug":"hemos-perdido-mucho-tiempo-en-no-ligar-los-temas-medioambientales-con-la-salud-humana","status":"publish","type":"post","link":"https:\/\/ecoblog.mcp.es\/l4r\/hemos-perdido-mucho-tiempo-en-no-ligar-los-temas-medioambientales-con-la-salud-humana\/","title":{"rendered":"\u00abHemos perdido mucho tiempo en no ligar los temas medioambientales con la salud humana\u201d"},"content":{"rendered":"\n<p>El 7 de abril se celebra el <strong><a href=\"https:\/\/www.paho.org\/es\/campanas\/dia-mundial-salud-2022\" target=\"_blank\" rel=\"noreferrer noopener\">D\u00eda Mundial de la Salud<\/a><\/strong> que este a\u00f1o responde al lema: \u00abNuestro PLaneta. Nuestra Salud\u00bb.<\/p>\n\n\n\n<p>No es la primera vez que hacemos alusi\u00f3n a lo estrechamente relacionada que est\u00e1 la salud del planeta con la del ser humano. De hecho, en un post de enero de enero de 2021 afirm\u00e1bamos que \u00abLas consecuencias de la crisis de la covid han dejado al descubierto muchas deficiencias en la gesti\u00f3n de los desaf\u00edos medioambientales y ha demostrado que nuestra salud y la de la naturaleza est\u00e1n \u00edntimamente ligadas.\u00bb (<strong><a href=\"https:\/\/ecoblog.mcp.es\/l4r\/cuando-el-ser-humano-enferma-la-naturaleza-se-recupera\/\" target=\"_blank\" rel=\"noreferrer noopener\">leer aqu\u00ed)<\/a><\/strong><\/p>\n\n\n\n<p>Hoy hemos recurrido a dos especialistas en la materia, a <strong>Julio D\u00edaz<\/strong> y <strong>Cristina Linares<\/strong>, investigadores de la unidad de referencia en cambio clim\u00e1tico, salud y medio ambiente del<a href=\"https:\/\/www.sanidad.gob.es\/ciudadanos\/pesma\/home.htm\">\u00a0Instituto Carlos III.<\/a><\/p>\n\n\n\n<p>Su trabajo, adem\u00e1s de desarrollarse en el \u00e1mbito de la investigaci\u00f3n y el estudio, tambi\u00e9n lo hace en el de  la divulgaci\u00f3n, ya que ambos la consideran como parte fundamental de su trabajo. \u201cS\u00f3lo cuando la gente comprende, act\u00faa\u201d, afirman. Por eso, desde 2015 alimentan su cuenta de Twitter <strong><a href=\"https:\/\/twitter.com\/ensgismau\" target=\"_blank\" rel=\"noreferrer noopener\">@ensgismau<\/a><\/strong> que en la actualidad cuenta con 7.150 seguidores. Adem\u00e1s, dan charlas, imparten cursos, colaboran con medios de comunicaci\u00f3n, etc.<\/p>\n\n\n\n<div class=\"wp-block-image\"><figure class=\"aligncenter size-full\"><img loading=\"lazy\" decoding=\"async\" width=\"723\" height=\"557\" src=\"https:\/\/ecoblog.mcp.es\/l4r\/wp-content\/uploads\/2022\/04\/perfil-tw.jpg\" alt=\"\" class=\"wp-image-28415\" srcset=\"https:\/\/ecoblog.mcp.es\/l4r\/wp-content\/uploads\/2022\/04\/perfil-tw.jpg 723w, https:\/\/ecoblog.mcp.es\/l4r\/wp-content\/uploads\/2022\/04\/perfil-tw-300x231.jpg 300w, https:\/\/ecoblog.mcp.es\/l4r\/wp-content\/uploads\/2022\/04\/perfil-tw-600x462.jpg 600w\" sizes=\"auto, (max-width: 723px) 100vw, 723px\" \/><\/figure><\/div>\n\n\n\n<p>Su objetivo es hacer comprender a la poblaci\u00f3n que la salud del planeta y la del ser humano est\u00e1n \u00edntimamente ligadas y que la crisis clim\u00e1tica es una de las grandes amenazas que soportan.<\/p>\n\n\n\n<p>Y para muestra un bot\u00f3n. En la actualidad estamos intentando librarnos de una pandemia que ha sido producida por una enfermedad zoon\u00f3tica directamente ligada al cambio clim\u00e1tico.<\/p>\n\n\n\n<p>Esta situaci\u00f3n exige cambios dr\u00e1sticos y urgentes, que, sin embargo, parece que se est\u00e1n produciendo m\u00e1s lentamente de los que se desear\u00eda. De hecho, durante la pandemia muchas voces fueron las que se alzaron y previeron que la sociedad iba a salir concienciada sobre los problemas que acechan a la humanidad, \u201cpero nos equivocamos \u2013se lamenta Julio-. En 2021 subieron las emisiones de CO2 un 6%&#8230; En abril de 2020 me preguntaron si \u00edbamos a salir m\u00e1s reforzados de la pandemia y yo dije que s\u00ed\u2026 \u00a1mejor hubiera estado callado!\u201d<\/p>\n\n\n\n<p>Desde hace d\u00e9cadas se lleva hablando de la relaci\u00f3n entre la salud y el medio ambiente y de los peligros de su deterioro, pero el mensaje no llega a calar demasiado o, al menos, no lo suficiente como para que nos haga tomar decisiones que comprometan nuestra comodidad y nuestro estilo de vida. \u201cEs verdad. Nos resistimos a dejar el coche aparcado, por ejemplo, o a consumir menos, pero no s\u00f3lo es responsabilidad de la ciudadan\u00eda\u201d.<\/p>\n\n\n\n<p>Y en este punto, ni Julio ni Cristina eluden su responsabilidad como divulgadores cient\u00edficos. \u00abSe ha perdido mucho tiempo en no relacionar los temas medioambientales con la salud humana. Durante mucho tiempo se ha ligado el cambio clim\u00e1tico a la imagen del oso polar escu\u00e1lido sobre el iceberg. Eso ha contribuido a que, cada vez que se hable de medioambiente y de cambio clim\u00e1tico, se piense en la amenaza para los animales y no en nuestra salud. Se conoce desde hace a\u00f1os que la contaminaci\u00f3n afecta a la salud, sobre todo de la infancia y personas mayores. Las bronquiolitis infantiles est\u00e1n ligadas al cambio clim\u00e1tico y acaba de aparecer un estudio que dice que el asma crece mucho m\u00e1s en las ciudades debido a la mala calidad del aire. Ha hecho falta una sentencia de los tribunales de Reino Unido sobre la muerte de una ni\u00f1a por un problema respiratorio para que apareciera la contaminaci\u00f3n como causa\u2026. Si no se habla de que el medioambiente es salud y la salud es medioambiente, mal vamos a tener en cuenta otros aspectos\u00a0y no se nos va pasar por la cabeza dejar el coche, por ejemplo, en casa para no contaminar\u201d.<\/p>\n\n\n\n<p>Sin embargo, ambos coinciden en afirmar que \u00ablos cambios tienen que venir de arriba. Llevamos mucho tiempo d\u00e1ndole el peso a la ciudadan\u00eda, dici\u00e9ndole qu\u00e9 tiene que hacer, c\u00f3mo lo tiene que hacer; pero no hay apoyo desde arriba, de las instituciones. Los cambios individuales son importantes, pero las transformaciones colectivas son las que obligan, las que hacen que la gente cambie. Es importante el apoyo institucional, pero a nuestros gobernantes les falta formaci\u00f3n, sensibilidad y educaci\u00f3n ambiental. Parece que tienen miedo a enfrentarse a los problemas complejos, que les da pereza abrir ese mel\u00f3n en el tiempo en el que vayan a estar en el poder. Y est\u00e1 claro que el cambio clim\u00e1tico es el problema m\u00e1s complejo al que nos hemos enfrentado hasta ahora. Pero para las instituciones es un tema inc\u00f3modo. El 28 de febrero se public\u00f3 el informe del IPCC (Panel de Expertos de Cambio Clim\u00e1tico) y el Ministerio de Sanidad no ha dicho nada, no ha sacado ni un tuit relacionando la salud y el cambio clim\u00e1tico. Con el episodio de calima del Sahara, tampoco lo hizo, \u00a1y eso que est\u00e1bamos respirando aire lleno de part\u00edculas de arena! El Ministerio de Sanidad sigue hablando del VIH, del alcohol y de la pandemia, pero no habla del cambio clim\u00e1tico ni de sus riesgos. \u00bfPor qu\u00e9 no hay concejal\u00edas, consejer\u00edas y direcciones generales de medioambiente y salud?\u00bb.<\/p>\n\n\n\n<p>A su entender los ministerios de Transici\u00f3n Ecol\u00f3gica y Sanidad deber\u00edan trabajar de forma conjunta, porque los riesgos a los que se nos enfrentamos diariamente por los problemas medioambientales son diversos.<\/p>\n\n\n\n<p>Julio y Cristina lo tienen claro:<\/p>\n\n\n\n<p>&#8211; La contaminaci\u00f3n ac\u00fastica tiene un impacto al menos similar al de la contaminaci\u00f3n qu\u00edmica en mortalidad y en ingresos hospitalarios. Pero como no se ve no es un problema. Al ruido de tr\u00e1fico no se le presta ninguna atenci\u00f3n. Solo se habla del ruido de ocio, cuando el ruido del tr\u00e1fico es algo que soportamos todos los d\u00edas en los entornos urbanos.&nbsp;<\/p>\n\n\n\n<p><strong>&#8211;<\/strong> La salud mental. Se est\u00e1 viendo cada vez m\u00e1s asociaciones entre el deterioro del medioambiente y el de la salud mental,\u00a0Los fen\u00f3menos meteorol\u00f3gicos extremos (sequ\u00edas, olas de\u00a0calor, inundaciones)\u00a0adem\u00e1s del ruido, de la contaminaci\u00f3n afectan mucho a la salud mental.\u00a0No solo son casos de ecoansiedad, sino brotes de enfermedades mentales ligadas a estos fen\u00f3menos clim\u00e1ticos. Aqu\u00ed hay un campo importante para investigar. Todos estamos expuestos a ellos\u00bb.<\/p>\n\n\n\n<p>Si te parece interesante este post, quiz\u00e1 te lo parezca tambi\u00e9n:<\/p>\n\n\n\n<figure class=\"wp-block-embed is-type-wp-embed is-provider-blogmcp wp-block-embed-blogmcp\"><div class=\"wp-block-embed__wrapper\">\n<blockquote class=\"wp-embedded-content\" data-secret=\"JqyqCGR6bY\"><a href=\"https:\/\/ecoblog.mcp.es\/l4r\/la-biodiversidad-como-escudo-contra-la-zoonosis\/\">La biodiversidad como escudo contra la zoonosis<\/a><\/blockquote><iframe loading=\"lazy\" class=\"wp-embedded-content\" sandbox=\"allow-scripts\" security=\"restricted\" style=\"position: absolute; clip: rect(1px, 1px, 1px, 1px);\" title=\"\u00abLa biodiversidad como escudo contra la zoonosis\u00bb \u2014 blogmcp\" src=\"https:\/\/ecoblog.mcp.es\/l4r\/la-biodiversidad-como-escudo-contra-la-zoonosis\/embed\/#?secret=9Std7JbJSK#?secret=JqyqCGR6bY\" data-secret=\"JqyqCGR6bY\" width=\"600\" height=\"338\" frameborder=\"0\" marginwidth=\"0\" marginheight=\"0\" scrolling=\"no\"><\/iframe>\n<\/div><\/figure>\n\n\n\n<figure class=\"wp-block-embed is-type-wp-embed is-provider-blogmcp wp-block-embed-blogmcp\"><div class=\"wp-block-embed__wrapper\">\n<blockquote class=\"wp-embedded-content\" data-secret=\"TT17XGL977\"><a href=\"https:\/\/ecoblog.mcp.es\/l4r\/amparo-legal-para-los-climigrantes\/\">\u00bfAmparo legal para los \u201cclimigrantes\u201d?<\/a><\/blockquote><iframe loading=\"lazy\" class=\"wp-embedded-content\" sandbox=\"allow-scripts\" security=\"restricted\" style=\"position: absolute; clip: rect(1px, 1px, 1px, 1px);\" title=\"\u00ab\u00bfAmparo legal para los \u201cclimigrantes\u201d?\u00bb \u2014 blogmcp\" src=\"https:\/\/ecoblog.mcp.es\/l4r\/amparo-legal-para-los-climigrantes\/embed\/#?secret=rUTsdg9eXw#?secret=TT17XGL977\" data-secret=\"TT17XGL977\" width=\"600\" height=\"338\" frameborder=\"0\" marginwidth=\"0\" marginheight=\"0\" scrolling=\"no\"><\/iframe>\n<\/div><\/figure>\n\n\n\n<figure class=\"wp-block-embed is-type-wp-embed is-provider-blogmcp wp-block-embed-blogmcp\"><div class=\"wp-block-embed__wrapper\">\n<blockquote class=\"wp-embedded-content\" data-secret=\"sxJg6nxiHm\"><a href=\"https:\/\/ecoblog.mcp.es\/l4r\/covid-19-y-el-desplome-de-la-contaminacion-por-que-se-utiliza-el-no2-como-indicador-de-la-calidad-del-aire\/\">Covid -19 y el desplome de la contaminaci\u00f3n.<\/a><\/blockquote><iframe loading=\"lazy\" class=\"wp-embedded-content\" sandbox=\"allow-scripts\" security=\"restricted\" style=\"position: absolute; clip: rect(1px, 1px, 1px, 1px);\" title=\"\u00abCovid -19 y el desplome de la contaminaci\u00f3n.\u00bb \u2014 blogmcp\" src=\"https:\/\/ecoblog.mcp.es\/l4r\/covid-19-y-el-desplome-de-la-contaminacion-por-que-se-utiliza-el-no2-como-indicador-de-la-calidad-del-aire\/embed\/#?secret=WsntWGJqNs#?secret=sxJg6nxiHm\" data-secret=\"sxJg6nxiHm\" width=\"600\" height=\"338\" frameborder=\"0\" marginwidth=\"0\" marginheight=\"0\" scrolling=\"no\"><\/iframe>\n<\/div><\/figure>\n\n\n\n<figure class=\"wp-block-embed is-type-wp-embed is-provider-blogmcp wp-block-embed-blogmcp\"><div class=\"wp-block-embed__wrapper\">\n<blockquote class=\"wp-embedded-content\" data-secret=\"0zX5SkeaJK\"><a href=\"https:\/\/ecoblog.mcp.es\/l4r\/antropomasa-vs-biomasa\/\">Antropomasa vs biomasa<\/a><\/blockquote><iframe loading=\"lazy\" class=\"wp-embedded-content\" sandbox=\"allow-scripts\" security=\"restricted\" style=\"position: absolute; clip: rect(1px, 1px, 1px, 1px);\" title=\"\u00abAntropomasa vs biomasa\u00bb \u2014 blogmcp\" src=\"https:\/\/ecoblog.mcp.es\/l4r\/antropomasa-vs-biomasa\/embed\/#?secret=6pHTZI3uy3#?secret=0zX5SkeaJK\" data-secret=\"0zX5SkeaJK\" width=\"600\" height=\"338\" frameborder=\"0\" marginwidth=\"0\" marginheight=\"0\" scrolling=\"no\"><\/iframe>\n<\/div><\/figure>\n\n\n\n<figure class=\"wp-block-embed is-type-wp-embed is-provider-blogmcp wp-block-embed-blogmcp\"><div class=\"wp-block-embed__wrapper\">\n<blockquote class=\"wp-embedded-content\" data-secret=\"fGsJI28caM\"><a href=\"https:\/\/ecoblog.mcp.es\/l4r\/fenomenos-extremos-a-consecuencia-del-cambio-climatico\/\">\u00bfFen\u00f3menos extremos a consecuencia del cambio clim\u00e1tico?<\/a><\/blockquote><iframe loading=\"lazy\" class=\"wp-embedded-content\" sandbox=\"allow-scripts\" security=\"restricted\" style=\"position: absolute; clip: rect(1px, 1px, 1px, 1px);\" title=\"\u00ab\u00bfFen\u00f3menos extremos a consecuencia del cambio clim\u00e1tico?\u00bb \u2014 blogmcp\" src=\"https:\/\/ecoblog.mcp.es\/l4r\/fenomenos-extremos-a-consecuencia-del-cambio-climatico\/embed\/#?secret=bRixEuVCbf#?secret=fGsJI28caM\" data-secret=\"fGsJI28caM\" width=\"600\" height=\"338\" frameborder=\"0\" marginwidth=\"0\" marginheight=\"0\" scrolling=\"no\"><\/iframe>\n<\/div><\/figure>\n\n\n\n<figure class=\"wp-block-embed is-type-wp-embed is-provider-blogmcp wp-block-embed-blogmcp\"><div class=\"wp-block-embed__wrapper\">\n<blockquote class=\"wp-embedded-content\" data-secret=\"b51rj3ySUd\"><a href=\"https:\/\/ecoblog.mcp.es\/l4r\/el-aire-que-respiramos-uno-de-los-pocos-beneficios-que-nos-dejara-el-covid-19\/\">El aire que respiramos; uno de los pocos beneficios que nos dejar\u00e1 el COVID -19<\/a><\/blockquote><iframe loading=\"lazy\" class=\"wp-embedded-content\" sandbox=\"allow-scripts\" security=\"restricted\" style=\"position: absolute; clip: rect(1px, 1px, 1px, 1px);\" title=\"\u00abEl aire que respiramos; uno de los pocos beneficios que nos dejar\u00e1 el COVID -19\u00bb \u2014 blogmcp\" src=\"https:\/\/ecoblog.mcp.es\/l4r\/el-aire-que-respiramos-uno-de-los-pocos-beneficios-que-nos-dejara-el-covid-19\/embed\/#?secret=C5YxGEQrpw#?secret=b51rj3ySUd\" data-secret=\"b51rj3ySUd\" width=\"600\" height=\"338\" frameborder=\"0\" marginwidth=\"0\" marginheight=\"0\" scrolling=\"no\"><\/iframe>\n<\/div><\/figure>\n\n\n\n<figure class=\"wp-block-embed is-type-wp-embed is-provider-blogmcp wp-block-embed-blogmcp\"><div class=\"wp-block-embed__wrapper\">\n<blockquote class=\"wp-embedded-content\" data-secret=\"eLuHVhJGT9\"><a href=\"https:\/\/ecoblog.mcp.es\/l4r\/la-covid-19-y-el-aire-que-vivimos-peligrosamente\/\">La COVID-19 y el aire que vivimos peligrosamente<\/a><\/blockquote><iframe loading=\"lazy\" class=\"wp-embedded-content\" sandbox=\"allow-scripts\" security=\"restricted\" style=\"position: absolute; clip: rect(1px, 1px, 1px, 1px);\" title=\"\u00abLa COVID-19 y el aire que vivimos peligrosamente\u00bb \u2014 blogmcp\" src=\"https:\/\/ecoblog.mcp.es\/l4r\/la-covid-19-y-el-aire-que-vivimos-peligrosamente\/embed\/#?secret=0sOMPqxpN2#?secret=eLuHVhJGT9\" data-secret=\"eLuHVhJGT9\" width=\"600\" height=\"338\" frameborder=\"0\" marginwidth=\"0\" marginheight=\"0\" scrolling=\"no\"><\/iframe>\n<\/div><\/figure>\n\n\n\n<p>*Fuente: <a href=\"https:\/\/sapienscuriosa.blogspot.com\/2022\/02\/vamos-seguir-subvencionando-nuestras.html\">sapienscuriosa.blogspot.co<\/a>m<\/p>\n","protected":false},"excerpt":{"rendered":"<p>Julio D\u00edaz y Cristina Linares son profesionales de investigaci\u00f3n cient\u00edfica y tuiteros. Coinciden en afirmar que tan importante es investigar como divulgar. Y en un tiempo en el que una pandemia originada por una zoonosis ha hecho temblar los cimientos de nuestra civilizaci\u00f3n, su discurso cobra fuerza y sentido. \u201cLa gente tiene que ver que los problemas ambientales est\u00e1n directamente relacionados con su salud\u201d.<\/p>\n","protected":false},"author":7,"featured_media":28416,"comment_status":"open","ping_status":"closed","sticky":false,"template":"","format":"standard","meta":{"footnotes":""},"categories":[4],"tags":[8180,8178,8175,8182,3247,8179,8177,2432,2456,7101,8181],"class_list":["post-28414","post","type-post","status-publish","format-standard","has-post-thumbnail","hentry","category-mundosostenible","tag-ensgismau","tag-cristina-linares","tag-dia-mundial-de-la-salud","tag-divulgacion","tag-educacion-ambiental-es","tag-instituto-carlos-iii","tag-julio-diaz","tag-mancomunidad-de-la-comarca-de-pamplona-es","tag-mcp-es","tag-oms-2","tag-twitter"],"aioseo_notices":[],"_links":{"self":[{"href":"https:\/\/ecoblog.mcp.es\/l4r\/wp-json\/wp\/v2\/posts\/28414","targetHints":{"allow":["GET"]}}],"collection":[{"href":"https:\/\/ecoblog.mcp.es\/l4r\/wp-json\/wp\/v2\/posts"}],"about":[{"href":"https:\/\/ecoblog.mcp.es\/l4r\/wp-json\/wp\/v2\/types\/post"}],"author":[{"embeddable":true,"href":"https:\/\/ecoblog.mcp.es\/l4r\/wp-json\/wp\/v2\/users\/7"}],"replies":[{"embeddable":true,"href":"https:\/\/ecoblog.mcp.es\/l4r\/wp-json\/wp\/v2\/comments?post=28414"}],"version-history":[{"count":2,"href":"https:\/\/ecoblog.mcp.es\/l4r\/wp-json\/wp\/v2\/posts\/28414\/revisions"}],"predecessor-version":[{"id":28419,"href":"https:\/\/ecoblog.mcp.es\/l4r\/wp-json\/wp\/v2\/posts\/28414\/revisions\/28419"}],"wp:featuredmedia":[{"embeddable":true,"href":"https:\/\/ecoblog.mcp.es\/l4r\/wp-json\/wp\/v2\/media\/28416"}],"wp:attachment":[{"href":"https:\/\/ecoblog.mcp.es\/l4r\/wp-json\/wp\/v2\/media?parent=28414"}],"wp:term":[{"taxonomy":"category","embeddable":true,"href":"https:\/\/ecoblog.mcp.es\/l4r\/wp-json\/wp\/v2\/categories?post=28414"},{"taxonomy":"post_tag","embeddable":true,"href":"https:\/\/ecoblog.mcp.es\/l4r\/wp-json\/wp\/v2\/tags?post=28414"}],"curies":[{"name":"wp","href":"https:\/\/api.w.org\/{rel}","templated":true}]}}