{"id":28425,"date":"2022-05-02T08:00:00","date_gmt":"2022-05-02T06:00:00","guid":{"rendered":"https:\/\/ecoblog.mcp.es\/l4r\/?p=28425"},"modified":"2022-04-20T12:44:09","modified_gmt":"2022-04-20T10:44:09","slug":"las-nuevas-tecnologias-al-servicio-de-la-divulgacion-cientifica","status":"publish","type":"post","link":"https:\/\/ecoblog.mcp.es\/l4r\/las-nuevas-tecnologias-al-servicio-de-la-divulgacion-cientifica\/","title":{"rendered":"Las nuevas tecnolog\u00edas al servicio de la divulgaci\u00f3n cient\u00edfica"},"content":{"rendered":"\n<p>Salud, emergencia clim\u00e1tica, educaci\u00f3n ambiental, divulgaci\u00f3n cient\u00edfica\u2026 Estos son conceptos que nos resultan muy conocidos y que pocas veces van juntos. Divulgar cuestiones cient\u00edficas no es nada sencillo, y unir el cambio clim\u00e1tico con la salud de las personas es una tendencia que, aunque va tomando protagonismo, hasta ahora resultaba incomprensible.<\/p>\n\n\n\n<p><strong>Julio D\u00edaz y Cristina Linares<\/strong>, investigadores de la unidad de referencia en cambio clim\u00e1tico, salud y medio ambiente del<a href=\"https:\/\/www.sanidad.gob.es\/ciudadanos\/pesma\/home.htm\">&nbsp;Instituto Carlos III.<\/a> decidieron abrir en 2015 una cuenta de Twitter,&nbsp;<a href=\"https:\/\/twitter.com\/ensgismau\">@ensgismau, para hacerse eco de sus investigaciones y charlas en distintos foros.<\/a><\/p>\n\n\n\n<p>Y esto que, a priori, puede suponer algo balad\u00ed, ha contribuido a que, en la actualidad, 7.200 perfiles comprendan la realidad que les rodea desde un punto cient\u00edfico y contado en un lenguaje coloquial.<\/p>\n\n\n\n<p>\u201cSomos cient\u00edficos \u2013explica Julio- y nuestro trabajo es investigar, realizar proyectos, dirigir tesis doctorales y, sobre todo, publicar sobre lo que hacemos. Pero tambi\u00e9n creemos que es importante dar a conocer nuestras investigaciones, porque sabemos que muchas de las cosas que se hacen en ciencia y que nos afectan a todos los humanos, no trascienden a la ciudadan\u00eda. Y eso no puede ser. Por ejemplo, las cuestiones medioambientales que afectan a nuestra salud. Siempre hemos defendido que para que los mensajes lleguen, la gente tiene que entenderlos\u201d. Cristina asiente con la cabeza y a\u00f1ade: \u00abnos gusta divulgar a cualquier nivel, a cualquier p\u00fablico: escolares, profesionales, tercera edad, investigadores, m\u00e9dicos, meteor\u00f3logos, en cursos de formaci\u00f3n\u2026 para nosotros la divulgaci\u00f3n es parte fundamental de nuestro trabajo\u201d.<\/p>\n\n\n\n<p>Por eso escogen la red social como altavoz de su trabajo, sin descuidar los medios tradicionales para llegar al gran p\u00fablico. Siempre han mantenido muy buena relaci\u00f3n con ellos, aunque en la actualidad reconocen que cada vez es necesario el servicio de \u201ctraducci\u00f3n\u201d. \u201cEn este momento hay muchas noticias que llegan de agencias. Lo que hacemos es traducir el mensaje de los medios especializados para que llegue a todos los p\u00fablicos. Luego, cuando la gente interacciona y pregunta, siempre les ofrecemos m\u00e1s informaci\u00f3n para que consulten y puedan contrastar\u00bb.<\/p>\n\n\n\n<div class=\"wp-block-image\"><figure class=\"aligncenter size-full\"><img loading=\"lazy\" decoding=\"async\" width=\"740\" height=\"585\" src=\"https:\/\/ecoblog.mcp.es\/l4r\/wp-content\/uploads\/2022\/04\/ultima-noti.jpg\" alt=\"\" class=\"wp-image-28426\" srcset=\"https:\/\/ecoblog.mcp.es\/l4r\/wp-content\/uploads\/2022\/04\/ultima-noti.jpg 740w, https:\/\/ecoblog.mcp.es\/l4r\/wp-content\/uploads\/2022\/04\/ultima-noti-300x237.jpg 300w, https:\/\/ecoblog.mcp.es\/l4r\/wp-content\/uploads\/2022\/04\/ultima-noti-600x474.jpg 600w\" sizes=\"auto, (max-width: 740px) 100vw, 740px\" \/><\/figure><\/div>\n\n\n\n<p>Procuran estar a la \u00faltima y reflejartemas de actualidad. \u201cNos gusta que la nuestra sea una cuenta a la que la gente pueda suscribirse, porque sabe que encontrar\u00e1 buena informaci\u00f3n y fiable; porque ayuda a entender lo que es la calima del Sahara y por qu\u00e9 nuestro coche est\u00e1 lleno de arena; y, sobre todo, porque nos invita a reflexionar en las consecuencias que puede tener ese aire lleno de arena que respiramos para nuestro organismo\u201d.<\/p>\n\n\n\n<p>En este camino han encontrado el aliado perfecto<strong>. \u201c<\/strong>Nos ha dado mucho \u00e1nimo encontrarnos con grupos de <strong>Educaci\u00f3n Ambiental.<\/strong> La educaci\u00f3n ambiental es la herramienta perfecta para transmitir los mensajes que deseamos transmitir, ya que utiliza otras din\u00e1micas diferentes a las nuestras, otras t\u00e9cnicas m\u00e1s cercanas.&nbsp;La educaci\u00f3n ambiental traduce nuestros estudios e investigaciones a frases que llegan a la gente\u00bb.&nbsp;<\/p>\n\n\n\n<p>No es la primera vez que hablamos de ellos en nuestro blog <strong><a href=\"https:\/\/ecoblog.mcp.es\/l4r\/hemos-perdido-mucho-tiempo-en-no-ligar-los-temas-medioambientales-con-la-salud-humana\/\" target=\"_blank\" rel=\"noreferrer noopener\">(leer aqu\u00ed)<\/a><\/strong>, pero no por eso deja de ser interesante lo que dicen.<\/p>\n","protected":false},"excerpt":{"rendered":"<p>Julio D\u00edaz y Cristina Linares son profesionales de investigaci\u00f3n cient\u00edfica y de divulgaci\u00f3n. Consideran que la divulgaci\u00f3n, a cualquier nivel, y aunque exija un esfuerzo a\u00f1adido de \u201ctraducci\u00f3n\u201d, es imprescindible para concienciar y sensibilizar. Y para ello utilizan todas las herramientas que encuentran a su alcance. Incluso una cuenta de twitter que ya cuenta con m\u00e1s de 7.200 seguidores.<\/p>\n","protected":false},"author":7,"featured_media":28431,"comment_status":"open","ping_status":"closed","sticky":false,"template":"","format":"standard","meta":{"footnotes":""},"categories":[4],"tags":[778,8183,8184,3247,8179,615,2432,2456,3333,7296],"class_list":["post-28425","post","type-post","status-publish","format-standard","has-post-thumbnail","hentry","category-mundosostenible","tag-cambio-climatico","tag-ciencia-ciudadana","tag-divulgacion-cientifica","tag-educacion-ambiental-es","tag-instituto-carlos-iii","tag-mancoeduca","tag-mancomunidad-de-la-comarca-de-pamplona-es","tag-mcp-es","tag-nuevas-tecnologias","tag-redes-sociales"],"aioseo_notices":[],"_links":{"self":[{"href":"https:\/\/ecoblog.mcp.es\/l4r\/wp-json\/wp\/v2\/posts\/28425","targetHints":{"allow":["GET"]}}],"collection":[{"href":"https:\/\/ecoblog.mcp.es\/l4r\/wp-json\/wp\/v2\/posts"}],"about":[{"href":"https:\/\/ecoblog.mcp.es\/l4r\/wp-json\/wp\/v2\/types\/post"}],"author":[{"embeddable":true,"href":"https:\/\/ecoblog.mcp.es\/l4r\/wp-json\/wp\/v2\/users\/7"}],"replies":[{"embeddable":true,"href":"https:\/\/ecoblog.mcp.es\/l4r\/wp-json\/wp\/v2\/comments?post=28425"}],"version-history":[{"count":3,"href":"https:\/\/ecoblog.mcp.es\/l4r\/wp-json\/wp\/v2\/posts\/28425\/revisions"}],"predecessor-version":[{"id":28432,"href":"https:\/\/ecoblog.mcp.es\/l4r\/wp-json\/wp\/v2\/posts\/28425\/revisions\/28432"}],"wp:featuredmedia":[{"embeddable":true,"href":"https:\/\/ecoblog.mcp.es\/l4r\/wp-json\/wp\/v2\/media\/28431"}],"wp:attachment":[{"href":"https:\/\/ecoblog.mcp.es\/l4r\/wp-json\/wp\/v2\/media?parent=28425"}],"wp:term":[{"taxonomy":"category","embeddable":true,"href":"https:\/\/ecoblog.mcp.es\/l4r\/wp-json\/wp\/v2\/categories?post=28425"},{"taxonomy":"post_tag","embeddable":true,"href":"https:\/\/ecoblog.mcp.es\/l4r\/wp-json\/wp\/v2\/tags?post=28425"}],"curies":[{"name":"wp","href":"https:\/\/api.w.org\/{rel}","templated":true}]}}