{"id":28859,"date":"2022-10-24T08:00:48","date_gmt":"2022-10-24T06:00:48","guid":{"rendered":"https:\/\/ecoblog.mcp.es\/l4r\/?p=28859"},"modified":"2022-11-04T09:02:16","modified_gmt":"2022-11-04T08:02:16","slug":"la-segunda-vida-del-viejo-mueble-de-la-abuela-de-juan","status":"publish","type":"post","link":"https:\/\/ecoblog.mcp.es\/l4r\/la-segunda-vida-del-viejo-mueble-de-la-abuela-de-juan\/","title":{"rendered":"La segunda vida del viejo mueble de la abuela de Juan"},"content":{"rendered":"<p>Juan le ten\u00eda mucho cari\u00f1o al viejo aparador de su abuela, un mueble que hab\u00eda restaurado y colocado en el recibidor de su casa. Sin embargo, una mudanza a un piso m\u00e1s peque\u00f1o ha convertido este aparador en un residuo voluminoso, en un desecho que, muy a su pesar, ya no le sirve.<\/p>\n<p>El aparador, jers\u00e9is y zapatos acumulados en el fondo de un armario, una plancha que lleva dos a\u00f1os sin usarse o una caja de libros cubiertos de polvo son la lista de voluminosos que Juan ha comunicado a los <a href=\"https:\/\/www.emausnavarra.org\/\">Traperos de Ema\u00fas<\/a>, una entidad que realiza recogidas gratuitas de voluminosos a domicilio en menos de 72 horas. Cada a\u00f1o realizan m\u00e1s de 43.720 recogidas domiciliarias en toda Navarra, \u00a1m\u00e1s de 3.650 al mes!<\/p>\n<p>Juan tiene claro que el abandono en la calle no es una opci\u00f3n, por las molestias que podr\u00eda generar a sus vecinos y vecinas y por el sobrecoste que generar\u00eda su recogida. Adem\u00e1s, la lista de Juan ha sido clave para que Traperos calculara qu\u00e9 cami\u00f3n deb\u00eda enviar tanto a su hogar como al resto de puntos concertados para el mismo d\u00eda. De esa manera, se han podido optimizar recursos, sin necesidad de sacar a la calle m\u00e1s veh\u00edculos de los necesarios y se han reducido las emisiones de CO<sub>2<\/sub>.<\/p>\n<p><iframe loading=\"lazy\" title=\"MCP| IM_ No los abandones\" width=\"680\" height=\"383\" src=\"https:\/\/www.youtube.com\/embed\/1XeMK0B2uvM?feature=oembed\" frameborder=\"0\" allow=\"accelerometer; autoplay; clipboard-write; encrypted-media; gyroscope; picture-in-picture\" allowfullscreen><\/iframe><\/p>\n<p>Al llegar al Centro de Preparaci\u00f3n para la Reutilizaci\u00f3n y el Reciclaje de Berriozar, una nave de 20.000 m<sup>2<\/sup>, el aparador ha pasado por un proceso de clasificaci\u00f3n manual. Su buen estado la ha llevado a ser clasificada para la reutilizaci\u00f3n.<\/p>\n<p>Los juguetes estropeados y la lavadora que la han acompa\u00f1ado han tenido menos suerte, porque no se pod\u00edan reparar y por ello se han preparado para su reciclaje. Durante este proceso de preparaci\u00f3n para el reciclaje, y seg\u00fan el tipo de voluminoso, se extraen maderas y metales viejos, pilas, partes textiles sobrantes, etc. y se entregan a los distintos Gestores Autorizados de Residuos para ser reciclados.<\/p>\n<p>En 2021, el equipo humano de Traperos de Ema\u00fas de Navarra, formado por 290 personas, recogi\u00f3 un total de\u00a012.475.076 kg de voluminosos, de los cuales se recuperaron (reutilizaci\u00f3n o reciclaje) el\u00a081&#8217;9 %\u00a0y s\u00f3lo se rechazaron el 18&#8217;1 %.<\/p>\n<p>Todos los objetos que pueden ser preparados para su reutilizaci\u00f3n se reparten entre los siete puntos de venta que actualmente dispone la entidad, los rastros de Berriozar, Artika, Gayarre, Triki Traku, Burlada, Estella o Tudela. Las ventas permiten vivir del trabajo que realiza Traperos y dan una segunda vida a miles de objetos.<\/p>\n<p>Al final, el aparador de la abuela de Juan ha estrenado nuevo color y se ha convertido en un objeto codiciado por aquellas personas que buscan un mueble vintage que sea ideal para decorar la entrada de su recibidor.<\/p>\n<img loading=\"lazy\" decoding=\"async\" class=\"aligncenter wp-image-28860 size-full\" src=\"https:\/\/ecoblog.mcp.es\/l4r\/wp-content\/uploads\/2022\/09\/foto-1.jpg\" alt=\"\" width=\"827\" height=\"520\" srcset=\"https:\/\/ecoblog.mcp.es\/l4r\/wp-content\/uploads\/2022\/09\/foto-1.jpg 827w, https:\/\/ecoblog.mcp.es\/l4r\/wp-content\/uploads\/2022\/09\/foto-1-300x189.jpg 300w, https:\/\/ecoblog.mcp.es\/l4r\/wp-content\/uploads\/2022\/09\/foto-1-768x483.jpg 768w\" sizes=\"auto, (max-width: 827px) 100vw, 827px\" \/>\n<p>Si quieres saber m\u00e1s sobre Traperos de Em\u00e1us, puedes leer este post:<\/p>\n<p><strong><a title=\"Los 50 a\u00f1os de Traperos de Ema\u00fas Navarra\" href=\"https:\/\/ecoblog.mcp.es\/l4r\/los-50-anos-de-traperos-de-emaus-navarra\/\" rel=\"bookmark\">Los 50 a\u00f1os de Traperos de Ema\u00fas Navarra<\/a><\/strong><\/p>\n","protected":false},"excerpt":{"rendered":"<p>La baja durabilidad de los muebles low cost, la obsolescencia programada de algunos RAEE, las compras compulsivas\u2026 son muchos los factores que alimentan la generaci\u00f3n de residuos voluminosos. La adecuada gesti\u00f3n de sof\u00e1s, colchones o muebles viejos o que ya no nos sirven se ha convertido en un reto ambiental importante.<\/p>\n","protected":false},"author":7,"featured_media":28861,"comment_status":"open","ping_status":"closed","sticky":false,"template":"","format":"standard","meta":{"footnotes":""},"categories":[2305],"tags":[1573,3253,392,393,94,87,122,8,88,98,123,1100],"class_list":["post-28859","post","type-post","status-publish","format-standard","has-post-thumbnail","hentry","category-residuos4r","tag-economia-circular","tag-hogar","tag-mancomunidad-de-la-comarca-de-pamplona","tag-mcp","tag-navarra","tag-reciclaje","tag-recogida-de-voluminosos","tag-residuos","tag-reutilizacion","tag-sostenibilidad","tag-traperos-de-emaus","tag-voluminosos-2"],"aioseo_notices":[],"_links":{"self":[{"href":"https:\/\/ecoblog.mcp.es\/l4r\/wp-json\/wp\/v2\/posts\/28859","targetHints":{"allow":["GET"]}}],"collection":[{"href":"https:\/\/ecoblog.mcp.es\/l4r\/wp-json\/wp\/v2\/posts"}],"about":[{"href":"https:\/\/ecoblog.mcp.es\/l4r\/wp-json\/wp\/v2\/types\/post"}],"author":[{"embeddable":true,"href":"https:\/\/ecoblog.mcp.es\/l4r\/wp-json\/wp\/v2\/users\/7"}],"replies":[{"embeddable":true,"href":"https:\/\/ecoblog.mcp.es\/l4r\/wp-json\/wp\/v2\/comments?post=28859"}],"version-history":[{"count":3,"href":"https:\/\/ecoblog.mcp.es\/l4r\/wp-json\/wp\/v2\/posts\/28859\/revisions"}],"predecessor-version":[{"id":28930,"href":"https:\/\/ecoblog.mcp.es\/l4r\/wp-json\/wp\/v2\/posts\/28859\/revisions\/28930"}],"wp:featuredmedia":[{"embeddable":true,"href":"https:\/\/ecoblog.mcp.es\/l4r\/wp-json\/wp\/v2\/media\/28861"}],"wp:attachment":[{"href":"https:\/\/ecoblog.mcp.es\/l4r\/wp-json\/wp\/v2\/media?parent=28859"}],"wp:term":[{"taxonomy":"category","embeddable":true,"href":"https:\/\/ecoblog.mcp.es\/l4r\/wp-json\/wp\/v2\/categories?post=28859"},{"taxonomy":"post_tag","embeddable":true,"href":"https:\/\/ecoblog.mcp.es\/l4r\/wp-json\/wp\/v2\/tags?post=28859"}],"curies":[{"name":"wp","href":"https:\/\/api.w.org\/{rel}","templated":true}]}}