{"id":28974,"date":"2023-01-16T10:34:28","date_gmt":"2023-01-16T09:34:28","guid":{"rendered":"https:\/\/ecoblog.mcp.es\/l4r\/?p=28974"},"modified":"2023-01-16T10:34:28","modified_gmt":"2023-01-16T09:34:28","slug":"la-convivencia-del-cemento-y-de-los-espacios-verdes","status":"publish","type":"post","link":"https:\/\/ecoblog.mcp.es\/l4r\/la-convivencia-del-cemento-y-de-los-espacios-verdes\/","title":{"rendered":"La convivencia del cemento y de los espacios verdes"},"content":{"rendered":"<p>\u201c\u00bfY si montamos un Street-Scape con la Patrulla Sostenible y planteamos 1 km<sup>2<\/sup> sin residuos? Podemos hacer un rally fotogr\u00e1fico con los residuos que encontremos en la calle para subirlo a redes, recogerlos luego y en su lugar poner pegatas que indiquen d\u00f3nde estaban los residuos mal depositados\u201d.<\/p>\n<p>\u201cPodemos organizar el concurso de <em>Mi txoko es el m\u00e1s limpio<\/em>\u201d<\/p>\n<p>\u201cPodr\u00edamos repartir unas gafas verdes de cart\u00f3n con el lema \u201cPonte las gafas de la sostenibilidad\u201d e invitar a la gente a mirar las calles desde el punto de visto medioambiental\u201d<\/p>\n<p>\u201c\u00a1Y montar un photocall para que la chavaler\u00eda haga sus fotos y las comparta!\u201d.<\/p>\n<p>\u201c\u00bfY un record Guinness? El reto ser\u00eda depositar simult\u00e1neamente la mayor cantidad posible de materia org\u00e1nica en el contenedor de tapa marr\u00f3n\u201d.<\/p>\n<p>\u201cSi busc\u00e1ramos caras conocidas para la campa\u00f1a \u00a1tendr\u00edamos m\u00e1s visibilidad!\u201d.<\/p>\n<p>Esta es una lluvia de ideas de las que habitualmente hacen en el <a href=\"https:\/\/www.villava.es\/\"><strong>ayuntamiento de Villava<\/strong><\/a> los equipos de juventud y medioambiente. En esta localidad navarra que vio nacer al gran Indur\u00e1in y que cuenta con una densidad de poblaci\u00f3n como la de Tokyo, las acciones de medioambiente tienen su peso y su car\u00e1cter social, ya que siempre se busca implicar a j\u00f3venes, mayores, poblaci\u00f3n adulta e infantil, adem\u00e1s de realizar acciones en pos de su beneficio. \u201cBuscamos un enfoque global y coherente\u201d, afirman los responsables municipales.<\/p>\n<img loading=\"lazy\" decoding=\"async\" class=\"aligncenter wp-image-28976 size-full\" src=\"https:\/\/ecoblog.mcp.es\/l4r\/wp-content\/uploads\/2023\/01\/siembra.jpg\" alt=\"\" width=\"1024\" height=\"768\" srcset=\"https:\/\/ecoblog.mcp.es\/l4r\/wp-content\/uploads\/2023\/01\/siembra.jpg 1024w, https:\/\/ecoblog.mcp.es\/l4r\/wp-content\/uploads\/2023\/01\/siembra-300x225.jpg 300w, https:\/\/ecoblog.mcp.es\/l4r\/wp-content\/uploads\/2023\/01\/siembra-768x576.jpg 768w\" sizes=\"auto, (max-width: 1024px) 100vw, 1024px\" \/>\n<p>As\u00ed, en la plaza de las personas jubiladas se han instalado dos bancales m\u00f3viles (para que se puedan trasladar y para que no molesten ni se estropeen durante las fiestas), con \u00e1rboles arbustos y flores. Los bancales, adem\u00e1s, est\u00e1n elaborados con pl\u00e1stico reciclado.<\/p>\n<p>De pl\u00e1stico reciclado son tambi\u00e9n las jardineras sostenibles colocadas en la calle Mayor, uno de los tramos del Camino Santiago que atraviesa la localidad. Su finalidad es est\u00e9tica y divulgativa.<\/p>\n<p>En la plaza pavimentada de Ardantzea se ha optado por la creaci\u00f3n de un refugio clim\u00e1tico con arbolado denso de especies aut\u00f3ctonas para el disfrute de toda la poblaci\u00f3n quien, adem\u00e1s, ha aportado ideas y tomado parte en la ejecuci\u00f3n. Junto a la plaza, tambi\u00e9n se han plantado \u00e1rboles de gran porte para aportar sombra y frescor al espacio de cemento que en verano se convierte en una sart\u00e9n.<\/p>\n<p>En la plaza de la Constituci\u00f3n se ha puesto en marcha el espacio Ekogune con el que se han creado bancales para cultivo comunitario de plantas hort\u00edcolas, arom\u00e1ticas, medicinales, culinarias y para la biodiversidad.<\/p>\n<p>Las acciones, adem\u00e1s, llegan al \u00e1mbito educativo. Por ejemplo, en colaboraci\u00f3n con la direcci\u00f3n de la escuela infantil Amalur, se ha procedido a su renaturalizaci\u00f3n y se ha creado un jard\u00edn vertical en uno de sus patios. All\u00ed se han plantado fresas y plantas de flor para desarrollar los est\u00edmulos visuales y gustativos del alumnado. Adem\u00e1s, se han instalado mont\u00edculos de hierba para que los ni\u00f1os y ni\u00f1as tengan la posibilidad de jugar en ellos.<\/p>\n<p>Como se ve, en todo momento se busca la reconexi\u00f3n de la ciudadan\u00eda con la naturaleza, una relaci\u00f3n que cumple unas funciones ambientales y sanitarias, ya que mejora nuestra calidad de vida y nuestro bienestar, tal y como explicamos en un post anterior <a href=\"https:\/\/ecoblog.mcp.es\/l4r\/el-futuro-de-los-ambitos-urbanos\/\"><strong>(leer aqu\u00ed)<\/strong><\/a>.<\/p>\n<img loading=\"lazy\" decoding=\"async\" class=\"aligncenter wp-image-28975 size-full\" src=\"https:\/\/ecoblog.mcp.es\/l4r\/wp-content\/uploads\/2023\/01\/bancales.jpg\" alt=\"\" width=\"1024\" height=\"768\" srcset=\"https:\/\/ecoblog.mcp.es\/l4r\/wp-content\/uploads\/2023\/01\/bancales.jpg 1024w, https:\/\/ecoblog.mcp.es\/l4r\/wp-content\/uploads\/2023\/01\/bancales-300x225.jpg 300w, https:\/\/ecoblog.mcp.es\/l4r\/wp-content\/uploads\/2023\/01\/bancales-768x576.jpg 768w\" sizes=\"auto, (max-width: 1024px) 100vw, 1024px\" \/>\n<p>Y este prop\u00f3sito ha calado en la sociedad, la cual ha participado activamente en varias acciones que se han desarrollado y en la que se ha pedido su participaci\u00f3n: colaboraci\u00f3n en labores de limpieza del r\u00edo Ulzama; cuidado vecinal de alcorques, jardineras y parterres; plantaci\u00f3n de cultivos hort\u00edcolas y de plantas variadas en la plaza Constituci\u00f3n, lugar de reuni\u00f3n y de intercambio de conocimientos medioambientales; etc.<\/p>\n<p>Como se ve, la colaboraci\u00f3n activa de instituciones y de ciudadan\u00eda constituye el secreto de este municipio, el m\u00e1s peque\u00f1o de Navarra, que ha llegado a ser un referente medioambiental en donde los espacios verdes y naturales encuentran un lugar entre tanto cemento.<\/p>\n<p>&nbsp;<\/p>\n<p>&nbsp;<\/p>\n","protected":false},"excerpt":{"rendered":"<p>Villava, el municipio m\u00e1s peque\u00f1o de Navarra, ha llegado a ser un referente medioambiental en donde los espacios verdes y naturales encuentran un lugar entre tanto cemento. Y lo ha conseguido gracias a la colaboraci\u00f3n activa de las instituciones y de la ciudadan\u00eda que entienden que la reconexi\u00f3n con la naturaleza aporta beneficios tanto medioambientales como de salud.<\/p>\n","protected":false},"author":7,"featured_media":28977,"comment_status":"open","ping_status":"closed","sticky":false,"template":"","format":"standard","meta":{"footnotes":""},"categories":[5],"tags":[3695,2582,8332,1354,392,393,2602,8330,94,98,7191],"class_list":["post-28974","post","type-post","status-publish","format-standard","has-post-thumbnail","hentry","category-espaciospublicos","tag-biodiversidad","tag-concienciacion-es","tag-concienciacion-vecinal","tag-ecodiseno","tag-mancomunidad-de-la-comarca-de-pamplona","tag-mcp","tag-medioambiente-es","tag-naturalizacion-de-espacios","tag-navarra","tag-sostenibilidad","tag-villava-2"],"aioseo_notices":[],"_links":{"self":[{"href":"https:\/\/ecoblog.mcp.es\/l4r\/wp-json\/wp\/v2\/posts\/28974","targetHints":{"allow":["GET"]}}],"collection":[{"href":"https:\/\/ecoblog.mcp.es\/l4r\/wp-json\/wp\/v2\/posts"}],"about":[{"href":"https:\/\/ecoblog.mcp.es\/l4r\/wp-json\/wp\/v2\/types\/post"}],"author":[{"embeddable":true,"href":"https:\/\/ecoblog.mcp.es\/l4r\/wp-json\/wp\/v2\/users\/7"}],"replies":[{"embeddable":true,"href":"https:\/\/ecoblog.mcp.es\/l4r\/wp-json\/wp\/v2\/comments?post=28974"}],"version-history":[{"count":1,"href":"https:\/\/ecoblog.mcp.es\/l4r\/wp-json\/wp\/v2\/posts\/28974\/revisions"}],"predecessor-version":[{"id":28978,"href":"https:\/\/ecoblog.mcp.es\/l4r\/wp-json\/wp\/v2\/posts\/28974\/revisions\/28978"}],"wp:featuredmedia":[{"embeddable":true,"href":"https:\/\/ecoblog.mcp.es\/l4r\/wp-json\/wp\/v2\/media\/28977"}],"wp:attachment":[{"href":"https:\/\/ecoblog.mcp.es\/l4r\/wp-json\/wp\/v2\/media?parent=28974"}],"wp:term":[{"taxonomy":"category","embeddable":true,"href":"https:\/\/ecoblog.mcp.es\/l4r\/wp-json\/wp\/v2\/categories?post=28974"},{"taxonomy":"post_tag","embeddable":true,"href":"https:\/\/ecoblog.mcp.es\/l4r\/wp-json\/wp\/v2\/tags?post=28974"}],"curies":[{"name":"wp","href":"https:\/\/api.w.org\/{rel}","templated":true}]}}