{"id":29064,"date":"2023-02-08T12:10:45","date_gmt":"2023-02-08T11:10:45","guid":{"rendered":"https:\/\/ecoblog.mcp.es\/l4r\/?p=29064"},"modified":"2023-02-08T13:13:40","modified_gmt":"2023-02-08T12:13:40","slug":"el-semillero-de-mendillorri-hazitoki","status":"publish","type":"post","link":"https:\/\/ecoblog.mcp.es\/l4r\/el-semillero-de-mendillorri-hazitoki\/","title":{"rendered":"El Semillero de Mendillorri (Hazitoki)"},"content":{"rendered":"<p>En un post anterior habl\u00e1bamos de la r<strong>ed de custodia de semillas de Arakil<\/strong>. Cont\u00e1bamos que cuando la agricultura tradicional de Arakil se vio amenazada por la moderna, el ayuntamiento, la Agencia de Desarrollo de la Sakana y la asociaci\u00f3n Arre se pusieron en marcha para escuchar a los vecinos y vecinas de m\u00e1s edad y con ellas recuperar el conocimiento y el saber hacer. (<a href=\"https:\/\/ecoblog.mcp.es\/l4r\/la-red-de-custodia-de-semillas-del-valle-de-arakil\/\" target=\"_blank\" rel=\"noopener\">l<strong>eer aqu\u00ed<\/strong><\/a>)<\/p>\n<p>En Mendillorri, hace tres a\u00f1os, arranc\u00f3 una experiencia similar que recibe el nombre de \u201cEl Semillero\u201d. Promovida por la<strong><a href=\"https:\/\/www.mcp.es\/actividades\/recomendamos\/el-semillero\" target=\"_blank\" rel=\"noopener\"> Mancomunidad de la Comarca de Pamplona<\/a>, <\/strong>se trata de una iniciativa que fomenta la recuperaci\u00f3n de semillas de especies aut\u00f3ctonas a trav\u00e9s del intercambio comunitario, as\u00ed como el aprendizaje de las t\u00e9cnicas para su recolecci\u00f3n y selecci\u00f3n.<\/p>\n<img loading=\"lazy\" decoding=\"async\" class=\"aligncenter wp-image-29074 size-full\" src=\"https:\/\/ecoblog.mcp.es\/l4r\/wp-content\/uploads\/2023\/02\/portada-3.jpg\" alt=\"\" width=\"1024\" height=\"768\" srcset=\"https:\/\/ecoblog.mcp.es\/l4r\/wp-content\/uploads\/2023\/02\/portada-3.jpg 1024w, https:\/\/ecoblog.mcp.es\/l4r\/wp-content\/uploads\/2023\/02\/portada-3-300x225.jpg 300w, https:\/\/ecoblog.mcp.es\/l4r\/wp-content\/uploads\/2023\/02\/portada-3-768x576.jpg 768w\" sizes=\"auto, (max-width: 1024px) 100vw, 1024px\" \/>\n<p>Para conseguir este objetivo, el Semillero dispone de un banco de semillas y de un huerto multiplicador.<\/p>\n<p>El banco est\u00e1 ubicado en la sala multiusos del Parque de los Dep\u00f3sitos de Agua, y se utiliza para almacenar las semillas que abastece la <strong><a href=\"https:\/\/redsemillasnavarra.com\/\" target=\"_blank\" rel=\"noopener\">Red de Semillas de Navarra<\/a>,<\/strong> a trav\u00e9s de un estricto sistema de selecci\u00f3n e inventario.<\/p>\n<img loading=\"lazy\" decoding=\"async\" class=\"aligncenter wp-image-29070 size-full\" src=\"https:\/\/ecoblog.mcp.es\/l4r\/wp-content\/uploads\/2023\/02\/semillas2.jpg\" alt=\"\" width=\"1024\" height=\"660\" srcset=\"https:\/\/ecoblog.mcp.es\/l4r\/wp-content\/uploads\/2023\/02\/semillas2.jpg 1024w, https:\/\/ecoblog.mcp.es\/l4r\/wp-content\/uploads\/2023\/02\/semillas2-300x193.jpg 300w, https:\/\/ecoblog.mcp.es\/l4r\/wp-content\/uploads\/2023\/02\/semillas2-768x495.jpg 768w\" sizes=\"auto, (max-width: 1024px) 100vw, 1024px\" \/>\n<p>El huerto multiplicador, por su parte, se encuentra en las inmediaciones de la misma sala, y est\u00e1 formado por unos bancales para plantar las semillas y as\u00ed fomentar su recuperaci\u00f3n.<\/p>\n<img loading=\"lazy\" decoding=\"async\" class=\"aligncenter wp-image-29071 size-full\" src=\"https:\/\/ecoblog.mcp.es\/l4r\/wp-content\/uploads\/2023\/02\/jardinera2.jpeg\" alt=\"\" width=\"1024\" height=\"768\" srcset=\"https:\/\/ecoblog.mcp.es\/l4r\/wp-content\/uploads\/2023\/02\/jardinera2.jpeg 1024w, https:\/\/ecoblog.mcp.es\/l4r\/wp-content\/uploads\/2023\/02\/jardinera2-300x225.jpeg 300w, https:\/\/ecoblog.mcp.es\/l4r\/wp-content\/uploads\/2023\/02\/jardinera2-768x576.jpeg 768w\" sizes=\"auto, (max-width: 1024px) 100vw, 1024px\" \/>\n<p>Pero el proyecto no s\u00f3lo supone un lugar o un huerto, sino toda una experiencia. Un viernes al mes, por ejemplo, se lleva a cabo una jornada\u00a0de<strong>\u00a0<\/strong><strong>intercambio de semillas y conocimiento <\/strong>de la mano de la\u00a0<strong><a href=\"https:\/\/arrea.net\/\" target=\"_blank\" rel=\"noopener\">Asociaci\u00f3n Agroecol\u00f3gica Arrea<\/a>. <\/strong>\u00a0Se trata de un espacio abierto a todas aquellas personas que est\u00e9n interesadas en la\u00a0<strong>recuperaci\u00f3n de variedades locales y deseen <\/strong><strong>intercambiar semillas<\/strong><strong>,<\/strong> llev\u00e1ndose alguna variedad de las que se conservan en el banco de semillas o aportando sus propias variedades.<\/p>\n<img loading=\"lazy\" decoding=\"async\" class=\"aligncenter wp-image-29077 size-full\" src=\"https:\/\/ecoblog.mcp.es\/l4r\/wp-content\/uploads\/2023\/02\/semillas.jpg\" alt=\"\" width=\"632\" height=\"678\" srcset=\"https:\/\/ecoblog.mcp.es\/l4r\/wp-content\/uploads\/2023\/02\/semillas.jpg 632w, https:\/\/ecoblog.mcp.es\/l4r\/wp-content\/uploads\/2023\/02\/semillas-280x300.jpg 280w\" sizes=\"auto, (max-width: 632px) 100vw, 632px\" \/>\n<p>Y es que este es uno de los pilares del proyecto, el intercambio; que el p\u00fablico pueda llevarse unas semillas, pero que tambi\u00e9n pueda traer otras para nutrir el huerto de Mendillorri y enriquecerlo. Y, sobre todo, que <strong>comparta el conocimiento<\/strong> adquirido de sus experiencias y de sus mayores<\/p>\n<p>El compromiso de algunas personas viene de atr\u00e1s, del d\u00eda en el que se cre\u00f3 el Semillero. Amantes de la agricultura, crearon su propio huerto a los que la Asociaci\u00f3n Arrea a\u00fan hoy hace un seguimiento. De esta manera se completa el c\u00edrculo, ya que esos huertos ya han comenzado a nutrir con sus semillas el de Mendillorri.<\/p>\n<img loading=\"lazy\" decoding=\"async\" class=\"aligncenter wp-image-29072 size-full\" src=\"https:\/\/ecoblog.mcp.es\/l4r\/wp-content\/uploads\/2023\/02\/mujer.jpg\" alt=\"\" width=\"1024\" height=\"674\" srcset=\"https:\/\/ecoblog.mcp.es\/l4r\/wp-content\/uploads\/2023\/02\/mujer.jpg 1024w, https:\/\/ecoblog.mcp.es\/l4r\/wp-content\/uploads\/2023\/02\/mujer-300x197.jpg 300w, https:\/\/ecoblog.mcp.es\/l4r\/wp-content\/uploads\/2023\/02\/mujer-768x506.jpg 768w\" sizes=\"auto, (max-width: 1024px) 100vw, 1024px\" \/>\n<p>El proyecto tambi\u00e9n contempla la celebraci\u00f3n de algunos <strong>talleres<\/strong>, muchos de ellos dirigidos por la propia Asociaci\u00f3n Arrea. As\u00ed, algunos se imparten para que la ciudadan\u00eda conozca aspectos pr\u00e1cticos a tener en cuenta a la hora de <strong>realizar sus propios\u00a0 semilleros; <\/strong>otros sobre algunas cuestiones importantes que no hay que olvidar cuando se cultivan verduras en un espacio reducido,\u00a0como un balc\u00f3n o terraza: qu\u00e9 cultivos son m\u00e1s interesantes, cual es la ubicaci\u00f3n m\u00e1s adecuada para cada uno, calendario de siembras y plantaciones, qu\u00e9 recipientes se pueden utilizar, tipos de sustratos, cantidad de abonado y riego, etc; y otros sobre la <strong>salud de la huerta<\/strong>. En estos se comparten, de forma participativa, diversas t\u00e9cnicas de prevenci\u00f3n y<strong>\u00a0<\/strong>cuidados necesarios para mantener las plantas de la huerta ecol\u00f3gica sanas.<\/p>\n<p>Los talleres se completan con los impartidos por la herbolaria <a href=\"https:\/\/lunaazulcosmetics.com\/natalia-baztan-y-luna-azul-cosmetics-en-el-programa-mujer-emprende\/\" target=\"_blank\" rel=\"noopener\"><strong>Natalia Bazt\u00e1n<\/strong><\/a>. Ella es la encargada de dar pinceladas sobre los beneficios de algunas plantas medicinales cultivadas en el recinto de los Dep\u00f3sitos de Mendillorri, como la cal\u00e9ndula o la lavanda.<\/p>\n<p>Todo este conjunto de actividades conforma este ambicioso proyecto de \u201cEl Semillero\u201d de Mendillorri, una iniciativa que, como se ve, pretende conservar las variedades de plantas de la Comarca de Pamplona y fomentar el saber y buen hacer de las personas que siempre han visto la naturaleza como su gran aliada.<\/p>\n<img loading=\"lazy\" decoding=\"async\" class=\"aligncenter wp-image-29078 size-full\" src=\"https:\/\/ecoblog.mcp.es\/l4r\/wp-content\/uploads\/2023\/02\/jardinera.jpeg\" alt=\"\" width=\"979\" height=\"708\" srcset=\"https:\/\/ecoblog.mcp.es\/l4r\/wp-content\/uploads\/2023\/02\/jardinera.jpeg 979w, https:\/\/ecoblog.mcp.es\/l4r\/wp-content\/uploads\/2023\/02\/jardinera-300x217.jpeg 300w, https:\/\/ecoblog.mcp.es\/l4r\/wp-content\/uploads\/2023\/02\/jardinera-768x555.jpeg 768w\" sizes=\"auto, (max-width: 979px) 100vw, 979px\" \/>\n<p><strong>\u00a0<\/strong><\/p>\n<p>&nbsp;<\/p>\n","protected":false},"excerpt":{"rendered":"<p>Un banco de semillas aut\u00f3ctonas, un huerto multiplicador, jornadas de intercambio de semillas y conocimientos, talleres sobre c\u00f3mo crear un huerto urbano, otros sobre la salud de las plantas o la selecci\u00f3n de semillas y otros talleres referentes a los beneficios de hierbas medicinales que se cultivan en el huerto. Todo ello compone el proyecto de \u201cEl Semillero\u201d de Mendillorri, una iniciativa que pretende conservar las variedades de plantas de la Comarca de Pamplona y fomentar el saber y buen hacer de las personas que siempre han visto la naturaleza como su gran aliada.<\/p>\n","protected":false},"author":7,"featured_media":29065,"comment_status":"open","ping_status":"closed","sticky":false,"template":"","format":"standard","meta":{"footnotes":""},"categories":[5],"tags":[8404,7504,7505,3695,2582,4195,8408,392,393,2602,1576,94,51,98,8406],"class_list":["post-29064","post","type-post","status-publish","format-standard","has-post-thumbnail","hentry","category-espaciospublicos","tag-agricultura-ecologica","tag-agricultura-tradicional","tag-banco-de-semillas","tag-biodiversidad","tag-concienciacion-es","tag-flora","tag-huerto-ecologico","tag-mancomunidad-de-la-comarca-de-pamplona","tag-mcp","tag-medioambiente-es","tag-mendillorri","tag-navarra","tag-pamplona","tag-sostenibilidad","tag-variedades-autoctonas"],"aioseo_notices":[],"_links":{"self":[{"href":"https:\/\/ecoblog.mcp.es\/l4r\/wp-json\/wp\/v2\/posts\/29064","targetHints":{"allow":["GET"]}}],"collection":[{"href":"https:\/\/ecoblog.mcp.es\/l4r\/wp-json\/wp\/v2\/posts"}],"about":[{"href":"https:\/\/ecoblog.mcp.es\/l4r\/wp-json\/wp\/v2\/types\/post"}],"author":[{"embeddable":true,"href":"https:\/\/ecoblog.mcp.es\/l4r\/wp-json\/wp\/v2\/users\/7"}],"replies":[{"embeddable":true,"href":"https:\/\/ecoblog.mcp.es\/l4r\/wp-json\/wp\/v2\/comments?post=29064"}],"version-history":[{"count":3,"href":"https:\/\/ecoblog.mcp.es\/l4r\/wp-json\/wp\/v2\/posts\/29064\/revisions"}],"predecessor-version":[{"id":29079,"href":"https:\/\/ecoblog.mcp.es\/l4r\/wp-json\/wp\/v2\/posts\/29064\/revisions\/29079"}],"wp:featuredmedia":[{"embeddable":true,"href":"https:\/\/ecoblog.mcp.es\/l4r\/wp-json\/wp\/v2\/media\/29065"}],"wp:attachment":[{"href":"https:\/\/ecoblog.mcp.es\/l4r\/wp-json\/wp\/v2\/media?parent=29064"}],"wp:term":[{"taxonomy":"category","embeddable":true,"href":"https:\/\/ecoblog.mcp.es\/l4r\/wp-json\/wp\/v2\/categories?post=29064"},{"taxonomy":"post_tag","embeddable":true,"href":"https:\/\/ecoblog.mcp.es\/l4r\/wp-json\/wp\/v2\/tags?post=29064"}],"curies":[{"name":"wp","href":"https:\/\/api.w.org\/{rel}","templated":true}]}}