{"id":29111,"date":"2023-03-13T08:00:29","date_gmt":"2023-03-13T07:00:29","guid":{"rendered":"https:\/\/ecoblog.mcp.es\/l4r\/?p=29111"},"modified":"2023-03-13T09:35:04","modified_gmt":"2023-03-13T08:35:04","slug":"las-abejas-trabajadoras-municipales","status":"publish","type":"post","link":"https:\/\/ecoblog.mcp.es\/l4r\/las-abejas-trabajadoras-municipales\/","title":{"rendered":"Las abejas, trabajadoras municipales"},"content":{"rendered":"<p>Las abejas siempre han formado parte del paisaje de <a href=\"https:\/\/www.viladecans.cat\/ca\" target=\"_blank\" rel=\"noopener\"><strong>Viladecans<\/strong><\/a>. Este municipio, de 66.000 habitantes, es el segundo en extensi\u00f3n agr\u00edcola de la comarca del Bajo Llobregat, as\u00ed que su presencia no sorprende. Pero a diferencia de lo que ocurre en otros lugares en los que se lucha por alejarlas del entorno urbano (olvidando que ellas estaban antes), Viladecans se convirti\u00f3 en 2022 en la ciudad amiga de las abejas de manera oficial y despu\u00e9s de que en el pleno municipal se votara por unanimidad. \u201cEntendemos que la defensa de este polinizador va m\u00e1s all\u00e1 de la pol\u00edtica, por eso todos los partidos estuvimos de acuerdo &#8211; explican responsables municipales-. Tenemos claro que la relaci\u00f3n de las personas con la naturaleza favorece su bienestar mental y f\u00edsico\u201d.<\/p>\n<p>As\u00ed que, con esta premisa clara, comenzaron a trabajar en la conservaci\u00f3n de h\u00e1bitats y en la divulgaci\u00f3n del papel que cumplen las abejas, tambi\u00e9n en entornos urbanos.<\/p>\n<p>Se instalaron dos colmenas controladas de abejas, una en la zona forestal y otra, en la llanura deltaica. Y, despu\u00e9s, se legaliz\u00f3 la primera colmena urbana de Catalu\u00f1a. Ese fue el germen de un proyecto a\u00fan mayor, \u00ab<em>Bee Happy Viladecans<\/em>\u00bb<strong>. <\/strong>\u201cEn la actualidad disponemos de tres colmenas en la ciudad para estudiar, vigilar y mejorar la calidad ambiental de la ciudad gracias a las abejas\u201d, explican desde el \u00e1rea de Medio Ambiente y Sostenibilidad.<\/p>\n<img loading=\"lazy\" decoding=\"async\" class=\"aligncenter wp-image-29112 size-full\" src=\"https:\/\/ecoblog.mcp.es\/l4r\/wp-content\/uploads\/2023\/03\/Ayuntamiento-abeja.jpg\" alt=\"\" width=\"184\" height=\"274\" \/>\n<p>As\u00ed es, convirtieron a las abejas en sus aliadas y en sus mejores indicadores para estudiar\u00a0el impacto de la contaminaci\u00f3n en la ciudad. A trav\u00e9s del polen, la cera y la miel detectan la presencia de elementos contaminantes como metales o plaguicidas y este es el m\u00e9todo que se utiliza en este municipio para medir la contaminaci\u00f3n de forma integrada. Un m\u00e9todo que dista de los empleados tradicionalmente que miden la contaminaci\u00f3n en un punto y en un momento. \u00a0Para conocer qu\u00e9 aspectos del entorno determinan lacalidad del polen, el ayuntamiento trabaja conjuntamente con la Universidad Aut\u00f3noma de Barcelona.<\/p>\n<p>En 2016 este proyecto Bee Happy fue presentado en el\u00a0<strong>Smart City Expo World Congress<\/strong>. No era la primera vez que Viladecans estaba presente en el congreso de referencia internacional sobre las ciudades inteligentes, ya que aquel era su sexto a\u00f1o consecutivo. Pero aquella edici\u00f3n s\u00ed fue destacada, ya que el presentado result\u00f3 ser uno de los proyectos m\u00e1s innovadores.<\/p>\n<p>En 2018, por otra parte, el Bee Happy fue finalista de los premios del Congreso Nacional de Innovaci\u00f3n y Servicios P\u00fablicos (CNIS); premios que reconocen el compromiso de las administraciones p\u00fablicas para avanzar en la transformaci\u00f3n de las instituciones, innovando y adapt\u00e1ndose a las nuevas necesidades y tecnolog\u00edas. Su candidatura se inscribi\u00f3 en la categor\u00eda de proyectos de smart cities por la utilizaci\u00f3n de las abejas para estudiar el impacto de la contaminaci\u00f3n en la ciudad y comparti\u00f3 protagonismo con el ayuntamiento de Gij\u00f3n por el uso intensivo de las tecnologias de la informaci\u00f3n en la gesti\u00f3n municipal, y el de Sant Feliu de Llobregat por el modelado 3D del subsuelo para mejorar las tareas de mantenimiento y los consumos de las redes de servicios.<\/p>\n<p>A pesar de todos los \u00e9xitos y relevancia del proyecto, o precisamente movido por ellos, el Ayuntamiento tuvo que dar un paso hacia adelante y para centrarse en las labores de divulgaci\u00f3n. \u201cTen\u00edamos claro que ten\u00edamos que transmitir el inter\u00e9s por las abejas a la ciudadan\u00eda y, adem\u00e1s, huir de los discursos y apostar por las actividades\u201d.<\/p>\n<p>As\u00ed, recuperaron un viejo bar que ya no estaba en uso y lo convirtieron en la Casa de las Abejas. En ella se acondicion\u00f3 un\u00a0espacio de museo con una finalidad educativa. Y, adem\u00e1s, cada fin de semana se organizaron actividades como talleres de experimentaci\u00f3n o visitas a la colmena de Mas\u00a0Rat\u00e9s\u00a0en compa\u00f1\u00eda de un apicultor\/a experto\/a. \u201cVestimos al conjunto de visitantes con trajes de apicultura y eso, en s\u00ed mismo, ya es una experiencia que no se olvida\u201d.<\/p>\n<p>La instalaci\u00f3n se complet\u00f3 con un entorno de biodiversidad urbana donde se ubicaron estructuras para la pervivencia de mariquitas, mariposas, etc.<\/p>\n<p>\u201cPero lo que busc\u00e1bamos era que la ciudadan\u00eda sintiera suyo el proyecto, que se implicara\u201d, recuerdan desde el ayuntamiento. Y, por eso, lanzaron la iniciativa <strong>&#8216;<\/strong>1 m<sup>2<\/sup>\u00a0de naturaleza&#8217;. As\u00ed, quien lo deseara pod\u00eda\u00a0apadrinar el alcorque de un \u00e1rbol\u00a0de la calle y recibir\u00eda plantas para convertirlo en un espacio florecido y mantenerlo.<\/p>\n<p>\u201cLos alcorques de los \u00e1rboles son espacios que pueden contribuir a mejorar el verde urbano y la biodiversidad y, a la vez, luchar contra la contaminaci\u00f3n de las emisiones de veh\u00edculos\u201d.<\/p>\n<p>Los alcorques apadrinados se pod\u00edan distinguir porque ten\u00edan una valla de madera, para evitar que el incivismo o la orina de los perros los da\u00f1aran. Desde el Ayuntamiento se preparaba la tierra y se facilitaba un kit de plantas que atra\u00edan a insectos polinizadores. Para participar s\u00f3lo hac\u00eda falta firmar una hoja de compromiso que implicara regar, podar y limpiar siempre que hiciera falta.<\/p>\n<p>Finalmente, la propuesta se hizo extensiva a los balcones, en los que el propietario o propietaria plantaba semillas que en el futuro sirvieran de alimento para las abejas.<\/p>\n<p>Y esto que parece extra\u00eddo de un cuento, es la realidad y actualidad de Viladecans y de sus abejas.<\/p>\n<p><iframe loading=\"lazy\" title=\"Les abelles ja s\u00f3n a casa\" width=\"680\" height=\"383\" src=\"https:\/\/www.youtube.com\/embed\/U1GR2Keo9yw?feature=oembed\" frameborder=\"0\" allow=\"accelerometer; autoplay; clipboard-write; encrypted-media; gyroscope; picture-in-picture; web-share\" allowfullscreen><\/iframe><\/p>\n<p>Si te gustan las abejas y te apetece saber m\u00e1s sobre ellas, aqu\u00ed puedes encontrar varios post:<\/p>\n<p><strong><a title=\"Las abejas que evitan la despoblaci\u00f3n\" href=\"https:\/\/ecoblog.mcp.es\/l4r\/las-abejas-que-evitan-la-despoblacion\/\" rel=\"bookmark\">Las abejas que evitan la despoblaci\u00f3n<\/a><\/strong><\/p>\n<p><strong><a title=\"Una vacuna para las abejas\" href=\"https:\/\/ecoblog.mcp.es\/l4r\/una-vacuna-para-las-abejas\/\" rel=\"bookmark\">Una vacuna para las abejas<\/a><\/strong><\/p>\n<p class=\"search-title entry-title\"><strong><a title=\"Las abejas que quisieron ser peces\" href=\"https:\/\/ecoblog.mcp.es\/l4r\/las-abejas-que-quisieron-ser-peces\/\" rel=\"bookmark\">Las abejas que quisieron ser peces<\/a><\/strong><\/p>\n<p class=\"search-title entry-title\"><strong><a title=\"Abejas, esos peque\u00f1os polinizadores\" href=\"https:\/\/ecoblog.mcp.es\/l4r\/abejas-esos-pequenos-polinizadores\/\" rel=\"bookmark\">Abejas, esos peque\u00f1os polinizadores<\/a><\/strong><\/p>\n<p class=\"search-title entry-title\"><strong><a title=\"Colgado el \u201cdo not disturb\u201d en Areatzea Resort\" href=\"https:\/\/ecoblog.mcp.es\/l4r\/colgado-el-do-not-disturb-en-areatzea-resort\/\" rel=\"bookmark\">Colgado el \u201cdo not disturb\u201d en Areatzea Resort<\/a><\/strong><\/p>\n<p>&nbsp;<\/p>\n","protected":false},"excerpt":{"rendered":"<p>Viladecans es una ciudad amiga de las abejas y cuenta con ellas para estudiar, vigilar y mejorar la calidad ambiental de la localidad. Con la miel que obtienen de sus tres colmenas urbanas agasajan al visitante, en la casa de las abejas desarrollan actividades para ni\u00f1os\/as y mayores, y los alcorques y balcones de las viviendas lucen flores atractivas para que estos insectos polinizadores encuentren el manjar que buscan.<\/p>\n","protected":false},"author":7,"featured_media":29113,"comment_status":"open","ping_status":"closed","sticky":false,"template":"","format":"standard","meta":{"footnotes":""},"categories":[5],"tags":[8212,4432,1451,3695,8450,392,393,2602,8249,7571,98,8448],"class_list":["post-29111","post","type-post","status-publish","format-standard","has-post-thumbnail","hentry","category-espaciospublicos","tag-abejas","tag-activismo-medioambiental","tag-barcelona","tag-biodiversidad","tag-cataluna","tag-mancomunidad-de-la-comarca-de-pamplona","tag-mcp","tag-medioambiente-es","tag-polinizacion","tag-polinizadores","tag-sostenibilidad","tag-viladecans"],"aioseo_notices":[],"_links":{"self":[{"href":"https:\/\/ecoblog.mcp.es\/l4r\/wp-json\/wp\/v2\/posts\/29111","targetHints":{"allow":["GET"]}}],"collection":[{"href":"https:\/\/ecoblog.mcp.es\/l4r\/wp-json\/wp\/v2\/posts"}],"about":[{"href":"https:\/\/ecoblog.mcp.es\/l4r\/wp-json\/wp\/v2\/types\/post"}],"author":[{"embeddable":true,"href":"https:\/\/ecoblog.mcp.es\/l4r\/wp-json\/wp\/v2\/users\/7"}],"replies":[{"embeddable":true,"href":"https:\/\/ecoblog.mcp.es\/l4r\/wp-json\/wp\/v2\/comments?post=29111"}],"version-history":[{"count":5,"href":"https:\/\/ecoblog.mcp.es\/l4r\/wp-json\/wp\/v2\/posts\/29111\/revisions"}],"predecessor-version":[{"id":29120,"href":"https:\/\/ecoblog.mcp.es\/l4r\/wp-json\/wp\/v2\/posts\/29111\/revisions\/29120"}],"wp:featuredmedia":[{"embeddable":true,"href":"https:\/\/ecoblog.mcp.es\/l4r\/wp-json\/wp\/v2\/media\/29113"}],"wp:attachment":[{"href":"https:\/\/ecoblog.mcp.es\/l4r\/wp-json\/wp\/v2\/media?parent=29111"}],"wp:term":[{"taxonomy":"category","embeddable":true,"href":"https:\/\/ecoblog.mcp.es\/l4r\/wp-json\/wp\/v2\/categories?post=29111"},{"taxonomy":"post_tag","embeddable":true,"href":"https:\/\/ecoblog.mcp.es\/l4r\/wp-json\/wp\/v2\/tags?post=29111"}],"curies":[{"name":"wp","href":"https:\/\/api.w.org\/{rel}","templated":true}]}}