{"id":29196,"date":"2023-03-21T08:00:56","date_gmt":"2023-03-21T07:00:56","guid":{"rendered":"https:\/\/ecoblog.mcp.es\/l4r\/?p=29196"},"modified":"2023-03-27T11:16:18","modified_gmt":"2023-03-27T09:16:18","slug":"presente-de-eugi-fuente-de-abastecimiento-de-pamplona-y-comarca","status":"publish","type":"post","link":"https:\/\/ecoblog.mcp.es\/l4r\/presente-de-eugi-fuente-de-abastecimiento-de-pamplona-y-comarca\/","title":{"rendered":"Presente de Eugi, fuente de abastecimiento de Pamplona y Comarca"},"content":{"rendered":"<p>El <a href=\"https:\/\/www.eugi.es\/es\/que-ver\/el-pantano-de-eugi.html\" target=\"_blank\" rel=\"noopener\"><strong>embalse de Eugi<\/strong><\/a> (Valle de Ester\u00edbar) fue inaugurado en 1973. Se trata de una presa de gravedad de planta curva, de 252 m de longitud, una altura m\u00e1xima sobre el nivel del r\u00edo de 44,3 m, 20,26 hm3 de volumen \u00fatil y 628 m de cota m\u00e1xima, que da de beber a Pamplona y a la Comarca a lo largo de todo el a\u00f1o. Por eso est\u00e1n prohibidas la navegaci\u00f3n (con y sin motor), los ba\u00f1os y la pesca.<\/p>\n<p>El embalse recoge las aguas del r\u00edo Arga y, como queda dicho, su uso principal es el abastecimiento de Pamplona y otros municipios, lo cual est\u00e1 gestionado por la Mancomunidad de la Comarca de Pamplona. Los riegos y la producci\u00f3n hidroel\u00e9ctrica son usos de menor importancia.<\/p>\n<p>Tiene inter\u00e9s faun\u00edstico, por presencia de aves migratorias e incluso de la nutria. El tramo fluvial, adem\u00e1s, es muy bueno para la trucha.<\/p>\n<p>El tramo fluvial bajo la presa puede presentar fluctuaciones del caudal, por el uso\u00a0hidroel\u00e9ctrico, aunque \u00e9stas son de poca importancia. El tramo puede presentar\u00a0un caudal reducido (en \u00e9poca estival) aunque nunca se llega a secar.<\/p>\n<img loading=\"lazy\" decoding=\"async\" class=\"aligncenter wp-image-29197 size-full\" src=\"https:\/\/ecoblog.mcp.es\/l4r\/wp-content\/uploads\/2023\/03\/precipitaciones.jpg\" alt=\"\" width=\"1065\" height=\"694\" srcset=\"https:\/\/ecoblog.mcp.es\/l4r\/wp-content\/uploads\/2023\/03\/precipitaciones.jpg 1065w, https:\/\/ecoblog.mcp.es\/l4r\/wp-content\/uploads\/2023\/03\/precipitaciones-300x195.jpg 300w, https:\/\/ecoblog.mcp.es\/l4r\/wp-content\/uploads\/2023\/03\/precipitaciones-1024x667.jpg 1024w, https:\/\/ecoblog.mcp.es\/l4r\/wp-content\/uploads\/2023\/03\/precipitaciones-768x500.jpg 768w\" sizes=\"auto, (max-width: 1065px) 100vw, 1065px\" \/>\n<p>Seg\u00fan los valores medios de la Cuenca, los meses en los que hay d\u00e9ficit h\u00eddrico son los que van de junio a septiembre, mientras que en los meses invernales y primaverales los valores de precipitaci\u00f3n son superiores y, por ello, se produce la recarga del embalse. Por lo tanto, desde octubre a mayo se acumula el m\u00e1ximo posible para poder responder a la demanda de la \u00e9poca estival, la mayor del a\u00f1o.<\/p>\n<p>Adem\u00e1s de las precipitaciones, junto a las aguas del r\u00edo Arga, el embalse recibe la aportaci\u00f3n de cuatro barrancos principales: dos por cada margen (Gurutxaga e Iungoz al este y Subarrondi y Goitean por el oeste).<\/p>\n<p>En ocasiones el agua embalsada rebasa las cotas absolutas (600, 610 y 620 m s.n.m.) y alcanza la cota del aliviadero por donde se desembalsa el agua sobrante.<\/p>\n<p>Para garantizar la calidad del agua que se bebe, la Mancomunidad de la Comarca de Pamplona realiza controles y anal\u00edticas semanales, adem\u00e1s de an\u00e1lisis del agua prepotable que entra en Urtasun (la estaci\u00f3n depuradora ubicada a situada a 1,5 km. del embalse).<\/p>\n<p>Gracias a esas medidas se toman decisiones de operaci\u00f3n. As\u00ed, el control de la temperatura en la profundidad que se realiza semanalmente, determina el momento en el que se produce la termoclina (momento en el que la masa superior de agua tiende a enfriarse y a bajar, mezcl\u00e1ndose con las capas inferiores y removiendo los fangos). En consecuencia, se fija el momento \u00f3ptimo para proceder al desembalse del fondo, con el objeto de eliminar la materia org\u00e1nica y metales (hierro y fundamentalmente manganeso) del fondo del embalse. La finalidad de este proceder es mejorar la calidad del agua que llega a la planta de Urtasun y reducir con ello el empleo de reactivos en la fase de potabilizaci\u00f3n del agua, antes de ser suministrada a la Comarca.<\/p>\n<p>Por lo general, este desembalse se realiza, desde 1991, en el mes de septiembre, aunque con excepciones. En el a\u00f1o 2022 la sequ\u00eda provoc\u00f3 que el nivel de agua estuviera por debajo de su cota habitual, por lo que se estim\u00f3 necesario no realizar el desag\u00fce para asegurar as\u00ed el abastecimiento durante los meses siguientes.<\/p>\n<img loading=\"lazy\" decoding=\"async\" class=\"aligncenter wp-image-29198 size-full\" src=\"https:\/\/ecoblog.mcp.es\/l4r\/wp-content\/uploads\/2023\/03\/volumen.jpg\" alt=\"\" width=\"1063\" height=\"694\" srcset=\"https:\/\/ecoblog.mcp.es\/l4r\/wp-content\/uploads\/2023\/03\/volumen.jpg 1063w, https:\/\/ecoblog.mcp.es\/l4r\/wp-content\/uploads\/2023\/03\/volumen-300x196.jpg 300w, https:\/\/ecoblog.mcp.es\/l4r\/wp-content\/uploads\/2023\/03\/volumen-1024x669.jpg 1024w, https:\/\/ecoblog.mcp.es\/l4r\/wp-content\/uploads\/2023\/03\/volumen-768x501.jpg 768w\" sizes=\"auto, (max-width: 1063px) 100vw, 1063px\" \/>\n<p>Si quieres saber m\u00e1s sobre c\u00f3mo funciona Eugi, puedes consultar este v\u00eddeo:<\/p>\n<p><iframe loading=\"lazy\" title=\"Ciclo urbano del Agua: Embalse de Eugi, Potabilizadora de Urtasun, Depositos de Mendillorri\" width=\"680\" height=\"510\" src=\"https:\/\/www.youtube.com\/embed\/iHEHatYGN8Y?start=206&#038;feature=oembed\" frameborder=\"0\" allow=\"accelerometer; autoplay; clipboard-write; encrypted-media; gyroscope; picture-in-picture; web-share\" allowfullscreen><\/iframe><\/p>\n<p>Y si lo que te interesa es el desembalse, en este v\u00eddeo descubrir\u00e1s la incidencia que tiene en Pamplona.<\/p>\n<p><iframe loading=\"lazy\" title=\"\u00a1C\u00f3mo se nota que han abierto Eugi!\" width=\"680\" height=\"383\" src=\"https:\/\/www.youtube.com\/embed\/CDizM6hAM-M?feature=oembed\" frameborder=\"0\" allow=\"accelerometer; autoplay; clipboard-write; encrypted-media; gyroscope; picture-in-picture; web-share\" allowfullscreen><\/iframe><\/p>\n<p>Por \u00faltimo, con motivo de la celebraci\u00f3n del D\u00eda Mundial del Agua, hemos preparado esta serie de post sobre el embalse, que quiz\u00e1 puedan resultar de inter\u00e9s.<\/p>\n<p><strong><a title=\"50 a\u00f1os de Eugi, el vaso del que bebe Pamplona\" href=\"https:\/\/ecoblog.mcp.es\/l4r\/50-anos-de-eugi-el-vaso-del-que-bebe-pamplona\/\" rel=\"bookmark\">50 a\u00f1os de Eugi, el vaso del que bebe Pamplona<\/a><\/strong><\/p>\n<p><strong><a title=\"Un submarino en el embalse de Eugi\" href=\"https:\/\/ecoblog.mcp.es\/l4r\/un-submarino-en-el-embalse-de-eugi\/\" rel=\"bookmark\">Un submarino en el embalse de Eugi<\/a><\/strong><\/p>\n<p><a href=\"https:\/\/view.genial.ly\/6409ba08a8ad780019f1ed55?utm_campaign=\" target=\"_blank\" rel=\"noopener\"><strong>Infograf\u00eda: Eugi, agua para la Comarca desde 1973<\/strong><\/a><\/p>\n<p><strong><a title=\"Control de calidad de las aguas de Eugi\" href=\"https:\/\/ecoblog.mcp.es\/l4r\/control-de-calidad-de-las-aguas-de-eugi\/\" rel=\"bookmark\">Control de calidad de las aguas de Eugi<\/a><\/strong><\/p>\n<p><strong><a title=\"Futuro del embalse de Eugi\" href=\"https:\/\/ecoblog.mcp.es\/l4r\/futuro-del-embalse-de-eugi\/\" rel=\"bookmark\">Futuro del embalse de Eugi<\/a><\/strong><\/p>\n<p>&nbsp;<\/p>\n","protected":false},"excerpt":{"rendered":"<p>Desde que en 1971 se pusiera en funcionamiento y en 1973 se inaugurara oficialmente, el embalse de Eugi da de beber a Pamplona y a la Comarca a lo largo de todo el a\u00f1o. Por eso est\u00e1n prohibidas la navegaci\u00f3n (con y sin motor), los ba\u00f1os y la pesca. Su volumen de agua depende principalmente de las precipitaciones y el control de calidad que se realiza es exhaustivo. Tiene inter\u00e9s faun\u00edstico y tur\u00edstico.<\/p>\n","protected":false},"author":7,"featured_media":29199,"comment_status":"open","ping_status":"closed","sticky":false,"template":"","format":"standard","meta":{"footnotes":""},"categories":[3],"tags":[4409,9,3142,2999,8508,7308,392,393,2602,94],"class_list":["post-29196","post","type-post","status-publish","format-standard","has-post-thumbnail","hentry","category-agua","tag-abastecimiento","tag-agua","tag-ciclo-integral-del-agua","tag-dia-internacional-del-agua","tag-embalse-de-eugi","tag-esteribar","tag-mancomunidad-de-la-comarca-de-pamplona","tag-mcp","tag-medioambiente-es","tag-navarra"],"aioseo_notices":[],"_links":{"self":[{"href":"https:\/\/ecoblog.mcp.es\/l4r\/wp-json\/wp\/v2\/posts\/29196","targetHints":{"allow":["GET"]}}],"collection":[{"href":"https:\/\/ecoblog.mcp.es\/l4r\/wp-json\/wp\/v2\/posts"}],"about":[{"href":"https:\/\/ecoblog.mcp.es\/l4r\/wp-json\/wp\/v2\/types\/post"}],"author":[{"embeddable":true,"href":"https:\/\/ecoblog.mcp.es\/l4r\/wp-json\/wp\/v2\/users\/7"}],"replies":[{"embeddable":true,"href":"https:\/\/ecoblog.mcp.es\/l4r\/wp-json\/wp\/v2\/comments?post=29196"}],"version-history":[{"count":5,"href":"https:\/\/ecoblog.mcp.es\/l4r\/wp-json\/wp\/v2\/posts\/29196\/revisions"}],"predecessor-version":[{"id":29317,"href":"https:\/\/ecoblog.mcp.es\/l4r\/wp-json\/wp\/v2\/posts\/29196\/revisions\/29317"}],"wp:featuredmedia":[{"embeddable":true,"href":"https:\/\/ecoblog.mcp.es\/l4r\/wp-json\/wp\/v2\/media\/29199"}],"wp:attachment":[{"href":"https:\/\/ecoblog.mcp.es\/l4r\/wp-json\/wp\/v2\/media?parent=29196"}],"wp:term":[{"taxonomy":"category","embeddable":true,"href":"https:\/\/ecoblog.mcp.es\/l4r\/wp-json\/wp\/v2\/categories?post=29196"},{"taxonomy":"post_tag","embeddable":true,"href":"https:\/\/ecoblog.mcp.es\/l4r\/wp-json\/wp\/v2\/tags?post=29196"}],"curies":[{"name":"wp","href":"https:\/\/api.w.org\/{rel}","templated":true}]}}