{"id":29421,"date":"2023-07-31T08:00:07","date_gmt":"2023-07-31T06:00:07","guid":{"rendered":"https:\/\/ecoblog.mcp.es\/l4r\/?p=29421"},"modified":"2023-07-26T09:09:58","modified_gmt":"2023-07-26T07:09:58","slug":"un-autobus-para-mejorar-el-servicio-de-transporte-escolar-en-cabo-verde","status":"publish","type":"post","link":"https:\/\/ecoblog.mcp.es\/l4r\/un-autobus-para-mejorar-el-servicio-de-transporte-escolar-en-cabo-verde\/","title":{"rendered":"Un autob\u00fas para mejorar el servicio de transporte escolar en Cabo Verde"},"content":{"rendered":"<p>Por <a href=\"https:\/\/www.infotuc.es\/index.php\/es\/\" target=\"_blank\" rel=\"noopener\"><strong>*InfoTUC<\/strong><\/a><\/p>\n<p>Desde el pasado mes de diciembre un autob\u00fas del <a href=\"https:\/\/www.mcp.es\/transporte\" target=\"_blank\" rel=\"noopener\"><strong>Transporte Urbano Comarcal de Pamplona<\/strong> <\/a>transporta a unos 150 escolares en la comunidad de Praia Baixo del municipio de Santo Domingo en Cabo Verde.<\/p>\n<p>Ello ha sido posible gracias a la donaci\u00f3n realizada por TCC Pamplona y la Mancomunidad de la Comarca de Pamplona a trav\u00e9s de \u2018Ayuda contenedores\u2019, ONG navarra que realiza env\u00edos de ayuda humanitaria, con el objeto de generar cambios que posibiliten el desarrollo sostenible de los pa\u00edses m\u00e1s desfavorecidos, y que permitan alcanzar unas estructuras sociales justas.<\/p>\n<p>Con esta donaci\u00f3n se ha conseguido mejorar el servicio de transporte, especialmente el estudiantil, de dicha zona rural en la que se vive con muchas necesidades. El transporte escolar sufre de escasez de medios para poder asegurar el transporte y el acceso a la escuela de los estudiantes de diversas localidades del municipio, debido principalmente a la dispersi\u00f3n del territorio.<\/p>\n<p><strong>Cerca de 115 kil\u00f3metros diarios<\/strong><\/p>\n<p>El veh\u00edculo donado transporta diariamente a 150 estudiantes en la ruta Praia Baixo\u2013Escuela Secundaria Fulgencio Tavares. A lo largo de una jornada, realiza un viaje por la ma\u00f1ana (un viaje), al dos al mediod\u00eda y otro al final del d\u00eda, sumando un total de unos 114 kil\u00f3metros diarios.<\/p>\n<p>Santo Domingo est\u00e1 ubicado en la zona sureste de la isla de Santiago y tiene una extensi\u00f3n de casi 150.000 km\u00b2, ocupando una superficie que corresponde aproximadamente al 14,8% del territorio insular. Las 32 zonas que componen el municipio se distribuyen en las parroquias de S\u00e3o Nicolau Tolentino y Nossa Senhora da Luz, siendo la primera la m\u00e1s poblada y donde se encuentra Santo Domingo.<\/p>\n<p>Praia Baixo, ubicada en la parroquia de Nossa Senhora da Luz, es una comunidad rural, compuesta esencialmente por hogares dedicados a la pesca, uno de los medios de supervivencia de su poblaci\u00f3n que lucha diariamente con la escasez de recursos econ\u00f3micos para sufragar los gastos de viaje de los estudiantes, especialmente por la falta de un servicio regular.<\/p>\n<p>Si quieres conocer otras experiencias de cooperaci\u00f3n <a href=\"https:\/\/ecoblog.mcp.es\/l4r\/el-agua-motor-del-cambio-en-turkana-kenia\/\" target=\"_blank\" rel=\"noopener\"><strong>puedes clicar aqu\u00ed.<\/strong><\/a><\/p>\n","protected":false},"excerpt":{"rendered":"<p>La Mancomunidad de la Comarca de Pamplona y TCC Pamplona, en colaboraci\u00f3n con la ONG navarra \u2018Ayuda contenedores\u2019, donan un autob\u00fas para mejorar el servicio de transporte escolar del municipio de Santo Domingo en Cabo Verde.<br \/>\nGracias a esta donaci\u00f3n, los estudiantes viajar\u00e1n con seguridad y comodidad.<\/p>\n","protected":false},"author":7,"featured_media":29422,"comment_status":"open","ping_status":"closed","sticky":false,"template":"","format":"standard","meta":{"footnotes":""},"categories":[6],"tags":[4215,8614,392,393,4234,8620,8618,8616,8612,8622,4214],"class_list":["post-29421","post","type-post","status-publish","format-standard","has-post-thumbnail","hentry","category-movilidad","tag-autobus","tag-cabo-verde","tag-mancomunidad-de-la-comarca-de-pamplona","tag-mcp","tag-movilidad-sostenible-es","tag-nossa-senhora-da-luz","tag-ong-ayuda-contenedores","tag-praia-baixo","tag-tcc-pamplona","tag-transporte-escolar","tag-transporte-publico"],"aioseo_notices":[],"_links":{"self":[{"href":"https:\/\/ecoblog.mcp.es\/l4r\/wp-json\/wp\/v2\/posts\/29421","targetHints":{"allow":["GET"]}}],"collection":[{"href":"https:\/\/ecoblog.mcp.es\/l4r\/wp-json\/wp\/v2\/posts"}],"about":[{"href":"https:\/\/ecoblog.mcp.es\/l4r\/wp-json\/wp\/v2\/types\/post"}],"author":[{"embeddable":true,"href":"https:\/\/ecoblog.mcp.es\/l4r\/wp-json\/wp\/v2\/users\/7"}],"replies":[{"embeddable":true,"href":"https:\/\/ecoblog.mcp.es\/l4r\/wp-json\/wp\/v2\/comments?post=29421"}],"version-history":[{"count":1,"href":"https:\/\/ecoblog.mcp.es\/l4r\/wp-json\/wp\/v2\/posts\/29421\/revisions"}],"predecessor-version":[{"id":29423,"href":"https:\/\/ecoblog.mcp.es\/l4r\/wp-json\/wp\/v2\/posts\/29421\/revisions\/29423"}],"wp:featuredmedia":[{"embeddable":true,"href":"https:\/\/ecoblog.mcp.es\/l4r\/wp-json\/wp\/v2\/media\/29422"}],"wp:attachment":[{"href":"https:\/\/ecoblog.mcp.es\/l4r\/wp-json\/wp\/v2\/media?parent=29421"}],"wp:term":[{"taxonomy":"category","embeddable":true,"href":"https:\/\/ecoblog.mcp.es\/l4r\/wp-json\/wp\/v2\/categories?post=29421"},{"taxonomy":"post_tag","embeddable":true,"href":"https:\/\/ecoblog.mcp.es\/l4r\/wp-json\/wp\/v2\/tags?post=29421"}],"curies":[{"name":"wp","href":"https:\/\/api.w.org\/{rel}","templated":true}]}}