{"id":29527,"date":"2023-10-16T08:00:02","date_gmt":"2023-10-16T06:00:02","guid":{"rendered":"https:\/\/ecoblog.mcp.es\/l4r\/?p=29527"},"modified":"2023-09-22T11:38:58","modified_gmt":"2023-09-22T09:38:58","slug":"el-verano-mas-calido-desde-que-se-tiene-registro","status":"publish","type":"post","link":"https:\/\/ecoblog.mcp.es\/l4r\/el-verano-mas-calido-desde-que-se-tiene-registro\/","title":{"rendered":"El verano m\u00e1s c\u00e1lido desde que se tiene registro"},"content":{"rendered":"<p>El verano de 2023 ha sido el m\u00e1s caluroso en el mundo desde que se tiene registro. <strong>El term\u00f3metro global marc\u00f3 una media de 16.82\u00b0C durante el mes de julio<\/strong><strong>,<\/strong> lo que supone un incremento de 0.71\u00b0C respecto a la media registrada entre 1991 y 2020 para el mismo per\u00edodo.\u00a0Este aumento de temperaturas desbanc\u00f3 el r\u00e9cord registrado en 2019 y, lo m\u00e1s grave, constat\u00f3 la tendencia clara de calentamiento global.<\/p>\n<img loading=\"lazy\" decoding=\"async\" class=\"aligncenter wp-image-29528 size-full\" src=\"https:\/\/ecoblog.mcp.es\/l4r\/wp-content\/uploads\/2023\/09\/ranking-era5-30-warmest-jja-global_657a4318_230908110254_800x518-1.png\" alt=\"\" width=\"800\" height=\"518\" srcset=\"https:\/\/ecoblog.mcp.es\/l4r\/wp-content\/uploads\/2023\/09\/ranking-era5-30-warmest-jja-global_657a4318_230908110254_800x518-1.png 800w, https:\/\/ecoblog.mcp.es\/l4r\/wp-content\/uploads\/2023\/09\/ranking-era5-30-warmest-jja-global_657a4318_230908110254_800x518-1-300x194.png 300w, https:\/\/ecoblog.mcp.es\/l4r\/wp-content\/uploads\/2023\/09\/ranking-era5-30-warmest-jja-global_657a4318_230908110254_800x518-1-768x497.png 768w\" sizes=\"auto, (max-width: 800px) 100vw, 800px\" \/>\n<p>Esto tiene incidencia directa en los fen\u00f3menos meteorol\u00f3gicos extremos porque afecta al modo en el que se comporta la atm\u00f3sfera. Es lo que se denomina \u201cdin\u00e1mica atmosf\u00e9rica\u201d.<\/p>\n<p>Los fen\u00f3menos clim\u00e1ticos, las olas, las corrientes marinas y la distribuci\u00f3n de las precipitaciones\u00a0son consecuencia directa de esta din\u00e1mica atmosf\u00e9rica.<\/p>\n<p>El aumento de la temperatura media global afecta a la temperatura de los oc\u00e9anos, lo que provoca que haya una mayor evaporaci\u00f3n y, por lo tanto, una mayor cantidad de vapor de agua en la atm\u00f3sfera. Como consecuencia, se generan tormentas m\u00e1s intensas de viento y granizo, y lluvias de tipo torrencial que, a su vez, pueden provocar inundaciones.<\/p>\n<p>Por lo tanto, se puede decir que una de las mayores consecuencias del cambio clim\u00e1tico es el aumento en la probabilidad de ocurrencia de fen\u00f3menos extremos.<\/p>\n<p>Y tambi\u00e9n la sequ\u00eda. Este verano la Pen\u00ednsula Ib\u00e9rica, el sur de Francia, Islandia y gran parte de Europa Oriental ha experimentado condiciones m\u00e1s secas que la media, dando lugar a una serie de incendios forestales significativos en Grecia, Italia, Francia y Portugal.<\/p>\n<p>15 de los 16 a\u00f1os m\u00e1s c\u00e1lidos registrados han sido en este siglo. De acuerdo a la <a href=\"https:\/\/public.wmo.int\/es\" target=\"_blank\" rel=\"noopener\">Organizaci\u00f3n Meteorol\u00f3gica Mundial<\/a>, organismo bajo el que se amparan todos los Servicios Meteorol\u00f3gicos Nacionales, desde la d\u00e9cada de 1980, cada d\u00e9cada ha sido m\u00e1s c\u00e1lida que la anterior. Y se espera que esto mismo contin\u00fae en las pr\u00f3ximas d\u00e9cadas.<\/p>\n<p>Este es el panorama que se dibuja en el horizonte. \u00bfPodr\u00e1 el ser humano revertir esta situaci\u00f3n?<\/p>\n<p>Si quieres leer m\u00e1s post sobre este tema, puedes consultar estos post:<\/p>\n<p><strong><a title=\"Fen\u00f3menos extremos. \u00bfY ahora qu\u00e9?\" href=\"https:\/\/ecoblog.mcp.es\/l4r\/fenomenos-extremos-y-ahora-que\/\" rel=\"bookmark\">Fen\u00f3menos extremos. \u00bfY ahora qu\u00e9?<\/a><\/strong><\/p>\n<p><strong><a title=\"Las inundaciones y las sequ\u00edas vienen de la mano\" href=\"https:\/\/ecoblog.mcp.es\/l4r\/las-inundaciones-y-las-sequias-vienen-de-la-mano\/\" rel=\"bookmark\">Las inundaciones y las sequ\u00edas vienen de la mano<\/a><\/strong><\/p>\n<p><strong><a title=\"\u00bfFen\u00f3menos extremos a consecuencia del cambio clim\u00e1tico?\" href=\"https:\/\/ecoblog.mcp.es\/l4r\/fenomenos-extremos-a-consecuencia-del-cambio-climatico\/\" rel=\"bookmark\">\u00bfFen\u00f3menos extremos a consecuencia del cambio clim\u00e1tico?<\/a><\/strong><\/p>\n<p><strong><a title=\"Del calentamiento global a la emergencia clim\u00e1tica\" href=\"https:\/\/ecoblog.mcp.es\/l4r\/del-calentamiento-global-a-la-emergencia-climatica\/\" rel=\"bookmark\">Del calentamiento global a la emergencia clim\u00e1tica<\/a><\/strong><\/p>\n<ul>\n<li><strong>Fuente:<\/strong><\/li>\n<\/ul>\n<p>https:\/\/www.nationalgeographic.com.es\/medio-ambiente\/verano-2023-es-mas-caluroso-que-hay-registros-y-agosto-segundo-mes-mas-caluroso_20687<\/p>\n<p><strong>\u00a0<\/strong><\/p>\n","protected":false},"excerpt":{"rendered":"<p>El verano de 2023 ha sido el m\u00e1s caluroso en el mundo desde que se tiene registro. 15 de los 16 a\u00f1os m\u00e1s c\u00e1lidos registrados han sido en este siglo. Los fen\u00f3menos climatol\u00f3gicos extremos se multiplican. Tambi\u00e9n la sequ\u00eda y los incendios. \u00bfSeremos capaces de revertir esta situaci\u00f3n?<\/p>\n","protected":false},"author":7,"featured_media":29529,"comment_status":"open","ping_status":"closed","sticky":false,"template":"","format":"standard","meta":{"footnotes":""},"categories":[4],"tags":[7994,8798,778,211,392,393,221],"class_list":["post-29527","post","type-post","status-publish","format-standard","has-post-thumbnail","hentry","category-mundosostenible","tag-calentamiento-global","tag-calor","tag-cambio-climatico","tag-concienciacion","tag-mancomunidad-de-la-comarca-de-pamplona","tag-mcp","tag-medioambiente"],"aioseo_notices":[],"_links":{"self":[{"href":"https:\/\/ecoblog.mcp.es\/l4r\/wp-json\/wp\/v2\/posts\/29527","targetHints":{"allow":["GET"]}}],"collection":[{"href":"https:\/\/ecoblog.mcp.es\/l4r\/wp-json\/wp\/v2\/posts"}],"about":[{"href":"https:\/\/ecoblog.mcp.es\/l4r\/wp-json\/wp\/v2\/types\/post"}],"author":[{"embeddable":true,"href":"https:\/\/ecoblog.mcp.es\/l4r\/wp-json\/wp\/v2\/users\/7"}],"replies":[{"embeddable":true,"href":"https:\/\/ecoblog.mcp.es\/l4r\/wp-json\/wp\/v2\/comments?post=29527"}],"version-history":[{"count":1,"href":"https:\/\/ecoblog.mcp.es\/l4r\/wp-json\/wp\/v2\/posts\/29527\/revisions"}],"predecessor-version":[{"id":29530,"href":"https:\/\/ecoblog.mcp.es\/l4r\/wp-json\/wp\/v2\/posts\/29527\/revisions\/29530"}],"wp:featuredmedia":[{"embeddable":true,"href":"https:\/\/ecoblog.mcp.es\/l4r\/wp-json\/wp\/v2\/media\/29529"}],"wp:attachment":[{"href":"https:\/\/ecoblog.mcp.es\/l4r\/wp-json\/wp\/v2\/media?parent=29527"}],"wp:term":[{"taxonomy":"category","embeddable":true,"href":"https:\/\/ecoblog.mcp.es\/l4r\/wp-json\/wp\/v2\/categories?post=29527"},{"taxonomy":"post_tag","embeddable":true,"href":"https:\/\/ecoblog.mcp.es\/l4r\/wp-json\/wp\/v2\/tags?post=29527"}],"curies":[{"name":"wp","href":"https:\/\/api.w.org\/{rel}","templated":true}]}}