{"id":29605,"date":"2024-01-22T11:50:19","date_gmt":"2024-01-22T10:50:19","guid":{"rendered":"https:\/\/ecoblog.mcp.es\/l4r\/?p=29605"},"modified":"2024-01-22T11:50:19","modified_gmt":"2024-01-22T10:50:19","slug":"se-puede-hablar-de-una-crisis-de-las-renovables","status":"publish","type":"post","link":"https:\/\/ecoblog.mcp.es\/l4r\/se-puede-hablar-de-una-crisis-de-las-renovables\/","title":{"rendered":"\u00bfSe puede hablar de una crisis de las renovables?"},"content":{"rendered":"<p>En enero de 2024, el Gobierno de Navarra denegaba las dos plantas solares fotovoltaicas que pretend\u00eda instalar en Arre una empresa granadina. La raz\u00f3n, su afecci\u00f3n al parque fluvial e incompatibilidad urban\u00edstica.<\/p>\n<p>En octubre de 2023, la v\u00eda judicial emprendida mayoritariamente por las organizaciones medioambientalistas junto con otras acciones que fueron impulsadas por particulares, encontraron respuesta en la secci\u00f3n tercera de la Sala de lo Contencioso-Administrativo del Tribunal Superior de Xustiza de Galicia (TSXG), que dict\u00f3 un goteo de fallos, incluyendo medidas cautelares, que supusieron la paralizaci\u00f3n de siete proyectos para la instalaci\u00f3n de parques e\u00f3licos.<\/p>\n<p>En enero de 2022 naci\u00f3 la Plataforma Manifiesto de Burela, en defensa del sector pesquero del Cant\u00e1brico-Noroeste. Firmada por una treintena de pescadores se mostraba de acuerdo con que se desarrollaran parques e\u00f3licos en el mar, en sinton\u00eda con la actividad pesquera del litoral, siempre y cuando esta sinton\u00eda no afectara a su actividad pesquera. Por este motivo, consideraba que los parques e\u00f3licos marinos no son compatibles con la pesca en la plataforma continental.<\/p>\n<p>\u00bfQu\u00e9 est\u00e1 pasando?<\/p>\n<p>En palabras de <strong>Luis Merino<\/strong>, periodista ambiental y director de la revista <a href=\"https:\/\/www.energias-renovables.com\/\" target=\"_blank\" rel=\"noopener\"><strong><em>Energ\u00edas Renovables<\/em><\/strong><\/a>, \u201calgo estamos haciendo mal cuando nadie quiere parques e\u00f3licos u otras energ\u00edas renovables cerca\u201d.<\/p>\n<p>El debate est\u00e1 servido.<\/p>\n<p>\u201cRecuerdo que los primeros proyectos de parques e\u00f3licos marinos que se pensaban hacer encima de la plataforma continental provocaron una gran controversia. El sector pesquero se mostraba totalmente en desacuerdo con aquellos proyectos. Desde el punto de vista medioambiental, la comunidad cient\u00edfica aseguraba que los parques y las plataformas e\u00f3licas pod\u00edan actuar incluso como reservas marinas que, probablemente, pudieran asegurar la pesca de hoy y la de ma\u00f1ana, ya que acotaban algunas zonas para dejarlas exentas de la sobreexplotaci\u00f3n y la sobrepesca. Sin embargo, aquello entraba en colisi\u00f3n con los intereses de los pescadores, quienes se ve\u00edan privados de caladeros donde faenar\u201d, explica Merino.<\/p>\n<p>En tierra firme, ocurre algo parecido con la actividad ganadera. La presencia de molinos de viento en ocasiones no es bienvenida por el cambio que supone en el paisaje, en la econom\u00eda, etc. La galardonada pel\u00edcula <strong>\u201cAs Bestas\u201d<\/strong> reflejaba un caso extremo de esta variedad de puntos de vistas. De hecho, cuando <strong>Rodrigo Sorogoyen<\/strong>, su director, recogi\u00f3 el Goya a la Mejor Pel\u00edcula se despidi\u00f3 diciendo \u201cE\u00f3lica s\u00ed, pero no as\u00ed\u201d, haciendo referencia a los proyectos de parques e\u00f3licos en el \u00e1rea de los montes de Sabucedo, en Pontevedra, donde viven los caballos que luego protagonizan en verano la famosa fiesta de Rapa das Bestas.<\/p>\n<p>Sin embargo, en el \u00e1mbito dom\u00e9stico, cada vez son m\u00e1s los hogares que apuestan por paneles solares para generar energ\u00eda. Tras la derogaci\u00f3n del impuesto al Sol, la ciudadan\u00eda se lanz\u00f3 a instalar autoconsumos y a finales del 22 hab\u00eda en Espa\u00f1a m\u00e1s de 2.507 megavatios de potencia instalada sobre los tejados y cubiertas. Fue el top, porque en 2023 el autoconsumo podr\u00eda haberse quedado en torno a los 1.700 megavatios de nueva potencia <strong>(<a href=\"https:\/\/www.energias-renovables.com\/autoconsumo\/retos-barreras-y-caida-de-un-30-20240117\" target=\"_blank\" rel=\"noopener\">ver aqu\u00ed<\/a>)<\/strong>. Pero el inter\u00e9s sigue estando ah\u00ed.<\/p>\n<img loading=\"lazy\" decoding=\"async\" class=\"aligncenter wp-image-29607 size-full\" src=\"https:\/\/ecoblog.mcp.es\/l4r\/wp-content\/uploads\/2024\/01\/paneles-solares.jpg\" alt=\"\" width=\"1024\" height=\"768\" srcset=\"https:\/\/ecoblog.mcp.es\/l4r\/wp-content\/uploads\/2024\/01\/paneles-solares.jpg 1024w, https:\/\/ecoblog.mcp.es\/l4r\/wp-content\/uploads\/2024\/01\/paneles-solares-300x225.jpg 300w, https:\/\/ecoblog.mcp.es\/l4r\/wp-content\/uploads\/2024\/01\/paneles-solares-768x576.jpg 768w\" sizes=\"auto, (max-width: 1024px) 100vw, 1024px\" \/>\n<p>Adem\u00e1s, entidades e instituciones cada vez se inclinan m\u00e1s por la energ\u00eda verde. La <a href=\"https:\/\/www.mcp.es\/transporte\/noticias\/la-mcp-incorpora-la-flota-del-transporte-urbano-comarcal-un-nuevo-autobus-100\" target=\"_blank\" rel=\"noopener\"><strong>Mancomunidad de la Comarca de Pamplon<\/strong><\/a>a, por ejemplo, est\u00e1 desarrollando un plan de abandono de combustibles f\u00f3siles para alimentar a sus autobuses y flota de veh\u00edculos. Adem\u00e1s, utiliza el embalse de Eugi para generar electricidad y las emisiones de gas del vertedero para inyectar energ\u00eda el\u00e9ctrica en la red general, adem\u00e1s de para generar biometano; su estaci\u00f3n depuradora de aguas puede funcionar como una isla energ\u00e9tica, gracias a electricidad que genera con sus propios recursos, etc.<\/p>\n<p>Entonces \u00bfqu\u00e9 pasa? \u00bfSe puede hablar de una crisis de las renovables? \u00bfDe una reticencia a la instalaci\u00f3n de las infraestructuras que requieren para su \u00f3ptimo funcionamiento? \u00bfA qu\u00e9 se debe?<\/p>\n<p>\u201cSobre estos temas estaremos hablando toda la vida \u2013reconoce Merino-. De hecho, en el n\u00famero 1 de nuestra revista en papel (octubre de 2001) ya nos refer\u00edamos al rechazo que provocaba en algunos sectores la instalaci\u00f3n de renovables&#8230;<\/p>\n<p>Mi punto de vista es que las renovables no est\u00e1n exentas de impactos ambientales. Pero esos impactos son infinitamente menores que los del resto de energ\u00edas. Por tanto, el balance sale positivo. Hay que instalar renovables.<\/p>\n<p>Lo que no quiere decir que se puedan instalar en cualquier sitio. Hay que cumplir y hacer cumplir rigurosamente la legislaci\u00f3n ambiental, que determina d\u00f3nde s\u00ed y d\u00f3nde no se puede instalar un parque e\u00f3lico o una planta solar. Y luego, en los trabajos de construcci\u00f3n y operaci\u00f3n de esos parques hay que ser igual de riguroso.<\/p>\n<p>Pero, adem\u00e1s, es fundamental que este tipo de proyectos se haga con di\u00e1logo con las poblaciones donde se van a instalar. Desde el minuto uno. Y que, una vez instalados, las personas que van a convivir con esos parques sientan que tambi\u00e9n comparten algunos de sus beneficios econ\u00f3micos de manera directa. Si la ciudadan\u00eda ve que llega una empresa con un proyecto, lo instalan cerca de su pueblo sin dar ninguna explicaci\u00f3n y no recibe ning\u00fan beneficio a cambio, tendr\u00e1n asegurado el rechazo\u201d.<\/p>\n<img loading=\"lazy\" decoding=\"async\" class=\"aligncenter wp-image-29608 size-full\" src=\"https:\/\/ecoblog.mcp.es\/l4r\/wp-content\/uploads\/2024\/01\/save-energy-7382276_1280.jpg\" alt=\"\" width=\"1024\" height=\"768\" srcset=\"https:\/\/ecoblog.mcp.es\/l4r\/wp-content\/uploads\/2024\/01\/save-energy-7382276_1280.jpg 1024w, https:\/\/ecoblog.mcp.es\/l4r\/wp-content\/uploads\/2024\/01\/save-energy-7382276_1280-300x225.jpg 300w, https:\/\/ecoblog.mcp.es\/l4r\/wp-content\/uploads\/2024\/01\/save-energy-7382276_1280-768x576.jpg 768w\" sizes=\"auto, (max-width: 1024px) 100vw, 1024px\" \/>\n<p>Ante esta situaci\u00f3n, est\u00e1 claro que la comunicaci\u00f3n ambiental juega un papel determinante. Hay que crear conciencia social y hay que explicar muy bien cu\u00e1les son los beneficios e inconvenientes de las energ\u00edas renovables. \u00bfY eso se est\u00e1 haciendo? \u00bfC\u00f3mo se podr\u00eda mejorar la comunicaci\u00f3n y la divulgaci\u00f3n ambiental para que haya menos dudas y, sobre todo, m\u00e1s transparencia al respecto?<\/p>\n<p>\u201cEs lo mismo que llevo pregunt\u00e1ndome yo toda la vida \u2013reconoce Merino-, desde que empec\u00e9 a trabajar en periodismo ambiental a finales de la d\u00e9cada de los 80.<\/p>\n<p>Hay que hacer un cierto ejercicio de reflexi\u00f3n, y para hacerlo hay que explicar las consecuencias de nuestros actos, de nuestro modo de vida, para llegar a comprender que necesitamos hacer las cosas de otra manera. Est\u00e1 claro que necesitamos pasar a un modelo energ\u00e9tico basado s\u00f3lo en renovables, porque las tecnolog\u00edas convencionales est\u00e1n provocando serios problemas. Lo que no quiere decir que se puedan instalar las renovables de cualquier modo. Es fundamental insistir en que las ventajas son mucho mayores que los inconvenientes\u201d.<\/p>\n<p>\u00bfY esto ser\u00eda aplicable a otras cuestiones medioambientales? El cambio clim\u00e1tico, la emergencia clim\u00e1tica, la crisis clim\u00e1tica son conceptos que se repiten hasta la saciedad y que corren el riesgo de provocar una gran ecoansiedad en una parte de la poblaci\u00f3n y un total pasotismo en otra. \u00bfNo hay un t\u00e9rmino medio?<\/p>\n<p>\u201cLos cambios que tenemos que hacer en todos los sentidos para vivir de un modo ambientalmente sostenible van a tener determinados costes. Y por eso hay que insistir en los beneficios. Es clave que la gente perciba que esos beneficios tambi\u00e9n son para ellos, de un modo u otro.<\/p>\n<p>A grandes rasgos, creo que proteger la naturaleza, nuestro entorno, nuestro medio ambiente, es bueno para nosotros, para nuestros hijos y para los que vengan detr\u00e1s. Es probable que haya mucha gente a la que le cueste entenderlo. Porque est\u00e1n a otras cosas, porque nunca se lo han planteado. Pero a estas alturas no necesitamos grandes reflexiones para entender que la naturaleza, la salud de nuestros r\u00edos y bosques, la salud del parque que tenemos al lado de casa, es vital para nuestra propia salud\u201d.<\/p>\n<p>Si te interesa este tema, puedes consultar tambi\u00e9n estos post:<\/p>\n<p class=\"search-title entry-title\"><strong><a title=\"Energ\u00edas sostenibles para revitalizar un valle\" href=\"https:\/\/ecoblog.mcp.es\/l4r\/energias-sostenibles-para-revitalizar-un-valle\/\" rel=\"bookmark\">Energ\u00edas sostenibles para revitalizar un valle<\/a><\/strong><\/p>\n<p class=\"search-title entry-title\"><strong><a title=\"De escombrera a archipi\u00e9lago de bosques\" href=\"https:\/\/ecoblog.mcp.es\/l4r\/de-escombrera-a-archipielago-de-bosques\/\" rel=\"bookmark\">De escombrera a archipi\u00e9lago de bosques<\/a><\/strong><\/p>\n<p class=\"search-title entry-title\"><strong><a title=\"Empleos verdes: opciones laborales de futuro con mucho presente\" href=\"https:\/\/ecoblog.mcp.es\/l4r\/empleos-verdes-opciones-laborales-de-futuro-con-mucho-presente\/\" rel=\"bookmark\">Empleos verdes: opciones laborales de futuro con mucho presente<\/a><\/strong><\/p>\n<p>&nbsp;<\/p>\n<p>&nbsp;<\/p>\n","protected":false},"excerpt":{"rendered":"<p>En palabras de Luis Merino, periodista ambiental y director de la revista Energ\u00edas Renovables, \u201calgo estamos haciendo mal cuando nadie quiere parques e\u00f3licos u otras energ\u00edas renovables cerca. Est\u00e1 claro que necesitamos pasar a un modelo energ\u00e9tico basado solo en renovables porque las tecnolog\u00edas convencionales est\u00e1n provocando serios problemas. Lo que no quiere decir que se puedan instalar las renovables de cualquier modo.\u201d.<\/p>\n<p>El debate est\u00e1 servido.<\/p>\n","protected":false},"author":7,"featured_media":29606,"comment_status":"open","ping_status":"closed","sticky":false,"template":"","format":"standard","meta":{"footnotes":""},"categories":[4],"tags":[8913,8903,8905,8921,8919,8907,8911,8917,8909,8915],"class_list":["post-29605","post","type-post","status-publish","format-standard","has-post-thumbnail","hentry","category-mundosostenible","tag-as-bestas","tag-energia-eolica","tag-energia-solar","tag-energias-renovables-es","tag-impuesto-al-sol","tag-luis-merino","tag-periodismo-ambiental","tag-premios-goya","tag-revista-energias-renovables","tag-rodrigo-sorogoyen"],"aioseo_notices":[],"_links":{"self":[{"href":"https:\/\/ecoblog.mcp.es\/l4r\/wp-json\/wp\/v2\/posts\/29605","targetHints":{"allow":["GET"]}}],"collection":[{"href":"https:\/\/ecoblog.mcp.es\/l4r\/wp-json\/wp\/v2\/posts"}],"about":[{"href":"https:\/\/ecoblog.mcp.es\/l4r\/wp-json\/wp\/v2\/types\/post"}],"author":[{"embeddable":true,"href":"https:\/\/ecoblog.mcp.es\/l4r\/wp-json\/wp\/v2\/users\/7"}],"replies":[{"embeddable":true,"href":"https:\/\/ecoblog.mcp.es\/l4r\/wp-json\/wp\/v2\/comments?post=29605"}],"version-history":[{"count":1,"href":"https:\/\/ecoblog.mcp.es\/l4r\/wp-json\/wp\/v2\/posts\/29605\/revisions"}],"predecessor-version":[{"id":29609,"href":"https:\/\/ecoblog.mcp.es\/l4r\/wp-json\/wp\/v2\/posts\/29605\/revisions\/29609"}],"wp:featuredmedia":[{"embeddable":true,"href":"https:\/\/ecoblog.mcp.es\/l4r\/wp-json\/wp\/v2\/media\/29606"}],"wp:attachment":[{"href":"https:\/\/ecoblog.mcp.es\/l4r\/wp-json\/wp\/v2\/media?parent=29605"}],"wp:term":[{"taxonomy":"category","embeddable":true,"href":"https:\/\/ecoblog.mcp.es\/l4r\/wp-json\/wp\/v2\/categories?post=29605"},{"taxonomy":"post_tag","embeddable":true,"href":"https:\/\/ecoblog.mcp.es\/l4r\/wp-json\/wp\/v2\/tags?post=29605"}],"curies":[{"name":"wp","href":"https:\/\/api.w.org\/{rel}","templated":true}]}}