{"id":29618,"date":"2024-01-29T08:00:44","date_gmt":"2024-01-29T07:00:44","guid":{"rendered":"https:\/\/ecoblog.mcp.es\/l4r\/?p=29618"},"modified":"2024-01-24T10:03:30","modified_gmt":"2024-01-24T09:03:30","slug":"el-medio-natural-es-nuestra-herencia-a-las-siguientes-generaciones","status":"publish","type":"post","link":"https:\/\/ecoblog.mcp.es\/l4r\/el-medio-natural-es-nuestra-herencia-a-las-siguientes-generaciones\/","title":{"rendered":"\u201cEl medio natural es nuestra herencia a las siguientes generaciones\u201d"},"content":{"rendered":"<p>Cuando hablamos de la actividad de la pesca, por lo general, visualizamos todo un entorno masculino. \u00bfLas mujeres no tienen cabida en ese mundo?<\/p>\n<p>S\u00ed, s\u00ed lo tienen. De hecho, muchas de ellas forman parte de la <a href=\"https:\/\/www.anmupesca.org\/\" target=\"_blank\" rel=\"noopener\"><strong>Asociaci\u00f3n Nacional de Mujeres de la Pesca (ANMUPESCA).<\/strong><\/a> Constituida en 2016, tiene como principal objetivo reconocer, proteger e impulsar la labor de estas trabajadoras, adem\u00e1s de hacer frente a la dif\u00edcil situaci\u00f3n del sector.<\/p>\n<div id=\"attachment_29619\" style=\"width: 1034px\" class=\"wp-caption aligncenter\"><img loading=\"lazy\" decoding=\"async\" aria-describedby=\"caption-attachment-29619\" class=\"wp-image-29619 size-full\" src=\"https:\/\/ecoblog.mcp.es\/l4r\/wp-content\/uploads\/2024\/01\/Mariscadora-11.jpg\" alt=\"Mariscadora gallega\" width=\"1024\" height=\"768\" srcset=\"https:\/\/ecoblog.mcp.es\/l4r\/wp-content\/uploads\/2024\/01\/Mariscadora-11.jpg 1024w, https:\/\/ecoblog.mcp.es\/l4r\/wp-content\/uploads\/2024\/01\/Mariscadora-11-300x225.jpg 300w, https:\/\/ecoblog.mcp.es\/l4r\/wp-content\/uploads\/2024\/01\/Mariscadora-11-768x576.jpg 768w\" sizes=\"auto, (max-width: 1024px) 100vw, 1024px\" \/><p id=\"caption-attachment-29619\" class=\"wp-caption-text\">Mariscadora gallega<\/p><\/div>\n<p>Rita M\u00edguez de la Iglesia es la presidenta de esta asociaci\u00f3n y hace un llamamiento a la responsabilidad de quienes \u201cpueden echarnos una mano para que las mujeres de la pesca podamos seguir viviendo dignamente de nuestras profesiones y para que sigamos cuidando el medio marino y no lo agredamos m\u00e1s\u201d.<\/p>\n<p>No concibe un mundo sin el sector de la pesca, al que considera altamente rentable. \u201cEl pescado es un alimento rico en muchas propiedades y es el eje de una alimentaci\u00f3n sana y equilibrada. Adem\u00e1s, la variedad de productos de la pesca es tal que nos permite pensar en miles de formas de consumirlo: fresco, cocinado, en conserva, etc\u2026 Porque dentro de la industria del pescado no s\u00f3lo existe el sector extractivo, sino que tambi\u00e9n el transformador, el comercializador, etc.\u201d<\/p>\n<p>Y en este sector, dice que el papel que desempe\u00f1a la mujer \u201ces fundamental. Siempre hemos dicho que las mujeres est\u00e1n en todo el proceso del alimento, desde que trabajan los aparejos para que los barcos puedan salir a pescar, hasta que compran en la pescader\u00eda o mercados para poner el pescado en la mesa. Somos transversales en todo este proceso y en muchos casos, protagonistas como es el caso de las rederas, mariscadoras, percebeiras, bateeiras, armadoras, pescaderas, transformadoras, etc.\u201d<\/p>\n<img loading=\"lazy\" decoding=\"async\" class=\"aligncenter wp-image-29620 size-full\" src=\"https:\/\/ecoblog.mcp.es\/l4r\/wp-content\/uploads\/2024\/01\/redes.jpg\" alt=\"\" width=\"1024\" height=\"680\" srcset=\"https:\/\/ecoblog.mcp.es\/l4r\/wp-content\/uploads\/2024\/01\/redes.jpg 1024w, https:\/\/ecoblog.mcp.es\/l4r\/wp-content\/uploads\/2024\/01\/redes-300x199.jpg 300w, https:\/\/ecoblog.mcp.es\/l4r\/wp-content\/uploads\/2024\/01\/redes-768x510.jpg 768w\" sizes=\"auto, (max-width: 1024px) 100vw, 1024px\" \/>\n<p>Sin embargo, y a pesar de su importancia, el sector no est\u00e1 atravesando sus mejores momentos. Ya en noviembre avisaba de que \u201cla campa\u00f1a de marisco de estas navidades est\u00e1 perdida. El cambio clim\u00e1tico est\u00e1 haciendo estragos. Mientras en Catalu\u00f1a pasan sed, en Galicia casi nos ahogamos con tanta lluvia\u201d.<\/p>\n<p>Y es que, el incremento de las lluvias hab\u00eda provocado la bajada de la salinidad del mar, adem\u00e1s de castigar la costa con su virulencia. A todo ello se le sumaban otros factores como la subida de temperatura en el Atl\u00e1ntico, la contaminaci\u00f3n y el descenso del viento del nordeste, que imposibilitan la renovaci\u00f3n del agua, ocasionando el debilitamiento de las especies.<\/p>\n<p>Cuando se le pregunt\u00f3 por qu\u00e9 no se hab\u00eda dicho nada sobre el tema en los medios de comunicaci\u00f3n, se limit\u00f3 a encogerse de hombros y a decir que \u201csupongo que no interesar\u00e1\u201d.<\/p>\n<p>La Xunta de Galicia actu\u00f3 y solicit\u00f3 al Gobierno central la declaraci\u00f3n de zona catastr\u00f3fica de las r\u00edas gallegas. Para ello, la Conseller\u00eda do Mar se apoy\u00f3 en informes de MeteoGalicia, que constataban precipitaciones de m\u00e1s de 1.000 litros por metro cuadrado, un 127 % por encima de la habitualidad. Tambi\u00e9n del Instituto Tecnol\u00f3xico para o Control do Medio Mari\u00f1o de Galicia (Intecmar) y del Centro de Investigaci\u00f3ns Mari\u00f1as (CIMA), que confirmaban una mortandad de peces y moluscos superior al 80 % en algunas zonas y especies.<\/p>\n<img loading=\"lazy\" decoding=\"async\" class=\"aligncenter wp-image-29622 size-full\" src=\"https:\/\/ecoblog.mcp.es\/l4r\/wp-content\/uploads\/2024\/01\/pez-muerto.jpg\" alt=\"\" width=\"1024\" height=\"682\" srcset=\"https:\/\/ecoblog.mcp.es\/l4r\/wp-content\/uploads\/2024\/01\/pez-muerto.jpg 1024w, https:\/\/ecoblog.mcp.es\/l4r\/wp-content\/uploads\/2024\/01\/pez-muerto-300x200.jpg 300w, https:\/\/ecoblog.mcp.es\/l4r\/wp-content\/uploads\/2024\/01\/pez-muerto-768x512.jpg 768w\" sizes=\"auto, (max-width: 1024px) 100vw, 1024px\" \/>\n<p>Sin embargo, las ayudas no llegaron; y aunque lo hubiesen hecho, s\u00f3lo hubiesen supuesto un parche. \u201cEs necesario que el Gobierno gallego invierta en nuevas v\u00edas de investigaci\u00f3n que proporcionen herramientas para revertir la situaci\u00f3n y para que esta no se repita c\u00edclicamente a\u00f1o tras a\u00f1o.<\/p>\n<p>Porque el cambio clim\u00e1tico est\u00e1 causando estragos y exige una r\u00e1pida respuesta. \u201cLas aguas se calientan, aparecen especies invasoras que provocan que las aut\u00f3ctonas sucumban, que no sean capaces ni de reproducirse ni de crecer\u201d.<\/p>\n<p>La soluci\u00f3n al problema no es f\u00e1cil, aunque a juicio de Rita, \u201cla soluci\u00f3n tiene que ser conjunta. La Administraci\u00f3n tiene que liderar el camino que se emprenda, siempre de la mano del sector que somos quienes conocemos el medio y somos quienes vivimos de \u00e9l; la comunidad cient\u00edfica, que tiene explicaci\u00f3n para lo que est\u00e1 ocurriendo y es capaz de analizar y convertir en fortaleza esto que sucede, nos tiene que ayudar y guiar tanto a la hora de intentar reconducir el cambio clim\u00e1tico, como a la hora de poner freno a especies invasoras y conseguir adaptar nuestro marisco a las nuevas condiciones, etc.; y, por \u00faltimo, la sociedad tiene que ser consciente y responsable de cada acto de contaminaci\u00f3n o de sobreconsumo. Tenemos que concienciarnos de una vez por todas de que el medio natural es nuestra herencia a las futuras generaciones y lo que hagamos con \u00e9l va a tener consecuencias a corto y largo plazo\u201d.<\/p>\n<img loading=\"lazy\" decoding=\"async\" class=\"aligncenter wp-image-29623 size-full\" src=\"https:\/\/ecoblog.mcp.es\/l4r\/wp-content\/uploads\/2024\/01\/cabos.jpg\" alt=\"\" width=\"1024\" height=\"659\" srcset=\"https:\/\/ecoblog.mcp.es\/l4r\/wp-content\/uploads\/2024\/01\/cabos.jpg 1024w, https:\/\/ecoblog.mcp.es\/l4r\/wp-content\/uploads\/2024\/01\/cabos-300x193.jpg 300w, https:\/\/ecoblog.mcp.es\/l4r\/wp-content\/uploads\/2024\/01\/cabos-768x494.jpg 768w\" sizes=\"auto, (max-width: 1024px) 100vw, 1024px\" \/>\n<p>Y cuando las cosas parec\u00edan que no pod\u00edan ir peor, llegaron las \u201cbolitas blancas\u201d, un vertido de pellets de pl\u00e1stico que comenz\u00f3 a registrarse en las costas gallegas a principios de enero, y que se ha expandido por toda la costa cant\u00e1brica.<\/p>\n<p>\u201cUna verdadera pena \u2013confiesa Rita-. Es tremendamente lamentable todo lo que est\u00e1 pasando, porque lo que hace es poner de manifiesto la vulnerabilidad y lo f\u00e1cil que resulta da\u00f1ar al medio marino y en consecuencia a las gentes que vivimos de \u00e9l. Y no me refiero s\u00f3lo a quienes vivimos de la industria pesquera, sino a la ciudadan\u00eda en general\u201d. No olvidemos que en una dieta rica y saludable tenemos que ingerir pescado; un pescado que ahora mismo soporta la contaminaci\u00f3n humana.<\/p>\n<p>En el mar no hay cabida para tanta porquer\u00eda. Lo estamos agrediendo. \u201cTenemos que escuchar y empatizar con el medio marino, aunque esto suene raro\u201d, afirma.<\/p>\n<p>Quiz\u00e1 si fu\u00e9ramos conscientes de su importancia en nuestras vidas, no sonar\u00eda tan raro.<\/p>\n<p>Si te interesan las cuestiones del mar, aqu\u00ed tienes unos post que te pueden gustar:<\/p>\n<p><strong><a title=\"Java, la isla m\u00e1s poblada del mundo, se hunde\" href=\"https:\/\/ecoblog.mcp.es\/l4r\/java-la-isla-mas-poblada-del-mundo-se-hunde\/\" rel=\"bookmark\">Java, la isla m\u00e1s poblada del mundo, se hunde<\/a><\/strong><\/p>\n<p><strong><a title=\"Un nuevo oc\u00e9ano\" href=\"https:\/\/ecoblog.mcp.es\/l4r\/un-nuevo-oceano\/\" rel=\"bookmark\">Un nuevo oc\u00e9ano<\/a><\/strong><\/p>\n<p><strong><a title=\"Contaminaci\u00f3n ac\u00fastica en los oc\u00e9anos\" href=\"https:\/\/ecoblog.mcp.es\/l4r\/contaminacion-acustica-en-los-oceanos\/\" rel=\"bookmark\">Contaminaci\u00f3n ac\u00fastica en los oc\u00e9anos<\/a><\/strong><\/p>\n<p><strong><a title=\"Entre el mar y la tierra\" href=\"https:\/\/ecoblog.mcp.es\/l4r\/entre-el-mar-y-la-tierra\/\" rel=\"bookmark\">Entre el mar y la tierra<\/a><\/strong><\/p>\n<p>&nbsp;<\/p>\n<p>&nbsp;<\/p>\n<p>&nbsp;<\/p>\n","protected":false},"excerpt":{"rendered":"<p>Rita M\u00edguez de la Iglesia es la presidenta de la Asociaci\u00f3n Nacional de Mujeres de la Pesca. Adem\u00e1s, es gallega, lo que le ha convertido en testigo directo de la mortandad del marisco, provocada por el cambio clim\u00e1tico y que ha llevado a la ruina la campa\u00f1a de navidad, as\u00ed como del vertido de pellets de pl\u00e1stico que actualmente asola la costa del At\u00e1ntico y del Cant\u00e1brico.<br \/>\nHablamos con ella para conocer sus impresiones.<\/p>\n","protected":false},"author":7,"featured_media":29624,"comment_status":"open","ping_status":"closed","sticky":false,"template":"","format":"standard","meta":{"footnotes":""},"categories":[3],"tags":[8951,3695,778,8941,392,8953,666,8949,8947,393,221,1179,8945,8943],"class_list":["post-29618","post","type-post","status-publish","format-standard","has-post-thumbnail","hentry","category-agua","tag-atlantico","tag-biodiversidad","tag-cambio-climatico","tag-galicia","tag-mancomunidad-de-la-comarca-de-pamplona","tag-mar-cantabrico","tag-mares-y-oceanos","tag-mariscadoras","tag-marisco","tag-mcp","tag-medioambiente","tag-oceano","tag-pelets","tag-rita-miguez"],"aioseo_notices":[],"_links":{"self":[{"href":"https:\/\/ecoblog.mcp.es\/l4r\/wp-json\/wp\/v2\/posts\/29618","targetHints":{"allow":["GET"]}}],"collection":[{"href":"https:\/\/ecoblog.mcp.es\/l4r\/wp-json\/wp\/v2\/posts"}],"about":[{"href":"https:\/\/ecoblog.mcp.es\/l4r\/wp-json\/wp\/v2\/types\/post"}],"author":[{"embeddable":true,"href":"https:\/\/ecoblog.mcp.es\/l4r\/wp-json\/wp\/v2\/users\/7"}],"replies":[{"embeddable":true,"href":"https:\/\/ecoblog.mcp.es\/l4r\/wp-json\/wp\/v2\/comments?post=29618"}],"version-history":[{"count":1,"href":"https:\/\/ecoblog.mcp.es\/l4r\/wp-json\/wp\/v2\/posts\/29618\/revisions"}],"predecessor-version":[{"id":29625,"href":"https:\/\/ecoblog.mcp.es\/l4r\/wp-json\/wp\/v2\/posts\/29618\/revisions\/29625"}],"wp:featuredmedia":[{"embeddable":true,"href":"https:\/\/ecoblog.mcp.es\/l4r\/wp-json\/wp\/v2\/media\/29624"}],"wp:attachment":[{"href":"https:\/\/ecoblog.mcp.es\/l4r\/wp-json\/wp\/v2\/media?parent=29618"}],"wp:term":[{"taxonomy":"category","embeddable":true,"href":"https:\/\/ecoblog.mcp.es\/l4r\/wp-json\/wp\/v2\/categories?post=29618"},{"taxonomy":"post_tag","embeddable":true,"href":"https:\/\/ecoblog.mcp.es\/l4r\/wp-json\/wp\/v2\/tags?post=29618"}],"curies":[{"name":"wp","href":"https:\/\/api.w.org\/{rel}","templated":true}]}}