{"id":29628,"date":"2024-02-05T08:00:30","date_gmt":"2024-02-05T07:00:30","guid":{"rendered":"https:\/\/ecoblog.mcp.es\/l4r\/?p=29628"},"modified":"2024-02-05T08:41:00","modified_gmt":"2024-02-05T07:41:00","slug":"comunicacion-ambiental-moda-o-necesidad","status":"publish","type":"post","link":"https:\/\/ecoblog.mcp.es\/l4r\/comunicacion-ambiental-moda-o-necesidad\/","title":{"rendered":"Comunicaci\u00f3n ambiental, \u00bfmoda o necesidad?"},"content":{"rendered":"<p>La comunicaci\u00f3n sobre medio ambiente \u00bfes una moda o una necesidad? De un tiempo a esta parte el n\u00famero de art\u00edculos en los medios sobre medio ambiente es cada vez mayor. Adem\u00e1s, la informaci\u00f3n se trata de un modo m\u00e1s trasversal que antes, ya que es f\u00e1cil encontrar contenidos ambientales en secciones de todo tipo. Pero esto \u00bfa qu\u00e9 se debe? \u00bfDe verdad los medios est\u00e1n convencidos de que hay que difundir informaci\u00f3n de esta \u00edndole?<\/p>\n<p>\u201cLa comunicaci\u00f3n ambiental es vital. La informaci\u00f3n sobre medio ambiente salva vidas. Y no es una moda, es una informaci\u00f3n esencial. Lo estamos viendo a diario con los efectos del cambio clim\u00e1tico, con la sequ\u00eda, incendios\u2026 Necesitamos una ciudadan\u00eda bien informada para que tome decisiones con criterio ambiental\u201d.<\/p>\n<p>Son palabras de <strong>Mar\u00eda Garc\u00eda de la Fuente, <\/strong>presidenta de la <a href=\"https:\/\/www.apiaweb.org\/\" target=\"_blank\" rel=\"noopener\"><strong>Asociaci\u00f3n de Periodistas de Informaci\u00f3n Ambiental (APIA)<\/strong><\/a> que se cre\u00f3 a finales de 1994 y en la actualidad re\u00fane a m\u00e1s de 200 periodistas que trabajan en el \u00e1mbito de la informaci\u00f3n sobre medio ambiente en diferentes medios de comunicaci\u00f3n.<\/p>\n<p>Durante los 30 a\u00f1os de andadura de la asociaci\u00f3n personas como Mar\u00eda han visto c\u00f3mo, poco a poco, la especializaci\u00f3n en periodismo ambiental se iba reconociendo y c\u00f3mo iba adquiriendo protagonismo. \u201cEl periodismo ambiental vive un buen momento porque ahora tenemos espacio y tiempo en los medios. Eso s\u00ed, tenemos un problema, ya que es necesario que se mejoren las condiciones laborales de los periodistas y de los freelance, para que puedan trabajar en condiciones dignas y por un salario digno\u201d, se lamenta Mar\u00eda.<\/p>\n<p>Posiblemente, ese sea uno de los mayores h\u00e1ndicaps a los que se enfrenta hoy por hoy la profesi\u00f3n, junto a la falta de tiempo. \u201cLa inmediatez juega en contra del rigor y no deja tiempo para contrastar. Por eso es muy importante que las plantillas de los medios de comunicaci\u00f3n se adec\u00faen a las necesidades y que no se pida a un periodista que cubra tres temas al d\u00eda y haga fotos, v\u00eddeos, los suba a redes y, adem\u00e1s, contraste la informaci\u00f3n\u201d.<\/p>\n<img loading=\"lazy\" decoding=\"async\" class=\"aligncenter wp-image-29629 size-full\" src=\"https:\/\/ecoblog.mcp.es\/l4r\/wp-content\/uploads\/2024\/01\/tiempo.jpg\" alt=\"\" width=\"1024\" height=\"741\" srcset=\"https:\/\/ecoblog.mcp.es\/l4r\/wp-content\/uploads\/2024\/01\/tiempo.jpg 1024w, https:\/\/ecoblog.mcp.es\/l4r\/wp-content\/uploads\/2024\/01\/tiempo-300x217.jpg 300w, https:\/\/ecoblog.mcp.es\/l4r\/wp-content\/uploads\/2024\/01\/tiempo-768x556.jpg 768w\" sizes=\"auto, (max-width: 1024px) 100vw, 1024px\" \/>\n<p>Y parece que este es el momento de cambiar esa tendencia, porque \u201cla crisis clim\u00e1tica y de biodiversidad est\u00e1 aqu\u00ed y la ciudadan\u00eda puede hacer mucho, as\u00ed que es tiempo de informar para actuar\u201d.<\/p>\n<p>La asociaci\u00f3n, por lo tanto, entre sus pilares fundamentales apuesta por la formaci\u00f3n de ese colectivo de profesionales que debe crear conciencia ambiental entre la poblaci\u00f3n y fomentar la acci\u00f3n. Para ello convoca becas de especializaci\u00f3n para j\u00f3venes estudiantes y reci\u00e9n licenciados en la Agencia Efe, Europa Press y La Vanguardia, adem\u00e1s de <strong>l<\/strong>os cursos de verano d<strong>e<\/strong> la Escuela de Comunicaci\u00f3n Ambiental de la Universidad del Pa\u00eds Vasco en colaboraci\u00f3n con Ihobe, la sociedad p\u00fablica de Gesti\u00f3n Ambiental del Gobierno Vasco.<\/p>\n<p>\u201cCada dos a\u00f1os organizamos tambi\u00e9n el Congreso de Periodismo Ambiental, sin olvidar que en C\u00f3rdoba solemos organizar el Seminario Internacional de Periodismo y Medio Ambiente, junto a Enresa (Empresa Nacional de Residuos Radioactivos). Otros talleres, jornadas, cursos\u2026 Para la asociaci\u00f3n es primordial fomentar la especializaci\u00f3n en medio ambiente de periodistas en activo por una parte y de j\u00f3venes que estudian en la Universidad por otra, porque la informaci\u00f3n ambiental llega a la masa social a trav\u00e9s de ese colectivo de profesionales que es primordial que est\u00e9 bien formado\u201d.<\/p>\n<p>\u00bfY la sociedad est\u00e1 bien formada? \u00bfEst\u00e1 receptiva a las cuestiones ambientales? \u00bfExiste ya esa conciencia ambiental? \u201cSi he de ser sincera, debo admitir que en la asociaci\u00f3n echamos de menos que se prime m\u00e1s el rigor de las informaciones frente a la inmediatez y que se deje tiempo y espacio a programas de an\u00e1lisis, frente a los de sucesos. Creemos que deber\u00edan de tener m\u00e1s presencia los espacios de divulgaci\u00f3n ambiental, frente a los de cotilleos donde se banaliza todo.<\/p>\n<p>Pero como eso no est\u00e1 en nuestra mano, APIA seguir\u00e1 participando en foros, jornadas y encuentros para que se conozca el trabajo que desarrollan distintos profesionales de la comunicaci\u00f3n ambiental. Porque, como hemos dicho al principio, la comunicaci\u00f3n ambiental es vital\u201d.<\/p>\n<p>M\u00e1s posts sobre comunicaci\u00f3n ambiental:<\/p>\n<p><strong><a title=\"Cuando la comunicaci\u00f3n se convierte en herramienta para la acci\u00f3n\" href=\"https:\/\/ecoblog.mcp.es\/l4r\/cuando-la-comunicacion-se-convierte-en-herramienta-para-la-accion\/\" rel=\"bookmark\">Cuando la comunicaci\u00f3n se convierte en herramienta para la acci\u00f3n<\/a><\/strong><\/p>\n<p class=\"search-title entry-title\"><strong><a title=\"Una imagen vale m\u00e1s que mil palabras\" href=\"https:\/\/ecoblog.mcp.es\/l4r\/una-imagen-vale-mas-que-mil-palabras\/\" rel=\"bookmark\">Una imagen vale m\u00e1s que mil palabras<\/a><\/strong><\/p>\n<p class=\"search-title entry-title\"><strong><a title=\"Ana Galarraga: \u00abLa actitud de la sociedad hacia el medio ambiente no ha cambiado\u00bb\" href=\"https:\/\/ecoblog.mcp.es\/l4r\/ana-galarraga-la-actitud-de-la-sociedad-hacia-el-medio-ambiente-no-ha-cambiado\/\" rel=\"bookmark\">Ana Galarraga: \u00abLa actitud de la sociedad hacia el medio ambiente no ha cambiado\u00bb<\/a><\/strong><\/p>\n<p class=\"search-title entry-title\"><strong><a title=\"\u00abHemos perdido mucho tiempo en no ligar los temas medioambientales con la salud humana\u201d\" href=\"https:\/\/ecoblog.mcp.es\/l4r\/hemos-perdido-mucho-tiempo-en-no-ligar-los-temas-medioambientales-con-la-salud-humana\/\" rel=\"bookmark\">\u00abHemos perdido mucho tiempo en no ligar los temas medioambientales con la salud humana\u201d<\/a><\/strong><\/p>\n<p class=\"search-title entry-title\"><strong><a title=\"Posters para crear conciencia social y ambiental\" href=\"https:\/\/ecoblog.mcp.es\/l4r\/posters-para-crear-conciencia-social-y-ambiental\/\" rel=\"bookmark\">Posters para crear conciencia social y ambiental<\/a><\/strong><\/p>\n<p>&nbsp;<\/p>\n<p>&nbsp;<\/p>\n<p>&nbsp;<\/p>\n","protected":false},"excerpt":{"rendered":"<p>\u00daltimamente hemos podido comprobar que en los medios de comunicaci\u00f3n cada vez se trata m\u00e1s frecuentemente y de manera totalmente trasversal las informaciones de \u00edndole medioambiental. \u00bfResponde esto a una moda o a una nueva manera de entender la comunicaci\u00f3n?<\/p>\n","protected":false},"author":7,"featured_media":29632,"comment_status":"open","ping_status":"closed","sticky":false,"template":"","format":"standard","meta":{"footnotes":""},"categories":[4],"tags":[8967,8969,8324,8975,211,392,8971,393,3333,8973],"class_list":["post-29628","post","type-post","status-publish","format-standard","has-post-thumbnail","hentry","category-mundosostenible","tag-apia","tag-asociacion-de-periodistas-de-informacion-ambiental","tag-comunicacion","tag-comunicacion-ambiental-es","tag-concienciacion","tag-mancomunidad-de-la-comarca-de-pamplona","tag-maria-garcia-de-la-fuente","tag-mcp","tag-nuevas-tecnologias","tag-periodistas"],"aioseo_notices":[],"_links":{"self":[{"href":"https:\/\/ecoblog.mcp.es\/l4r\/wp-json\/wp\/v2\/posts\/29628","targetHints":{"allow":["GET"]}}],"collection":[{"href":"https:\/\/ecoblog.mcp.es\/l4r\/wp-json\/wp\/v2\/posts"}],"about":[{"href":"https:\/\/ecoblog.mcp.es\/l4r\/wp-json\/wp\/v2\/types\/post"}],"author":[{"embeddable":true,"href":"https:\/\/ecoblog.mcp.es\/l4r\/wp-json\/wp\/v2\/users\/7"}],"replies":[{"embeddable":true,"href":"https:\/\/ecoblog.mcp.es\/l4r\/wp-json\/wp\/v2\/comments?post=29628"}],"version-history":[{"count":1,"href":"https:\/\/ecoblog.mcp.es\/l4r\/wp-json\/wp\/v2\/posts\/29628\/revisions"}],"predecessor-version":[{"id":29630,"href":"https:\/\/ecoblog.mcp.es\/l4r\/wp-json\/wp\/v2\/posts\/29628\/revisions\/29630"}],"wp:featuredmedia":[{"embeddable":true,"href":"https:\/\/ecoblog.mcp.es\/l4r\/wp-json\/wp\/v2\/media\/29632"}],"wp:attachment":[{"href":"https:\/\/ecoblog.mcp.es\/l4r\/wp-json\/wp\/v2\/media?parent=29628"}],"wp:term":[{"taxonomy":"category","embeddable":true,"href":"https:\/\/ecoblog.mcp.es\/l4r\/wp-json\/wp\/v2\/categories?post=29628"},{"taxonomy":"post_tag","embeddable":true,"href":"https:\/\/ecoblog.mcp.es\/l4r\/wp-json\/wp\/v2\/tags?post=29628"}],"curies":[{"name":"wp","href":"https:\/\/api.w.org\/{rel}","templated":true}]}}