{"id":29745,"date":"2024-09-02T08:00:50","date_gmt":"2024-09-02T06:00:50","guid":{"rendered":"https:\/\/ecoblog.mcp.es\/l4r\/?p=29745"},"modified":"2024-08-20T15:47:29","modified_gmt":"2024-08-20T13:47:29","slug":"metamorfosi-el-pueblo-climigrante-de-europa","status":"publish","type":"post","link":"https:\/\/ecoblog.mcp.es\/l4r\/metamorfosi-el-pueblo-climigrante-de-europa\/","title":{"rendered":"Metamorf\u00f3si, el pueblo climigrante de Europa"},"content":{"rendered":"<p>El 7 de septiembre del 2023 el agua lleg\u00f3, en apenas diez minutos, hasta las cerraduras de los hogares de Metamorf\u00f3si, un peque\u00f1o municipio griego de Tesalia.<\/p>\n<p>Las predicciones no se equivocaron y la tormenta Daniel hizo que en dos d\u00edas lloviera la misma cantidad que cae en Inglaterra en todo un a\u00f1o. Murieron dos personas y se produjeron da\u00f1os materiales por valor de m\u00e1s de cuatro millones de euros.<\/p>\n<p>No era la primera vez. En 1953, en 1994 y en 2000 la zona tambi\u00e9n sufri\u00f3 la devastadora acci\u00f3n del agua.<\/p>\n<p>Cultivos de algod\u00f3n perdidos, casas destrozadas, negocios arruinados y siempre la amenaza de que puede volver a ocurrir. El cambio clim\u00e1tico est\u00e1 provocando fen\u00f3menos climatol\u00f3gicos extremos que asolan el territorio.<\/p>\n<p>Ante esta situaci\u00f3n, los habitantes de Metamorf\u00f3si supieron que ten\u00edan que tomar medidas y dos meses despu\u00e9s del \u00faltimo desastre convocaron un refer\u00e9ndum para decidir si hab\u00eda que trasladar el pueblo a una ubicaci\u00f3n m\u00e1s segura.<\/p>\n<p>El resultado fue abrumadoramente a favor.<\/p>\n<p>Eso s\u00ed, la comunidad pidi\u00f3 que el nuevo enclave estuviera cerca, para que les fuera posible mantener sus propiedades agr\u00edcolas, su modo de vida y su identidad cultural.<\/p>\n<p>Las obras ya han comenzado. El nuevo pueblo estar\u00e1 ubicado a seis kil\u00f3metros del actual, en el municipio de Palam\u00e1s. All\u00ed no hay peligro de inundaciones ni de terremotos.<\/p>\n<p>Se prev\u00e9 que el traslado pueda hacerse en dos a\u00f1os. Ser\u00e1 entonces cuando los habitantes de Metamorf\u00f3si se conviertan en los primeros climigrantes o migrantes clim\u00e1ticos de Europa.<\/p>\n<p>\u00bfSer\u00e1n los \u00faltimos? El caso de Metamorf\u00f3si ha generado un amplio debate a nivel sobre la necesidad de tomar medidas urgentes para mitigar el cambio clim\u00e1tico y ayudar a las comunidades vulnerables a adaptarse a sus impactos.<\/p>\n<p>Y es parece que la migraci\u00f3n clim\u00e1tica se va a convertir en un fen\u00f3meno cada vez m\u00e1s com\u00fan, a medida que el cambio clim\u00e1tico intensifica eventos extremos como sequ\u00edas, inundaciones y aumento del nivel del mar.<\/p>\n<p>\u00bfQuieres saber m\u00e1s sobre climigrantes?<\/p>\n<p class=\"search-title entry-title\"><strong><a title=\"\u00bfAmparo legal para los \u201cclimigrantes\u201d?\" href=\"https:\/\/ecoblog.mcp.es\/l4r\/amparo-legal-para-los-climigrantes\/\" rel=\"bookmark\">\u00bfAmparo legal para los \u201cclimigrantes\u201d?<\/a><\/strong><\/p>\n<p><strong>*Fuentes:<\/strong><\/p>\n<p><a href=\"https:\/\/www.rtve.es\/noticias\/20240529\/metamorfosi-pueblo-griego-voto-cambiar-lugar-culpa-cambio-climatico\/16063410.shtml\">https:\/\/www.rtve.es\/noticias\/20240529\/metamorfosi-pueblo-griego-voto-cambiar-lugar-culpa-cambio-climatico\/16063410.shtml<\/a><\/p>\n<p><a href=\"https:\/\/www.cadena3.com\/noticia\/la-mesa-de-cafe\/metamorfosi-el-primer-pueblo-europeo-en-mudarse-por-el-clima_389530\">https:\/\/www.cadena3.com\/noticia\/la-mesa-de-cafe\/metamorfosi-el-primer-pueblo-europeo-en-mudarse-por-el-clima_389530<\/a><\/p>\n<p>&nbsp;<\/p>\n<p>&nbsp;<\/p>\n","protected":false},"excerpt":{"rendered":"<p>Despu\u00e9s de sufrir los efectos de la \u00faltima DANA, Metamorf\u00f3si, un pueblo griego de Tesalia, convoc\u00f3 un refer\u00e9ndum para decidir si deb\u00edan trasladarse a una ubicaci\u00f3n m\u00e1s segura. El resultado fue abrumadoramente a favor.<br \/>\nLas obras ya han comenzado y se prev\u00e9 que el traslado a la nueva ubicaci\u00f3n pueda realizarse en dos a\u00f1os. Ser\u00e1 entonces cuando los habitantes de Metamorf\u00f3si se conviertan en los primeros climigrantes o migrantes clim\u00e1ticos de Europa.<\/p>\n","protected":false},"author":7,"featured_media":29746,"comment_status":"open","ping_status":"closed","sticky":false,"template":"","format":"standard","meta":{"footnotes":""},"categories":[4],"tags":[778,9244,9242,9238,392,393,9236,9234,9240],"class_list":["post-29745","post","type-post","status-publish","format-standard","has-post-thumbnail","hentry","category-mundosostenible","tag-cambio-climatico","tag-climigrantes-es","tag-dana","tag-grecia","tag-mancomunidad-de-la-comarca-de-pamplona","tag-mcp","tag-metamorfosi","tag-migraciones-por-el-clima","tag-tesalia"],"aioseo_notices":[],"_links":{"self":[{"href":"https:\/\/ecoblog.mcp.es\/l4r\/wp-json\/wp\/v2\/posts\/29745","targetHints":{"allow":["GET"]}}],"collection":[{"href":"https:\/\/ecoblog.mcp.es\/l4r\/wp-json\/wp\/v2\/posts"}],"about":[{"href":"https:\/\/ecoblog.mcp.es\/l4r\/wp-json\/wp\/v2\/types\/post"}],"author":[{"embeddable":true,"href":"https:\/\/ecoblog.mcp.es\/l4r\/wp-json\/wp\/v2\/users\/7"}],"replies":[{"embeddable":true,"href":"https:\/\/ecoblog.mcp.es\/l4r\/wp-json\/wp\/v2\/comments?post=29745"}],"version-history":[{"count":1,"href":"https:\/\/ecoblog.mcp.es\/l4r\/wp-json\/wp\/v2\/posts\/29745\/revisions"}],"predecessor-version":[{"id":29747,"href":"https:\/\/ecoblog.mcp.es\/l4r\/wp-json\/wp\/v2\/posts\/29745\/revisions\/29747"}],"wp:featuredmedia":[{"embeddable":true,"href":"https:\/\/ecoblog.mcp.es\/l4r\/wp-json\/wp\/v2\/media\/29746"}],"wp:attachment":[{"href":"https:\/\/ecoblog.mcp.es\/l4r\/wp-json\/wp\/v2\/media?parent=29745"}],"wp:term":[{"taxonomy":"category","embeddable":true,"href":"https:\/\/ecoblog.mcp.es\/l4r\/wp-json\/wp\/v2\/categories?post=29745"},{"taxonomy":"post_tag","embeddable":true,"href":"https:\/\/ecoblog.mcp.es\/l4r\/wp-json\/wp\/v2\/tags?post=29745"}],"curies":[{"name":"wp","href":"https:\/\/api.w.org\/{rel}","templated":true}]}}