{"id":29839,"date":"2025-01-27T08:00:34","date_gmt":"2025-01-27T07:00:34","guid":{"rendered":"https:\/\/ecoblog.mcp.es\/l4r\/?p=29839"},"modified":"2025-01-20T10:34:39","modified_gmt":"2025-01-20T09:34:39","slug":"santander-capital-natural-para-mejorar-la-calidad-de-vida-de-la-ciudadania","status":"publish","type":"post","link":"https:\/\/ecoblog.mcp.es\/l4r\/santander-capital-natural-para-mejorar-la-calidad-de-vida-de-la-ciudadania\/","title":{"rendered":"\u201cSantander, capital natural\u201d para mejorar la calidad de vida de la ciudadan\u00eda"},"content":{"rendered":"<p>El asfalto se ha convertido en el enemigo de la naturaleza y, durante mucho tiempo, las ciudades han vivido ignorando los espacios naturales.<\/p>\n<p>Sin embargo, de un tiempo a esta parte, se est\u00e1 comprobando que aumentar los espacios verdes urbanos y conservar la biodiversidad que en ellos se pueda crear tiene un efecto positivo en la ciudadan\u00eda, ya que mejora su calidad de vida.<\/p>\n<p>Con este prop\u00f3sito Santander ha emprendido su ambicioso proyecto <a href=\"https:\/\/santandernatural.es\/\" target=\"_blank\" rel=\"noopener\"><strong>\u201cSantander, capital natural\u201d<\/strong><\/a> en el que ha involucrado al ayuntamiento en colaboraci\u00f3n con Seo BirdLife, la asociaci\u00f3n Amica, la Fundaci\u00f3n para la Investigaci\u00f3n de Clima y la Universidad de Cantabria. La Fundaci\u00f3n Biodiversidad del Ministerio de Transici\u00f3n Ecol\u00f3gica y Reto Democr\u00e1tico (MITECO) apoya la iniciativa.<\/p>\n<p>El proyecto se est\u00e1 desarrollando en la totalidad del municipio, realizando actuaciones de restauraci\u00f3n ambiental en \u00e1reas naturales degradadas urbanas y periurbanas.<\/p>\n<p>Son muchas las acciones que contempla este plan entre las que se encuentra la creaci\u00f3n de una Red de Jardines y Terrazas por la Biodiversidad contribuir\u00e1n a acoger a la fauna y flora en la ciudad, proporcionando peque\u00f1os oasis de refugio y alimento para insectos polinizadores, peque\u00f1as aves, anfibios o reptiles.<\/p>\n<p>Asimismo, la permeabilizaci\u00f3n y la naturalizaci\u00f3n de diez mil metros cuadrados de superficie pavimentada, entre ellos los patios de seis escuelas, y la plantaci\u00f3n de 25.000 \u00e1rboles aut\u00f3ctonos en zonas verdes, para alcanzar la ratio que dicta la OMS para respirar un aire de mejor calidad en las ciudades suponen los otros grandes retos de la capitalidad verde que invita a la participaci\u00f3n de la ciudadan\u00eda a quien considera parte del proyecto a trav\u00e9s de los planes y estrategias dirigidas a ella.<\/p>\n<p>La iniciativa tambi\u00e9n persigue que la relaci\u00f3n de la poblaci\u00f3n con la naturaleza sea m\u00e1s cercana y habitual, por lo que trabaja para fomentar la creaci\u00f3n de espacios en los que predominen las especies silvestres, de charcas para anfibios, de praderas floridas libres de siega, etc.<\/p>\n<p>Y esa relaci\u00f3n se mima de especial forma en el \u00e1mbito escolar, ya que, cuando los patios se encuentran naturalizados, no solo pueden albergar una mayor biodiversidad, sino que adem\u00e1s, ofrecen recursos de aprendizaje experiencial basados en el contacto con la naturaleza cercana que ayudan al alumnado a interiorizar la necesidad que todo ser humano tiene para con los espacios naturales.<\/p>\n<p>Adem\u00e1s, tal y como ocurre en el resto de la ciudad, naturalizar las escuelas contribuye a amabilizar los centros educativos y convertirlos en espacios m\u00e1s habitables y adaptados al cambio clim\u00e1tico. Para esta transformaci\u00f3n el plan propone un concurso para la naturalizaci\u00f3n de la escuela, un programa educativo para escuelas de primaria de la ciudad, formaci\u00f3n al profesorado y murales sobre biodiversidad.<\/p>\n<p>\u201cSantander, capital natural\u201d se prolongar\u00e1 hasta diciembre de 2025 y, de momento ya ha conseguido plantar 25.649 \u00e1rboles y arbustos, implantar 196 iniciativas para conseguir los objetivos e involucrar a 5.675 participantes.<\/p>\n<p>Mientras conceptos como \u201ccharcas en alquiler\u201d, \u201cminibosque urbano\u201d, \u201cbuffet libre para peque\u00f1as aves\u201d, \u201czona de siega poco frecuente\u201d, \u201cmicrojard\u00edn para polinizadores\u201d, \u201catenci\u00f3n, madera en descomposici\u00f3n\u201d, entre otros, se seguir\u00e1n convirtiendo en habituales en el paisaje urbano santanderino que ya ha conectado con su lado m\u00e1s verde.<\/p>\n<p>Si quieres conocer la transformaci\u00f3n de otras ciudades, puedes consultar estos post:<\/p>\n<p><strong><a title=\"La convivencia del cemento y de los espacios verdes\" href=\"https:\/\/ecoblog.mcp.es\/l4r\/la-convivencia-del-cemento-y-de-los-espacios-verdes\/\" rel=\"bookmark\">La convivencia del cemento y de los espacios verdes<\/a><\/strong><\/p>\n<p><strong><a title=\"Recuperaci\u00f3n sostenible de cuencas mineras\" href=\"https:\/\/ecoblog.mcp.es\/l4r\/recuperacion-sostenible-de-cuencas-mineras\/\" rel=\"bookmark\">Recuperaci\u00f3n sostenible de cuencas mineras<\/a><\/strong><\/p>\n<p><strong><a title=\"Barcelona, la gran urbe que se viste de verde\" href=\"https:\/\/ecoblog.mcp.es\/l4r\/barcelona-la-gran-urbe-que-se-viste-de-verde\/\" rel=\"bookmark\">Barcelona, la gran urbe que se viste de verde<\/a><\/strong><\/p>\n<p><strong><a title=\"Principato di Valbocosa: t\u00edtulos de nobleza italiana al servicio del medioambiente\" href=\"https:\/\/ecoblog.mcp.es\/l4r\/principato-di-valbocosa-titulos-de-nobleza-italiana-al-servicio-del-medioambiente\/\" rel=\"bookmark\">Principato di Valbocosa: t\u00edtulos de nobleza italiana al servicio del medioambiente<\/a><\/strong><\/p>\n","protected":false},"excerpt":{"rendered":"<p>De un tiempo a esta parte se est\u00e1 comprobando que aumentar los espacios verdes urbanos y conservar la biodiversidad que en ellos se pueda crear tiene un efecto positivo en la ciudadan\u00eda, ya que mejora su calidad de vida. Con este prop\u00f3sito se est\u00e1 transformando Santander donde conceptos como \u201ccharcas en alquiler\u201d, \u201cminibosque urbano\u201d, \u201cbuffet libre para peque\u00f1as aves\u201d, \u201czona de siega poco frecuente\u201d, \u201c, \u201catenci\u00f3n, madera en descomposici\u00f3n\u201d, entre otros, se est\u00e1n convirtiendo en habituales<\/p>\n","protected":false},"author":7,"featured_media":29840,"comment_status":"open","ping_status":"closed","sticky":false,"template":"","format":"standard","meta":{"footnotes":""},"categories":[5],"tags":[3695,9388,9386,9380,9382,392,393,9384,9378],"class_list":["post-29839","post","type-post","status-publish","format-standard","has-post-thumbnail","hentry","category-espaciospublicos","tag-biodiversidad","tag-calidad-de-aire","tag-cantabria","tag-capital-natural","tag-espacios-verdes-urbanos","tag-mancomunidad-de-la-comarca-de-pamplona","tag-mcp","tag-naturalizacion-de-los-espacios","tag-santander"],"aioseo_notices":[],"_links":{"self":[{"href":"https:\/\/ecoblog.mcp.es\/l4r\/wp-json\/wp\/v2\/posts\/29839","targetHints":{"allow":["GET"]}}],"collection":[{"href":"https:\/\/ecoblog.mcp.es\/l4r\/wp-json\/wp\/v2\/posts"}],"about":[{"href":"https:\/\/ecoblog.mcp.es\/l4r\/wp-json\/wp\/v2\/types\/post"}],"author":[{"embeddable":true,"href":"https:\/\/ecoblog.mcp.es\/l4r\/wp-json\/wp\/v2\/users\/7"}],"replies":[{"embeddable":true,"href":"https:\/\/ecoblog.mcp.es\/l4r\/wp-json\/wp\/v2\/comments?post=29839"}],"version-history":[{"count":1,"href":"https:\/\/ecoblog.mcp.es\/l4r\/wp-json\/wp\/v2\/posts\/29839\/revisions"}],"predecessor-version":[{"id":29841,"href":"https:\/\/ecoblog.mcp.es\/l4r\/wp-json\/wp\/v2\/posts\/29839\/revisions\/29841"}],"wp:featuredmedia":[{"embeddable":true,"href":"https:\/\/ecoblog.mcp.es\/l4r\/wp-json\/wp\/v2\/media\/29840"}],"wp:attachment":[{"href":"https:\/\/ecoblog.mcp.es\/l4r\/wp-json\/wp\/v2\/media?parent=29839"}],"wp:term":[{"taxonomy":"category","embeddable":true,"href":"https:\/\/ecoblog.mcp.es\/l4r\/wp-json\/wp\/v2\/categories?post=29839"},{"taxonomy":"post_tag","embeddable":true,"href":"https:\/\/ecoblog.mcp.es\/l4r\/wp-json\/wp\/v2\/tags?post=29839"}],"curies":[{"name":"wp","href":"https:\/\/api.w.org\/{rel}","templated":true}]}}