{"id":29897,"date":"2025-06-02T08:00:09","date_gmt":"2025-06-02T06:00:09","guid":{"rendered":"https:\/\/ecoblog.mcp.es\/l4r\/?p=29897"},"modified":"2025-05-23T13:54:34","modified_gmt":"2025-05-23T11:54:34","slug":"cuando-la-ecoansiedad-impera-entre-la-gente-joven","status":"publish","type":"post","link":"https:\/\/ecoblog.mcp.es\/l4r\/cuando-la-ecoansiedad-impera-entre-la-gente-joven\/","title":{"rendered":"Cuando la ecoansiedad impera entre la gente joven"},"content":{"rendered":"<p>El t\u00e9rmino de ecoansiedad se refiere a la respuesta emocional y a la preocupaci\u00f3n que se pueda tener por el medio ambiente, en especial por el cambio clim\u00e1tico y sus efectos.<\/p>\n<p>La gente joven de todo el mundo est\u00e1 especialmente afectada por esta dolencia. Y es que la ecoansiedad no diferencia ciudades ni continentes.<\/p>\n<p><strong>Jennifer Uchendu<\/strong> naci\u00f3 en Nigeria. Graduada en bioqu\u00edmica por la <strong><a href=\"https:\/\/www.covenantuniversity.edu.ng\/\" target=\"_blank\" rel=\"noopener\">Universidad de Covenant<\/a><\/strong>, centr\u00f3 su master de estudios en el cambio clim\u00e1tico, interes\u00e1ndose por la relaci\u00f3n que existe entre la crisis ambiental y la salud mental de los habitantes.<\/p>\n<p>Se dio cuenta de que \u00c1frica es un continente que sufre algunos de los efectos m\u00e1s dram\u00e1ticos del cambio clim\u00e1tico, a pesar de no ser el principal territorio causante del problema: ciudades inundadas, tierras de cultivo perdidas por la sequ\u00eda, olas de calor insoportables\u2026 Y de que eso estaba afectando al \u00e1nimos de sus habitantes.<\/p>\n<p>Despu\u00e9s del m\u00e1ster llegaron m\u00e1s estudios sobre la conexi\u00f3n entre los j\u00f3venes, las mujeres y el cambio clim\u00e1tico, la justicia clim\u00e1tica, el arte, la juventud y, por supuesto, la ecoansiedad.<\/p>\n<p>Paralelamente fue becaria en entidades como Ashoka, Chevening y Mandela Washington.<\/p>\n<p>Su vida laboral arranc\u00f3 en una consultor\u00eda de sostenibilidad en comunidades locales. Y paralelamente fund\u00f3 <strong><a href=\"https:\/\/sustyvibes.org\/\" target=\"_blank\" rel=\"noopener\">SustyVibes<\/a><\/strong>, una organizaci\u00f3n donde los j\u00f3venes opinaban sobre m\u00e9todos para fomentar la sostenibilidad, y donde se trabaja la adopci\u00f3n de una mayor responsabilidad.<\/p>\n<p>Pero ella buscaba un cambio mayor.<\/p>\n<p>Por eso, en 2020 puso en marcha el proyecto <a href=\"https:\/\/teap.sustyvibes.org\/\" target=\"_blank\" rel=\"noopener\">Eco-Anxiety \u00c1frica<\/a> (TEAP), que pretende comprender la experiencia de la eco-ansiedad en las poblaciones africanas a trav\u00e9s de la investigaci\u00f3n y la divulgaci\u00f3n, generando conciencia y acciones locales sobre este tema y abriendo el di\u00e1logo y los espacios de autocuidado.<\/p>\n<p>Con sede en Lagos, facilita a los j\u00f3venes africanos reunirse y hablar sobre las emociones que les inspira el cambio clim\u00e1tico; tambi\u00e9n mantener conversaciones sobre las dificultades comunes para pagar la factura de la luz, el paro o el alto precio de los alimentos.<\/p>\n<p>La experiencia ha sido tan positiva que Jennifer tiene previsto formar a profesionales para que establezcan espacios similares en Sud\u00e1frica, Ghana y Kenia.<\/p>\n<p>Mientras, est\u00e1 realizando una investigaci\u00f3n con la universidad de Nottingham (Inglaterra) sobre el impacto emocional del cambio clim\u00e1tico en los residentes urbanos de grandes ciudades africanas.<\/p>\n<p>Coautora del libro \u201cUna gu\u00eda para la sostenibilidad empresarial en Nigeria\u201d, esta activista clim\u00e1tica, analista de sostenibilidad y fundadora de organizaciones que velan por aligerar la ecoansiedad de los j\u00f3venes ha recibido, a sus 32 a\u00f1os, el reconocimiento de \u201cLos 33 de National Geographic\u00bb. Se trata de una iniciativa que destaca y honra a 33 personas influyentes a nivel mundial que est\u00e1n convencidas de que nuestro mundo necesita soluciones imaginativas y acciones urgentes.<\/p>\n<p>Si quieres leer otros post relacionados:<\/p>\n<p><strong><a title=\"Metamorf\u00f3si, el pueblo climigrante de Europa\" href=\"https:\/\/ecoblog.mcp.es\/l4r\/metamorfosi-el-pueblo-climigrante-de-europa\/\" rel=\"bookmark\">Metamorf\u00f3si, el pueblo climigrante de Europa<\/a><\/strong><\/p>\n<p><strong><a title=\"M\u00e1s camellos y menos vacas\" href=\"https:\/\/ecoblog.mcp.es\/l4r\/mas-camellos-y-menos-vacas\/\" rel=\"bookmark\">M\u00e1s camellos y menos vacas<\/a><\/strong><\/p>\n<p><strong><a title=\"Sentencia contra Suiza por no actuar contra el cambio clim\u00e1tico\" href=\"https:\/\/ecoblog.mcp.es\/l4r\/sentencia-contra-suiza-por-no-actuar-contra-el-cambio-climatico\/\" rel=\"bookmark\">Sentencia contra Suiza por no actuar contra el cambio clim\u00e1tico<\/a><\/strong><\/p>\n<p><strong>*Fuentes:<\/strong><br \/>\nNational Geographic, abril 2025<\/p>\n<blockquote class=\"wp-embedded-content\" data-secret=\"4x3mG7z88Q\"><p><a href=\"https:\/\/mujeresbacanas.com\/jennifer-uchendu-1992\/\">Jennifer Uchendu (1992)<\/a><\/p><\/blockquote>\n<p><iframe loading=\"lazy\" class=\"wp-embedded-content\" sandbox=\"allow-scripts\" security=\"restricted\" style=\"position: absolute; visibility: hidden;\" title=\"&#8220;Jennifer Uchendu (1992)&#8221; &#8212; Mujeres Bacanas\" src=\"https:\/\/mujeresbacanas.com\/jennifer-uchendu-1992\/embed\/#?secret=yOEY0Pi2qy#?secret=4x3mG7z88Q\" data-secret=\"4x3mG7z88Q\" width=\"600\" height=\"338\" frameborder=\"0\" marginwidth=\"0\" marginheight=\"0\" scrolling=\"no\"><\/iframe><\/p>\n<p>&nbsp;<\/p>\n","protected":false},"excerpt":{"rendered":"<p>Jennifer Uchendu fund\u00f3 SustyVibes, una organizaci\u00f3n donde los j\u00f3venes opinan sobre m\u00e9todos para fomentar la sostenibilidad, y donde se trabaja la adopci\u00f3n de una mayor responsabilidad. Despu\u00e9s lanz\u00f3 el proyecto Eco-Anxiety \u00c1frica (TEAP), que pretende comprender la experiencia de la eco-ansiedad en las poblaciones africanas a trav\u00e9s de la investigaci\u00f3n y la divulgaci\u00f3n, generando conciencia y acciones locales sobre este tema y abriendo el di\u00e1logo y los espacios de autocuidado.<br \/>\nLa experiencia ha sido tan positiva que Jennifer tiene previsto formar a profesionales para que establezcan espacios similares en Sud\u00e1frica, Ghana y Kenia.<\/p>\n","protected":false},"author":7,"featured_media":29898,"comment_status":"open","ping_status":"closed","sticky":false,"template":"","format":"standard","meta":{"footnotes":""},"categories":[4],"tags":[4432,778,2582,9462,9452,9456,9464,392,393,4059,9454,1142,9460,9458],"class_list":["post-29897","post","type-post","status-publish","format-standard","has-post-thumbnail","hentry","category-mundosostenible","tag-activismo-medioambiental","tag-cambio-climatico","tag-concienciacion-es","tag-eco-anxiety-africa","tag-ecoansiedad","tag-jennifer-uchendu","tag-lagos","tag-mancomunidad-de-la-comarca-de-pamplona","tag-mcp","tag-national-geographic","tag-nigeria","tag-out-of-africa","tag-sustyvibes","tag-universidad-de-covenant"],"aioseo_notices":[],"_links":{"self":[{"href":"https:\/\/ecoblog.mcp.es\/l4r\/wp-json\/wp\/v2\/posts\/29897","targetHints":{"allow":["GET"]}}],"collection":[{"href":"https:\/\/ecoblog.mcp.es\/l4r\/wp-json\/wp\/v2\/posts"}],"about":[{"href":"https:\/\/ecoblog.mcp.es\/l4r\/wp-json\/wp\/v2\/types\/post"}],"author":[{"embeddable":true,"href":"https:\/\/ecoblog.mcp.es\/l4r\/wp-json\/wp\/v2\/users\/7"}],"replies":[{"embeddable":true,"href":"https:\/\/ecoblog.mcp.es\/l4r\/wp-json\/wp\/v2\/comments?post=29897"}],"version-history":[{"count":1,"href":"https:\/\/ecoblog.mcp.es\/l4r\/wp-json\/wp\/v2\/posts\/29897\/revisions"}],"predecessor-version":[{"id":29899,"href":"https:\/\/ecoblog.mcp.es\/l4r\/wp-json\/wp\/v2\/posts\/29897\/revisions\/29899"}],"wp:featuredmedia":[{"embeddable":true,"href":"https:\/\/ecoblog.mcp.es\/l4r\/wp-json\/wp\/v2\/media\/29898"}],"wp:attachment":[{"href":"https:\/\/ecoblog.mcp.es\/l4r\/wp-json\/wp\/v2\/media?parent=29897"}],"wp:term":[{"taxonomy":"category","embeddable":true,"href":"https:\/\/ecoblog.mcp.es\/l4r\/wp-json\/wp\/v2\/categories?post=29897"},{"taxonomy":"post_tag","embeddable":true,"href":"https:\/\/ecoblog.mcp.es\/l4r\/wp-json\/wp\/v2\/tags?post=29897"}],"curies":[{"name":"wp","href":"https:\/\/api.w.org\/{rel}","templated":true}]}}