{"id":29984,"date":"2025-07-22T14:24:46","date_gmt":"2025-07-22T12:24:46","guid":{"rendered":"https:\/\/ecoblog.mcp.es\/l4r\/?p=29984"},"modified":"2025-07-23T08:09:45","modified_gmt":"2025-07-23T06:09:45","slug":"verduras-feas-contra-el-desperdicio-alimentario","status":"publish","type":"post","link":"https:\/\/ecoblog.mcp.es\/l4r\/verduras-feas-contra-el-desperdicio-alimentario\/","title":{"rendered":"Verduras y frutas \u00abfeas\u00bb contra el desperdicio alimentario"},"content":{"rendered":"<p>La empresa <a href=\"https:\/\/www.talkualfoods.com\/\" target=\"_blank\" rel=\"noopener\"><strong>TALKUAL<\/strong><\/a> naci\u00f3 en la localidad de Bellpuig en Lleida, en 2020, de la mano de Marc Ib\u00f3s y Oriol Aldom\u00e0. Su objetivo era luchar contra el desperdicio alimentario. Y poco a poco lo est\u00e1n consiguiendo, ya que desde su fundaci\u00f3n, se han rescatado cerca de 5 millones de fruta y verdura que no cumplen con los requisitos est\u00e9ticos de las grandes superficies.<\/p>\n<p>La empresa compra fruta y verdura imperfecta a peque\u00f1os campesinos de toda Espa\u00f1a (alrededor de 100), ejecuta el control de calidad en sus instalaciones, prepara el producto en cajas y lo env\u00eda a sus clientes. El 90% son particulares y el 10% empresas, que lo destinan a sus empleados. Cada caja contiene diferentes productos de temporada y se puede escoger entre cajas de diferentes medidas, a partir de 6 kilos. En la actualidad, est\u00e1 llegando a m\u00e1s de 9.000 clientes semanalmente.<\/p>\n<img loading=\"lazy\" decoding=\"async\" class=\"aligncenter wp-image-29986 size-full\" src=\"https:\/\/ecoblog.mcp.es\/l4r\/wp-content\/uploads\/2025\/07\/berenjenas.jpg\" alt=\"\" width=\"1024\" height=\"768\" srcset=\"https:\/\/ecoblog.mcp.es\/l4r\/wp-content\/uploads\/2025\/07\/berenjenas.jpg 1024w, https:\/\/ecoblog.mcp.es\/l4r\/wp-content\/uploads\/2025\/07\/berenjenas-300x225.jpg 300w, https:\/\/ecoblog.mcp.es\/l4r\/wp-content\/uploads\/2025\/07\/berenjenas-768x576.jpg 768w\" sizes=\"auto, (max-width: 1024px) 100vw, 1024px\" \/>\n<p>La iniciativa est\u00e1 resultando rentable, ya que TALKUAL cerr\u00f3 2024 con 4,5 millones de facturaci\u00f3n y para este a\u00f1o prev\u00e9 llegar a los 6,5 millones. Adem\u00e1s, est\u00e1 trabajando en la internacionalizaci\u00f3n con Italia y Francia, como primeros mercados internacionales.<\/p>\n<p>Asimismo, se est\u00e1 preparando la colaboraci\u00f3n con otras marcas de alimentaci\u00f3n que dispongan de productos mal etiquetados o con corta caducidad, y que tambi\u00e9n se vender\u00e1n a trav\u00e9s de la plataforma digital.<\/p>\n<p>Y por \u00faltimo, se pretende ampliar la oferta a nuevos productos, siempre derivados de la fruta y la verdura, como cremas de verduras, mermeladas y sofritos de tomate.<\/p>\n<p>Estos productos estar\u00e1n elaborados de manera artesanal por un obrador de Bellv\u00eds, por lo que ser\u00e1 un producto km 0, y no tendr\u00e1n ni conservantes ni aditivos.<\/p>\n<p>Si quieres conocer otras iniciativas para combatir el desperdicio alimentario:<\/p>\n<p class=\"search-title entry-title\"><strong><a title=\"Alimentos que no se pueden vender, pero s\u00ed reaprovechar: una experiencia de \u00e9xito en Navarra.\" href=\"https:\/\/ecoblog.mcp.es\/l4r\/alimentos-que-no-se-pueden-vender-pero-si-reaprovechar-una-experiencia-de-exito-en-navarra\/\" target=\"_blank\" rel=\"noopener\">Alimentos que no se pueden vender, pero s\u00ed reaprovechar: una experiencia de \u00e9xito en Navarra<\/a><\/strong><\/p>\n<p class=\"search-title entry-title\"><strong><a title=\"Un men\u00fa con restos de comida, por Julio Flames.\" href=\"https:\/\/ecoblog.mcp.es\/l4r\/un-menu-con-restos-de-comida-por-julio-flames\/\" target=\"_blank\" rel=\"noopener\">Un men\u00fa con restos de comida, por Julio Flames<\/a><\/strong><\/p>\n<p class=\"search-title entry-title\"><strong><a title=\"La alimentaci\u00f3n toma la senda de la sontenibilidad\" href=\"https:\/\/ecoblog.mcp.es\/l4r\/la-alimentacion-toma-la-senda-de-la-sontenibilidad\/\" target=\"_blank\" rel=\"noopener\">La alimentaci\u00f3n toma la senda de la sontenibilidad<\/a><\/strong><\/p>\n<p class=\"search-title entry-title\"><strong><a title=\"Sobras de alimentos dom\u00e9sticos, \u00bfc\u00f3mo gestionarlas?, por Julio Flames\" href=\"https:\/\/ecoblog.mcp.es\/l4r\/sobras-de-alimentos-domesticos-como-gestionarlas-por-julio-flames\/\" target=\"_blank\" rel=\"noopener\">Sobras de alimentos dom\u00e9sticos, \u00bfc\u00f3mo gestionarlas?, por Julio Flames<\/a><\/strong><\/p>\n<p class=\"search-title entry-title\"><a title=\"Ll\u00e9vate a casa la comida que te ha sobrado en el restaurante\" href=\"https:\/\/ecoblog.mcp.es\/l4r\/llevate-a-casa-la-comida-que-te-ha-sobrado-en-el-restaurante\/\" target=\"_blank\" rel=\"noopener\"><strong>Ll\u00e9vate a casa la comida que te ha sobrado en el restaurante<\/strong><\/a><\/p>\n<p>&nbsp;<\/p>\n","protected":false},"excerpt":{"rendered":"<p>El objetivo de la empresa catalana Talkual es luchar contra el desperdicio alimentario. Y poco a poco lo est\u00e1n consiguiendo, ya que desde su fundaci\u00f3n, en 2020, se han rescatado cerca de 5 millones de fruta y verdura que no cumplen con los requisitos est\u00e9ticos de las grandes superficies.<br \/>\npretende ampliar la oferta a nuevos productos, siempre derivados de la fruta y la verdura, como cremas de verduras, mermeladas y sofritos de tomate. <\/p>\n","protected":false},"author":7,"featured_media":29985,"comment_status":"open","ping_status":"closed","sticky":false,"template":"","format":"standard","meta":{"footnotes":""},"categories":[4],"tags":[3361,392,9578,393,9580,8,88,9576],"class_list":["post-29984","post","type-post","status-publish","format-standard","has-post-thumbnail","hentry","category-mundosostenible","tag-desperdicio-alimentario-es","tag-mancomunidad-de-la-comarca-de-pamplona","tag-marc-ibos","tag-mcp","tag-oriol-aldoma","tag-residuos","tag-reutilizacion","tag-talkual"],"aioseo_notices":[],"_links":{"self":[{"href":"https:\/\/ecoblog.mcp.es\/l4r\/wp-json\/wp\/v2\/posts\/29984","targetHints":{"allow":["GET"]}}],"collection":[{"href":"https:\/\/ecoblog.mcp.es\/l4r\/wp-json\/wp\/v2\/posts"}],"about":[{"href":"https:\/\/ecoblog.mcp.es\/l4r\/wp-json\/wp\/v2\/types\/post"}],"author":[{"embeddable":true,"href":"https:\/\/ecoblog.mcp.es\/l4r\/wp-json\/wp\/v2\/users\/7"}],"replies":[{"embeddable":true,"href":"https:\/\/ecoblog.mcp.es\/l4r\/wp-json\/wp\/v2\/comments?post=29984"}],"version-history":[{"count":2,"href":"https:\/\/ecoblog.mcp.es\/l4r\/wp-json\/wp\/v2\/posts\/29984\/revisions"}],"predecessor-version":[{"id":29991,"href":"https:\/\/ecoblog.mcp.es\/l4r\/wp-json\/wp\/v2\/posts\/29984\/revisions\/29991"}],"wp:featuredmedia":[{"embeddable":true,"href":"https:\/\/ecoblog.mcp.es\/l4r\/wp-json\/wp\/v2\/media\/29985"}],"wp:attachment":[{"href":"https:\/\/ecoblog.mcp.es\/l4r\/wp-json\/wp\/v2\/media?parent=29984"}],"wp:term":[{"taxonomy":"category","embeddable":true,"href":"https:\/\/ecoblog.mcp.es\/l4r\/wp-json\/wp\/v2\/categories?post=29984"},{"taxonomy":"post_tag","embeddable":true,"href":"https:\/\/ecoblog.mcp.es\/l4r\/wp-json\/wp\/v2\/tags?post=29984"}],"curies":[{"name":"wp","href":"https:\/\/api.w.org\/{rel}","templated":true}]}}