{"id":30041,"date":"2025-09-15T08:00:47","date_gmt":"2025-09-15T06:00:47","guid":{"rendered":"https:\/\/ecoblog.mcp.es\/l4r\/?p=30041"},"modified":"2025-08-13T11:45:16","modified_gmt":"2025-08-13T09:45:16","slug":"el-molino-mancomunado","status":"publish","type":"post","link":"https:\/\/ecoblog.mcp.es\/l4r\/el-molino-mancomunado\/","title":{"rendered":"El molino mancomunado"},"content":{"rendered":"<p>Situado en el coraz\u00f3n del Parque Fluvial de la Comarca de Pamplona, el Molino de San Andr\u00e9s supone un lugar de encuentro tanto de personas como de r\u00edos.<\/p>\n<p>Y es que, junto a \u00e9l, el r\u00edo Arga recibe las aguas de su afluente el Ultzama y, adem\u00e1s, en la cercana ermita de la Trinidad de Villava, confluyen dos ramales jacobeos: el Camino franc\u00e9s y el procedente del Bazt\u00e1n.<\/p>\n<p>Por otra parte, el molino tambi\u00e9n se caracteriza por su hist\u00f3rico esp\u00edritu mancomunado, ya que su edificaci\u00f3n, y posterior explotaci\u00f3n respondi\u00f3 a la voluntad conjunta de dos localidades: Villava y Huarte.<\/p>\n<a href=\"https:\/\/www.youtube.com\/shorts\/HQlwmEnVgRI\" target=\"_blank\" rel=\"noopener\"><img loading=\"lazy\" decoding=\"async\" class=\"aligncenter wp-image-30047 size-full\" src=\"https:\/\/ecoblog.mcp.es\/l4r\/wp-content\/uploads\/2025\/08\/Short.png\" alt=\"\" width=\"452\" height=\"571\" srcset=\"https:\/\/ecoblog.mcp.es\/l4r\/wp-content\/uploads\/2025\/08\/Short.png 452w, https:\/\/ecoblog.mcp.es\/l4r\/wp-content\/uploads\/2025\/08\/Short-237x300.png 237w\" sizes=\"auto, (max-width: 452px) 100vw, 452px\" \/><\/a>\n<p>Desde su construcci\u00f3n en 1541, hasta la segunda d\u00e9cada del siglo XX, el Molino aprovech\u00f3 la fuerza de la corriente del r\u00edo para moler trigo, ma\u00edz y otros cereales panificables. Utiliz\u00f3 un modelo de amplia difusi\u00f3n durante la Edad Media, el molino de rueda de horizontal o rodete.<\/p>\n<p>Las mejoras en el proceso de molienda y la electrificaci\u00f3n en 1896 lo convirtieron en una peque\u00f1a central harinera y, despu\u00e9s, en una peque\u00f1a central el\u00e9ctrica.<\/p>\n<a href=\"https:\/\/www.youtube.com\/watch?v=2CBv4-5ok18\" target=\"_blank\" rel=\"noopener\"><img loading=\"lazy\" decoding=\"async\" class=\"aligncenter wp-image-30049 size-full\" src=\"https:\/\/ecoblog.mcp.es\/l4r\/wp-content\/uploads\/2025\/08\/Turbina.png\" alt=\"\" width=\"740\" height=\"364\" srcset=\"https:\/\/ecoblog.mcp.es\/l4r\/wp-content\/uploads\/2025\/08\/Turbina.png 740w, https:\/\/ecoblog.mcp.es\/l4r\/wp-content\/uploads\/2025\/08\/Turbina-300x148.png 300w\" sizes=\"auto, (max-width: 740px) 100vw, 740px\" \/><\/a>\n<p>Un paseo de algo m\u00e1s de 400 metros en el entorno del molino permite conocer los elementos m\u00e1s relevantes del complejo hidr\u00e1ulico: la presa de Dorraburu sobre el r\u00edo Arga, el canal de toma y el canal de salida que vierte al r\u00edo Ultzama.<\/p>\n<a href=\"https:\/\/www.youtube.com\/shorts\/zGDVEe0rfMA\" target=\"_blank\" rel=\"noopener\"><img loading=\"lazy\" decoding=\"async\" class=\"aligncenter wp-image-30042 size-full\" src=\"https:\/\/ecoblog.mcp.es\/l4r\/wp-content\/uploads\/2025\/08\/David-Alegria.png\" alt=\"\" width=\"467\" height=\"442\" srcset=\"https:\/\/ecoblog.mcp.es\/l4r\/wp-content\/uploads\/2025\/08\/David-Alegria.png 467w, https:\/\/ecoblog.mcp.es\/l4r\/wp-content\/uploads\/2025\/08\/David-Alegria-300x284.png 300w\" sizes=\"auto, (max-width: 467px) 100vw, 467px\" \/><\/a>\n<p>A mediados del siglo XX el molino qued\u00f3 en desuso y amenaz\u00f3 ruina, hasta que la <a href=\"https:\/\/www.mcp.es\/\" target=\"_blank\" rel=\"noopener\"><strong>Mancomunidad de la Comarca de Pamplona<\/strong><\/a> se hizo cargo de \u00e9l y lo restaur\u00f3.<\/p>\n<p>Adem\u00e1s, de ser una interesante muestra de patrimonio industrial, en la actualidad, acoge el Centro de Informaci\u00f3n y Educaci\u00f3n Ambiental de la Mancomunidad de la Comarca de Pamplona, un espacio que ofrece exposiciones temporales y permanentes, talleres, espect\u00e1culos, m\u00fasica, paseos, visitas guiadas y una agradable terraza con servicio de bar.<\/p>\n<p>Salvo en la \u00e9poca de crecidas. El r\u00edo es due\u00f1o y se\u00f1or del lugar, por lo que quien se acerque al entorno del molino, ha de saber que es un mero invitado y que hay que respetarlo. Por eso la actividad humana se ha adecuado siempre a los caprichos del agua. Tambi\u00e9n en la actualidad. Por ejemplo, la barra del bar instalado en la planta baja del antiguo molino posee un sistema hidr\u00e1ulico que permite subirla hasta el nivel del techo y as\u00ed evitar que sufra con las incursiones del r\u00edo en el edificio.<\/p>\n<a href=\"https:\/\/www.youtube.com\/watch?v=qQ1Lopuiauw\" target=\"_blank\" rel=\"noopener\"><img loading=\"lazy\" decoding=\"async\" class=\"aligncenter wp-image-30043 size-full\" src=\"https:\/\/ecoblog.mcp.es\/l4r\/wp-content\/uploads\/2025\/08\/inundaciones.png\" alt=\"\" width=\"734\" height=\"375\" srcset=\"https:\/\/ecoblog.mcp.es\/l4r\/wp-content\/uploads\/2025\/08\/inundaciones.png 734w, https:\/\/ecoblog.mcp.es\/l4r\/wp-content\/uploads\/2025\/08\/inundaciones-300x153.png 300w\" sizes=\"auto, (max-width: 734px) 100vw, 734px\" \/><\/a>\n<p>&nbsp;<\/p>\n<p><strong>Otros videos relacionados:<\/strong><\/p>\n<p>Historia: https:\/\/www.youtube.com\/watch?v=D_VQ1LNZAX4<\/p>\n<p>Conoce: <a href=\"https:\/\/www.youtube.com\/watch?v=-g4RiO7rTZ0\">https:\/\/www.youtube.com\/watch?v=-g4RiO7rTZ0<\/a><\/p>\n<p>Maquinaria (presentaci\u00f3n Txibi): https:\/\/www.youtube.com\/watch?v=i-W6FwV0knI<\/p>\n<p>Si quieres saber m\u00e1s sobre el molino:<\/p>\n<p><strong><a title=\"Molino de San Andr\u00e9s (Villava): C\u00f3mo decorar y crear ambientes agradables con materiales reciclados\" href=\"https:\/\/ecoblog.mcp.es\/l4r\/molino-de-san-andres-villava-como-decorar-y-crear-ambientes-agradables-con-materiales-reciclados\/\" rel=\"bookmark\">Molino de San Andr\u00e9s (Villava): C\u00f3mo decorar y crear ambientes agradables con materiales reciclados<\/a><\/strong><\/p>\n<p>&nbsp;<\/p>\n","protected":false},"excerpt":{"rendered":"<p>Situado en el coraz\u00f3n del Parque Fluvial de la Comarca de Pamplona, el Molino de San Andr\u00e9s supone un lugar de encuentro tanto de personas como de r\u00edos.<br \/>\nPor otra parte, el molino tambi\u00e9n se caracteriza por su hist\u00f3rico esp\u00edritu mancomunado, ya que su edificaci\u00f3n, y posterior explotaci\u00f3n respondi\u00f3 a la voluntad conjunta de dos localidades: Villava y Huarte.<br \/>\nA mediados del siglo XX el molino qued\u00f3 en desuso y amenaz\u00f3 ruina, hasta que la Mancomunidad de la Comarca de Pamplona se hizo cargo de \u00e9l y lo restaur\u00f3.<\/p>\n","protected":false},"author":7,"featured_media":30045,"comment_status":"open","ping_status":"closed","sticky":false,"template":"","format":"standard","meta":{"footnotes":""},"categories":[5],"tags":[9654,9,9652,9524,902,392,393,9656,94,9658,4141,8660,9660],"class_list":["post-30041","post","type-post","status-publish","format-standard","has-post-thumbnail","hentry","category-espaciospublicos","tag-actividades-de-sensibilizacion","tag-agua","tag-centro-de-informacion","tag-comarca-de-pamplona-es","tag-huarte","tag-mancomunidad-de-la-comarca-de-pamplona","tag-mcp","tag-molino-san-andres-es","tag-navarra","tag-parque-fluvial-de-la-comarca-es","tag-rio-arga","tag-rio-ulzama","tag-villava-2-es"],"aioseo_notices":[],"_links":{"self":[{"href":"https:\/\/ecoblog.mcp.es\/l4r\/wp-json\/wp\/v2\/posts\/30041","targetHints":{"allow":["GET"]}}],"collection":[{"href":"https:\/\/ecoblog.mcp.es\/l4r\/wp-json\/wp\/v2\/posts"}],"about":[{"href":"https:\/\/ecoblog.mcp.es\/l4r\/wp-json\/wp\/v2\/types\/post"}],"author":[{"embeddable":true,"href":"https:\/\/ecoblog.mcp.es\/l4r\/wp-json\/wp\/v2\/users\/7"}],"replies":[{"embeddable":true,"href":"https:\/\/ecoblog.mcp.es\/l4r\/wp-json\/wp\/v2\/comments?post=30041"}],"version-history":[{"count":1,"href":"https:\/\/ecoblog.mcp.es\/l4r\/wp-json\/wp\/v2\/posts\/30041\/revisions"}],"predecessor-version":[{"id":30051,"href":"https:\/\/ecoblog.mcp.es\/l4r\/wp-json\/wp\/v2\/posts\/30041\/revisions\/30051"}],"wp:featuredmedia":[{"embeddable":true,"href":"https:\/\/ecoblog.mcp.es\/l4r\/wp-json\/wp\/v2\/media\/30045"}],"wp:attachment":[{"href":"https:\/\/ecoblog.mcp.es\/l4r\/wp-json\/wp\/v2\/media?parent=30041"}],"wp:term":[{"taxonomy":"category","embeddable":true,"href":"https:\/\/ecoblog.mcp.es\/l4r\/wp-json\/wp\/v2\/categories?post=30041"},{"taxonomy":"post_tag","embeddable":true,"href":"https:\/\/ecoblog.mcp.es\/l4r\/wp-json\/wp\/v2\/tags?post=30041"}],"curies":[{"name":"wp","href":"https:\/\/api.w.org\/{rel}","templated":true}]}}