{"id":30055,"date":"2025-08-22T08:00:46","date_gmt":"2025-08-22T06:00:46","guid":{"rendered":"https:\/\/ecoblog.mcp.es\/l4r\/?p=30055"},"modified":"2025-09-16T10:20:16","modified_gmt":"2025-09-16T08:20:16","slug":"drones-en-el-subsuelo-de-la-comarca-de-pamplona","status":"publish","type":"post","link":"https:\/\/ecoblog.mcp.es\/l4r\/drones-en-el-subsuelo-de-la-comarca-de-pamplona\/","title":{"rendered":"Drones en el subsuelo de la Comarca de Pamplona"},"content":{"rendered":"<p>El subsuelo de la Comarca de Pamplona, como el de cualquier ciudad, es una gran telara\u00f1a de tuber\u00edas. Entre ellas hay 38 kil\u00f3metros de conducciones de aguas residuales que merecen una inspecci\u00f3n y un mantenimiento constante.<\/p>\n<p>La empresa <strong><a href=\"https:\/\/intterna.com\/\" target=\"_blank\" rel=\"noopener\"><em>Intterna <\/em><\/a><\/strong>se encarga de ello y trabaja para la <strong><a href=\"https:\/\/www.mcp.es\/\" target=\"_blank\" rel=\"noopener\">Mancomunidad de la Comarca de Pamplona<\/a><\/strong> utilizando un dron para que nada escape del control; un dron dotado de una c\u00e1mara de v\u00eddeo 4k, otra c\u00e1mara t\u00e9rmica y un sistema de teledetecci\u00f3n <em>LiDAR<\/em>\u00a0(Light Detection and Ranging) que utiliza pulsos de luz l\u00e1ser. Esta tecnolog\u00eda es capaz de medir el tiempo que tarda la luz en regresar tras rebotar en los objetos, medir distancias y crear modelos 3D del entorno.<\/p>\n<p>As\u00ed, gracias a la combinaci\u00f3n de las im\u00e1genes de v\u00eddeo y el mapeo 3D generado por la luz l\u00e1ser, se puede realizar un diagn\u00f3stico preciso y \u00e1gil del estado de las infraestructuras inspeccionadas.<\/p>\n<img loading=\"lazy\" decoding=\"async\" class=\"aligncenter wp-image-30059 size-full\" src=\"https:\/\/ecoblog.mcp.es\/l4r\/wp-content\/uploads\/2025\/08\/G-04-inspeccion-colectores-2025.jpg\" alt=\"\" width=\"1000\" height=\"561\" srcset=\"https:\/\/ecoblog.mcp.es\/l4r\/wp-content\/uploads\/2025\/08\/G-04-inspeccion-colectores-2025.jpg 1000w, https:\/\/ecoblog.mcp.es\/l4r\/wp-content\/uploads\/2025\/08\/G-04-inspeccion-colectores-2025-300x168.jpg 300w, https:\/\/ecoblog.mcp.es\/l4r\/wp-content\/uploads\/2025\/08\/G-04-inspeccion-colectores-2025-768x431.jpg 768w\" sizes=\"auto, (max-width: 1000px) 100vw, 1000px\" \/>\n<p>La revisi\u00f3n permite detectar con precisi\u00f3n incidencias tanto estructurales (fisuras, desplazamientos o hundimientos) como funcionales (atascos que puedan afectar al correcto funcionamiento del sistema al impedir el adecuado flujo de las aguas residuales).<\/p>\n<p>Las im\u00e1genes obtenidas se procesan adem\u00e1s con un software basado en Inteligencia Artificial (IA) que clasifica y adec\u00faa la informaci\u00f3n a las normas UNE que establecen los requisitos para el dise\u00f1o y construcci\u00f3n de sistemas de saneamiento, incluyendo los colectores.<\/p>\n<p><iframe loading=\"lazy\" title=\"MCP | IM _ Drones bajo la Comarca \/ Droneak Iru\u00f1erriko lurpean\" width=\"680\" height=\"383\" src=\"https:\/\/www.youtube.com\/embed\/Ed3mEgXrCxA?feature=oembed\" frameborder=\"0\" allow=\"accelerometer; autoplay; clipboard-write; encrypted-media; gyroscope; picture-in-picture; web-share\" referrerpolicy=\"strict-origin-when-cross-origin\" allowfullscreen><\/iframe><\/p>\n<p>De esta manera se logra pasar de un mantenimiento reactivo a uno predictivo, ya que se pueden analizar anomal\u00edas en tiempo real y es posible alertar sobre posibles problemas estructurales antes de que se agraven. En consecuencia, las reparaciones se realizar\u00e1n justo cuando son necesarias, optimizando recursos y prolongando la vida \u00fatil de las infraestructuras.<\/p>\n<p>\u00bf Y por qu\u00e9 drones? A la hora de inspeccionar infraestructuras, los drones presentan una combinaci\u00f3n de virtudes como la movilidad a\u00e9rea, los sensores avanzados y la capacidad de recopilaci\u00f3n de datos que los hacen id\u00f3neos para este tipo de tareas. Adem\u00e1s de incrementar la precisi\u00f3n y la calidad de los datos obtenidos, los drones permiten acceder a zonas dif\u00edciles lo que supone una importante mejora de la seguridad, al eliminar la necesidad de que personas trabajen en espacios complicados o reducidos. Adem\u00e1s, el uso de esta tecnolog\u00eda incrementa la eficiencia al permitir completar tareas en menos tiempo, lo que implica la reducci\u00f3n de costes.<\/p>\n<img loading=\"lazy\" decoding=\"async\" class=\"aligncenter wp-image-30056 size-full\" src=\"https:\/\/ecoblog.mcp.es\/l4r\/wp-content\/uploads\/2025\/08\/G-01-inspeccion-colectores-2025.jpg\" alt=\"\" width=\"1000\" height=\"693\" srcset=\"https:\/\/ecoblog.mcp.es\/l4r\/wp-content\/uploads\/2025\/08\/G-01-inspeccion-colectores-2025.jpg 1000w, https:\/\/ecoblog.mcp.es\/l4r\/wp-content\/uploads\/2025\/08\/G-01-inspeccion-colectores-2025-300x208.jpg 300w, https:\/\/ecoblog.mcp.es\/l4r\/wp-content\/uploads\/2025\/08\/G-01-inspeccion-colectores-2025-768x532.jpg 768w\" sizes=\"auto, (max-width: 1000px) 100vw, 1000px\" \/>\n<p>Este trabajo de inspecci\u00f3n de colectores se engloba dentro de la actuaci\u00f3n del \u2018Plan Integral del sistema de saneamiento de la aglomeraci\u00f3n de Pamplona\u2019 que forma parte del proyecto\u00a0<em>Agua Digital de la Comarca de Pamplona \u2013 Iru\u00f1erriko Ur Digitala (ADUR)<\/em>\u00a0y ha sido uno de los proyectos beneficiarios dentro de la segunda convocatoria de subvenciones para la elaboraci\u00f3n de proyectos de mejora de la eficiencia del Ciclo Urbano del Agua (PERTE Digitalizaci\u00f3n del Ciclo del Agua). El proyecto se enmarca asimismo en el Plan de Recuperaci\u00f3n, Transformaci\u00f3n y Resiliencia &#8211; Financiado por la Uni\u00f3n Europea &#8211; Next Generation EU.<\/p>\n<img loading=\"lazy\" decoding=\"async\" class=\"aligncenter wp-image-30060 size-full\" src=\"https:\/\/ecoblog.mcp.es\/l4r\/wp-content\/uploads\/2025\/08\/Logos-PERTE.jpg\" alt=\"\" width=\"567\" height=\"48\" srcset=\"https:\/\/ecoblog.mcp.es\/l4r\/wp-content\/uploads\/2025\/08\/Logos-PERTE.jpg 567w, https:\/\/ecoblog.mcp.es\/l4r\/wp-content\/uploads\/2025\/08\/Logos-PERTE-300x25.jpg 300w\" sizes=\"auto, (max-width: 567px) 100vw, 567px\" \/>\n<p>Si quieres saber m\u00e1s sobre drones:<\/p>\n<p class=\"search-title entry-title\"><strong><a title=\"Drones para limpiar el Everest\" href=\"https:\/\/ecoblog.mcp.es\/l4r\/drones-para-limpiar-el-everest\/\" rel=\"bookmark\">Drones para limpiar el Everest<\/a><\/strong><\/p>\n<p class=\"search-title entry-title\"><strong><a title=\"\u00bfSe apoderar\u00e1n los drones de nuestras calles?\" href=\"https:\/\/ecoblog.mcp.es\/l4r\/se-apoderaran-los-drones-de-nuestras-calles\/\" rel=\"bookmark\">\u00bfSe apoderar\u00e1n los drones de nuestras calles?<\/a><\/strong><\/p>\n","protected":false},"excerpt":{"rendered":"<p>Los drones presentan una combinaci\u00f3n de virtudes como la movilidad a\u00e9rea, los sensores avanzados y la capacidad de recopilaci\u00f3n de datos de lugares en los que los humanos apenas pueden entrar. Gracias a esta tecnolog\u00eda, se est\u00e1n obteniendo im\u00e1genes de v\u00eddeo y realizando el mapeo 3D generado por la luz l\u00e1ser, de infraestructuras subterr\u00e1neas de la Comarca de Pamplona que permite realizar un diagn\u00f3stico preciso y \u00e1gil de su estado. <\/p>\n","protected":false},"author":7,"featured_media":30061,"comment_status":"open","ping_status":"closed","sticky":false,"template":"","format":"standard","meta":{"footnotes":""},"categories":[3],"tags":[4409,9,9672,3142,9670,9202,9668,392,393,94,3333,51],"class_list":["post-30055","post","type-post","status-publish","format-standard","has-post-thumbnail","hentry","category-agua","tag-abastecimiento","tag-agua","tag-calidad-del-agua-es","tag-ciclo-integral-del-agua","tag-colectores","tag-drones","tag-intterna","tag-mancomunidad-de-la-comarca-de-pamplona","tag-mcp","tag-navarra","tag-nuevas-tecnologias","tag-pamplona"],"aioseo_notices":[],"_links":{"self":[{"href":"https:\/\/ecoblog.mcp.es\/l4r\/wp-json\/wp\/v2\/posts\/30055","targetHints":{"allow":["GET"]}}],"collection":[{"href":"https:\/\/ecoblog.mcp.es\/l4r\/wp-json\/wp\/v2\/posts"}],"about":[{"href":"https:\/\/ecoblog.mcp.es\/l4r\/wp-json\/wp\/v2\/types\/post"}],"author":[{"embeddable":true,"href":"https:\/\/ecoblog.mcp.es\/l4r\/wp-json\/wp\/v2\/users\/7"}],"replies":[{"embeddable":true,"href":"https:\/\/ecoblog.mcp.es\/l4r\/wp-json\/wp\/v2\/comments?post=30055"}],"version-history":[{"count":1,"href":"https:\/\/ecoblog.mcp.es\/l4r\/wp-json\/wp\/v2\/posts\/30055\/revisions"}],"predecessor-version":[{"id":30062,"href":"https:\/\/ecoblog.mcp.es\/l4r\/wp-json\/wp\/v2\/posts\/30055\/revisions\/30062"}],"wp:featuredmedia":[{"embeddable":true,"href":"https:\/\/ecoblog.mcp.es\/l4r\/wp-json\/wp\/v2\/media\/30061"}],"wp:attachment":[{"href":"https:\/\/ecoblog.mcp.es\/l4r\/wp-json\/wp\/v2\/media?parent=30055"}],"wp:term":[{"taxonomy":"category","embeddable":true,"href":"https:\/\/ecoblog.mcp.es\/l4r\/wp-json\/wp\/v2\/categories?post=30055"},{"taxonomy":"post_tag","embeddable":true,"href":"https:\/\/ecoblog.mcp.es\/l4r\/wp-json\/wp\/v2\/tags?post=30055"}],"curies":[{"name":"wp","href":"https:\/\/api.w.org\/{rel}","templated":true}]}}