{"id":30101,"date":"2025-10-27T08:00:26","date_gmt":"2025-10-27T07:00:26","guid":{"rendered":"https:\/\/ecoblog.mcp.es\/l4r\/?p=30101"},"modified":"2025-10-01T14:02:57","modified_gmt":"2025-10-01T12:02:57","slug":"la-vida-nocturna-de-las-mariposas","status":"publish","type":"post","link":"https:\/\/ecoblog.mcp.es\/l4r\/la-vida-nocturna-de-las-mariposas\/","title":{"rendered":"La vida nocturna de las mariposas"},"content":{"rendered":"<p><strong>Roberto Simal<\/strong>\u00a0y\u00a0<strong>\u00c1ngel Herrero, <\/strong>bi\u00f3logos de la <a href=\"http:\/\/bhsconsultores.es\/\" target=\"_blank\" rel=\"noopener\">consultora ambiental BHS<\/a> acuden al atardecer al Parque Fluvial de la Comarca por encargo de la <a href=\"https:\/\/www.mcp.es\/\" target=\"_blank\" rel=\"noopener\"><strong>Mancomunidad de la Comarca de Pamplona<\/strong><\/a>. En localizaciones del parque elegidas por sus diversos niveles de uso (sendas, \u00e1reas recreativas, playas, etc.) y por la presencia o ausencia de luz artificial, colocan cuatro \u2018trampas de luz\u2019 que quedar\u00e1n activas toda la noche. Tambi\u00e9n en \u00e1reas de control \u2013fuera del parque y sin uso p\u00fablico\u2013 para asegurar que los cambios observados se deban realmente a las variables estudiadas y no a otros factores.<\/p>\n<p>Su objetivo es determinar la abundancia y diversidad de mariposas y polillas en funci\u00f3n del uso p\u00fablico en diferentes \u00e1reas del parque. Sin olvidar que este estudio se enmarca en un proyecto m\u00e1s amplio consistente en analizar si existen diferencias significativas en el uso del espacio de varios grupos faun\u00edsticos (murci\u00e9lagos, avifauna, mam\u00edferos\u2026) en funci\u00f3n de las diferentes intensidades de uso p\u00fablico en el Parque Fluvial de Pamplona.<\/p>\n<p>Los bi\u00f3logos se aseguran de que los cubos de goma EVA de unos 40 cm de lado est\u00e1n correctamente situados y colocan en la tapa superior dos l\u00e1minas de pl\u00e1stico transparente con una apertura para que accedan las mariposas. Sobre esa estructura, una luz ultravioleta orientada hacia arriba se encargar\u00e1 de atraerlas. Y es que, la mayor\u00eda de las mariposas y polillas se sienten atra\u00eddas por esta luz, ya que la usan para comunicarse: muchas tienen en sus alas pigmentos que reflejan la luz UV de maneras espec\u00edficas, creando patrones para encontrar pareja y alimentarse.<\/p>\n<p>Junto a cada lado del cubo colocan tambi\u00e9n cajas de huevos, ya que el material y la forma de estos cartones moldeados ayudan a que muchas mariposas se queden resguardados en las cavidades.<\/p>\n<p>Cuando amanezca, los dos bi\u00f3logos acudir\u00e1n a recoger las trampas para contar, determinar y fotografiar todas las especies capturadas. Despu\u00e9s liberar\u00e1n todas las mariposas y polillas.<\/p>\n<p><iframe loading=\"lazy\" title=\"La vida nocturna de las mariposas en el Parque Fluvial \/ Tximeleten gaueko bizitza Ibai Parkean\" width=\"680\" height=\"383\" src=\"https:\/\/www.youtube.com\/embed\/3Br_VyYEfvY?feature=oembed\" frameborder=\"0\" allow=\"accelerometer; autoplay; clipboard-write; encrypted-media; gyroscope; picture-in-picture; web-share\" referrerpolicy=\"strict-origin-when-cross-origin\" allowfullscreen><\/iframe><\/p>\n<p>El plan es realizar cuatro sesiones de muestreo: una en primavera, dos en verano y una en oto\u00f1o. Se descarta el invierno, ya que en esa estaci\u00f3n no hay actividad de mariposas adultas al encontrarse a\u00fan en estado larvario.<\/p>\n<p>Ya se han realizado tres sesiones, la m\u00e1s reciente en septiembre, y est\u00e1 previsto que la \u00faltima se lleve a cabo ya en 2026.<\/p>\n<p>En esas primeras sesiones de muestreo ya se ha constatado una fuerte presencia de la\u00a0<strong>mariposa del boj<\/strong>\u00a0(<em>Cydalima perspectalis<\/em>), una especie invasora de Asia que se ha convertido en una plaga muy destructiva desde hace m\u00e1s de diez a\u00f1os para los bojes de Europa. El principal problema de esta especie no lo causa la mariposa en s\u00ed, sino su fase larval, es decir, las orugas, ya que son muy voraces y se alimentan de las hojas y la corteza de los bojes. Su acci\u00f3n puede causar una defoliaci\u00f3n completa y masiva de la planta en muy poco tiempo, lo que debilita el arbusto y, en muchos casos, provoca su muerte. O sea, no es una buena noticia que haya tantas.<\/p>\n<img loading=\"lazy\" decoding=\"async\" class=\"aligncenter wp-image-30103 size-full\" src=\"https:\/\/ecoblog.mcp.es\/l4r\/wp-content\/uploads\/2025\/10\/03-cristal-estacion-muestreo-mariposas-nocturnas-2025-g.webp\" alt=\"\" width=\"1000\" height=\"668\" srcset=\"https:\/\/ecoblog.mcp.es\/l4r\/wp-content\/uploads\/2025\/10\/03-cristal-estacion-muestreo-mariposas-nocturnas-2025-g.webp 1000w, https:\/\/ecoblog.mcp.es\/l4r\/wp-content\/uploads\/2025\/10\/03-cristal-estacion-muestreo-mariposas-nocturnas-2025-g-300x200.webp 300w, https:\/\/ecoblog.mcp.es\/l4r\/wp-content\/uploads\/2025\/10\/03-cristal-estacion-muestreo-mariposas-nocturnas-2025-g-768x513.webp 768w\" sizes=\"auto, (max-width: 1000px) 100vw, 1000px\" \/>\n<p>Las mariposas y polillas m\u00e1s comunes y abundantes son las que m\u00e1s atenci\u00f3n acaparan, porque explican mucho mejor las diferencias entre las zonas con uso p\u00fablico y las \u00e1reas de control.<\/p>\n<p>Sin embargo, los bi\u00f3logos no pierden la esperanza de capturar alg\u00fan ejemplar de\u00a0<strong>mariposa isabelina<\/strong>\u00a0(<em>Graellsia isabellae<\/em>), ya que las estaciones ubicadas al norte est\u00e1n en el borde de su \u00e1rea de distribuci\u00f3n.<\/p>\n<p>El presupuesto de todo el proyecto es de 67.177 euros (IVA exclu\u00eddo) y es financiado con fondos procedentes del Plan de Recuperaci\u00f3n, Transformaci\u00f3n y Resiliencia-Financiado por la Uni\u00f3n Europea-NextGenerationEU, gestionados por el Gobierno de Navarra, y forma parte del Plan de Sostenibilidad Tur\u00edstica en Destino Comarca Pamplona Rural al ser uno de los proyectos beneficiarios de la convocatoria extraordinaria de Planes Territoriales de Sostenibilidad Tur\u00edstica en Destinos 2023.<\/p>\n<img loading=\"lazy\" decoding=\"async\" class=\"aligncenter wp-image-30102 size-full\" src=\"https:\/\/ecoblog.mcp.es\/l4r\/wp-content\/uploads\/2025\/10\/Logos-turismo.jpg\" alt=\"\" width=\"736\" height=\"85\" srcset=\"https:\/\/ecoblog.mcp.es\/l4r\/wp-content\/uploads\/2025\/10\/Logos-turismo.jpg 736w, https:\/\/ecoblog.mcp.es\/l4r\/wp-content\/uploads\/2025\/10\/Logos-turismo-300x35.jpg 300w\" sizes=\"auto, (max-width: 736px) 100vw, 736px\" \/>\n<p>Si quieres saber m\u00e1s sobre mariposas:<\/p>\n<p class=\"search-title entry-title\"><strong><a title=\"\u00bfQu\u00e9 es un oasis de mariposas?\" href=\"https:\/\/ecoblog.mcp.es\/l4r\/que-es-un-oasis-de-mariposas\/\" rel=\"bookmark\">\u00bfQu\u00e9 es un oasis de mariposas?<\/a><\/strong><\/p>\n<p class=\"search-title entry-title\"><strong><a title=\"Atractores de biodiversidad en la Comarca de Pamplona\" href=\"https:\/\/ecoblog.mcp.es\/l4r\/atractores-de-biodiversidad-en-la-comarca-de-pamplona\/\" rel=\"bookmark\">Atractores de biodiversidad en la Comarca de Pamplona<\/a><\/strong><\/p>\n","protected":false},"excerpt":{"rendered":"<p>La Mancomunidad de la Comarca de Pamplona ha encargado un estudio para analizar la presencia de mariposas y polillas nocturnas en varios puntos del Parque Fluvial de la Comarca de Pamplona. El objetivo es determinar la abundancia y diversidad de este orden de insectos en funci\u00f3n del uso p\u00fablico en diferentes \u00e1reas del parque.<\/p>\n","protected":false},"author":7,"featured_media":30104,"comment_status":"open","ping_status":"closed","sticky":false,"template":"","format":"standard","meta":{"footnotes":""},"categories":[5],"tags":[9752,9524,9746,392,8245,393,94,51,9658,9748,9526,9750],"class_list":["post-30101","post","type-post","status-publish","format-standard","has-post-thumbnail","hentry","category-espaciospublicos","tag-angel-herrero","tag-comarca-de-pamplona-es","tag-lepidopteros","tag-mancomunidad-de-la-comarca-de-pamplona","tag-mariposas","tag-mcp","tag-navarra","tag-pamplona","tag-parque-fluvial-de-la-comarca-es","tag-polillas","tag-polinizadores-es","tag-roberto-simal"],"aioseo_notices":[],"_links":{"self":[{"href":"https:\/\/ecoblog.mcp.es\/l4r\/wp-json\/wp\/v2\/posts\/30101","targetHints":{"allow":["GET"]}}],"collection":[{"href":"https:\/\/ecoblog.mcp.es\/l4r\/wp-json\/wp\/v2\/posts"}],"about":[{"href":"https:\/\/ecoblog.mcp.es\/l4r\/wp-json\/wp\/v2\/types\/post"}],"author":[{"embeddable":true,"href":"https:\/\/ecoblog.mcp.es\/l4r\/wp-json\/wp\/v2\/users\/7"}],"replies":[{"embeddable":true,"href":"https:\/\/ecoblog.mcp.es\/l4r\/wp-json\/wp\/v2\/comments?post=30101"}],"version-history":[{"count":1,"href":"https:\/\/ecoblog.mcp.es\/l4r\/wp-json\/wp\/v2\/posts\/30101\/revisions"}],"predecessor-version":[{"id":30105,"href":"https:\/\/ecoblog.mcp.es\/l4r\/wp-json\/wp\/v2\/posts\/30101\/revisions\/30105"}],"wp:featuredmedia":[{"embeddable":true,"href":"https:\/\/ecoblog.mcp.es\/l4r\/wp-json\/wp\/v2\/media\/30104"}],"wp:attachment":[{"href":"https:\/\/ecoblog.mcp.es\/l4r\/wp-json\/wp\/v2\/media?parent=30101"}],"wp:term":[{"taxonomy":"category","embeddable":true,"href":"https:\/\/ecoblog.mcp.es\/l4r\/wp-json\/wp\/v2\/categories?post=30101"},{"taxonomy":"post_tag","embeddable":true,"href":"https:\/\/ecoblog.mcp.es\/l4r\/wp-json\/wp\/v2\/tags?post=30101"}],"curies":[{"name":"wp","href":"https:\/\/api.w.org\/{rel}","templated":true}]}}