{"id":30232,"date":"2026-03-16T08:00:50","date_gmt":"2026-03-16T07:00:50","guid":{"rendered":"https:\/\/ecoblog.mcp.es\/l4r\/?p=30232"},"modified":"2026-02-25T12:16:54","modified_gmt":"2026-02-25T11:16:54","slug":"autopistas-en-el-aire","status":"publish","type":"post","link":"https:\/\/ecoblog.mcp.es\/l4r\/autopistas-en-el-aire\/","title":{"rendered":"Autopistas en el aire"},"content":{"rendered":"<p>Durante a\u00f1os hemos imaginado a las abejas como peque\u00f1os puntos err\u00e1ticos flotando entre flores. Movimiento ca\u00f3tico. Trayectorias difusas. Un ir y venir aparentemente desordenado entre la colmena y el alimento.<\/p>\n<p>La realidad es mucho m\u00e1s compleja y sofisticada.<\/p>\n<p>Un equipo de la <strong><a href=\"https:\/\/uni-freiburg.de\/en\/\" target=\"_blank\" rel=\"noopener\">Universidad de Freiburg<\/a><\/strong> ha demostrado que las abejas mel\u00edferas no vuelan al azar. Cada individuo traza su propia ruta y la repite con una precisi\u00f3n milim\u00e9trica, incluso en paisajes agr\u00edcolas complejos.<\/p>\n<p>El estudio, publicado en <strong><a href=\"https:\/\/www.cell.com\/current-biology\/home\" target=\"_blank\" rel=\"noopener\"><em>Current Biology<\/em><\/a><\/strong>, obliga a revisar nuestra idea sobre la inteligencia espacial de los insectos y, de paso, sobre c\u00f3mo dise\u00f1amos los territorios donde viven.<\/p>\n<p>Para realizarlo, el neurobi\u00f3logo Andrew Straw y su equipo salieron del laboratorio y fueron al campo con un dron equipado con un sistema de seguimiento de alta precisi\u00f3n, denominado <em>Fast Lock-On Tracking<\/em>. A cada abeja se le coloc\u00f3 un peque\u00f1o marcador reflectante que permit\u00eda registrar su posici\u00f3n en milisegundos y reconstruir trayectorias tridimensionales en condiciones reales.<\/p>\n<p>Las 255 rutas analizadas se registraron en el Kaiserstuhl, en Alemania: campos de ma\u00edz, setos, \u00e1rboles aislados, obst\u00e1culos naturales. La fuente de alimento estaba a unos 120 metros de la colmena, sin l\u00ednea visual directa.<\/p>\n<p>El resultado reflej\u00f3 que cada abeja desarrollaba un itinerario propio y lo manten\u00eda con gran fidelidad tanto en la ida como en el regreso. En algunos tramos, la desviaci\u00f3n respecto a vuelos anteriores era de apenas unos cent\u00edmetros.<\/p>\n<p>Por lo tanto, se demostraba que no exist\u00eda improvisaci\u00f3n en los vuelos, sino memoria espacial.<\/p>\n<p>Sin embargo, tambi\u00e9n se observ\u00f3 que la precisi\u00f3n no era homog\u00e9nea en todo el trayecto. Cerca de elementos destacados \u2014un \u00e1rbol solitario, una estructura visible\u2014 las desviaciones eran m\u00ednimas. En cambio, sobre el maizal, un espacio visualmente uniforme, la variabilidad aumentaba.<\/p>\n<p>Esto reforz\u00f3 una idea clave: las abejas no dependen \u00fanicamente del sol o del campo magn\u00e9tico. Utilizan tambi\u00e9n referencias visuales del entorno.<\/p>\n<p>Y esto llev\u00f3 a la reflexi\u00f3n de c\u00f3mo deb\u00edan de ser los campos de monocultivo extensivos. Y es que la simplificaci\u00f3n del territorio no solo afecta a la biodiversidad vegetal o a la disponibilidad de recursos florales, sino tambi\u00e9n puede alterar los patrones de navegaci\u00f3n y la eficiencia energ\u00e9tica de los polinizadores.<\/p>\n<p>La ecuaci\u00f3n es sencilla a m\u00e1s tiempo de vuelo, m\u00e1s energ\u00eda invertida, y por lo tanto, menos rendimiento en la polinizaci\u00f3n.<\/p>\n<p>Por lo tanto, comprender c\u00f3mo se orientan las abejas en paisajes reales tiene implicaciones directas para la gesti\u00f3n agroecol\u00f3gica y la planificaci\u00f3n territorial.<\/p>\n<p>Setos, lindes, franjas florales, \u00e1rboles aislados, no solo sostienen biodiversidad, sino que ofrecen referencias visuales que estabilizan rutas de vuelo.<\/p>\n<p>Y esto hay que tenerlo en cuenta a la hora de dise\u00f1ar terrenos o restaurar ecosistemas agr\u00edcolas.<\/p>\n<p>En definitiva,<strong> l<\/strong>as abejas no solo polinizan. Tambi\u00e9n ense\u00f1an.<\/p>\n<p>Y en un mundo cada vez m\u00e1s simplificado, quiz\u00e1 la lecci\u00f3n sea clara: la inteligencia necesita paisaje. Y el paisaje, diversidad.<\/p>\n<p>Si quieres leer m\u00e1s sobre las abejas:<\/p>\n<p><strong><a title=\"El algoritmo de las abejas artificiales\" href=\"https:\/\/ecoblog.mcp.es\/l4r\/el-algoritmo-de-las-abejas-artificiales\/\" target=\"_blank\" rel=\"noopener\">El algoritmo de las abejas artificiales<\/a><\/strong><\/p>\n<p><strong><a title=\"La apicultura urbana como bioindicadora de la ciudad\" href=\"https:\/\/ecoblog.mcp.es\/l4r\/la-apicultura-urbana-como-bioindicadora-de-la-ciudad\/\" target=\"_blank\" rel=\"noopener\">La apicultura urbana como bioindicadora de la ciudad<\/a><\/strong><\/p>\n<p><strong><a title=\"Jaume Clotet, el apicultor que amaba a sus abejas\" href=\"https:\/\/ecoblog.mcp.es\/l4r\/jaume-clotet-el-apicultor-que-amaba-a-sus-abejas\/\" target=\"_blank\" rel=\"noopener\">Jaume Clotet, el apicultor que amaba a sus abejas<\/a><\/strong><\/p>\n<p><strong><a title=\"Las abejas que evitan la despoblaci\u00f3n\" href=\"https:\/\/ecoblog.mcp.es\/l4r\/las-abejas-que-evitan-la-despoblacion\/\" rel=\"bookmark\">Las abejas que evitan la despoblaci\u00f3n<\/a><\/strong><\/p>\n<p><strong><a title=\"Una vacuna para las abejas\" href=\"https:\/\/ecoblog.mcp.es\/l4r\/una-vacuna-para-las-abejas\/\" target=\"_blank\" rel=\"noopener\">Una vacuna para las abejas<\/a><\/strong><\/p>\n<p><strong>*Fuente: <\/strong><\/p>\n<p><strong>Ecoinventos<\/strong>: https:\/\/ecoinventos.com\/las-abejas-navegan-con-mayor-precision-de-lo-que-se-creia\/?fbclid=IwdGRzaAQHmJ5jbGNrBAeYjWV4dG4DYWVtAjExAHNydGMGYXBwX2lkDDM1MDY4NTUzMTcyOAABHgmzlZrHnXHOM9tPTiq8OTmi8TKNeZyvMhoKbvLjvvDqJsW04eJp3lF9ctds_aem_ua7Uas1zGD9z1nQEN9FlTA&amp;sfnsn=scwspwa<\/p>\n","protected":false},"excerpt":{"rendered":"<p>Un estudio revela que las abejas mel\u00edferas no vuelan al azar, sino que cada individuo memoriza y repite con sorprendente precisi\u00f3n su propia ruta entre la colmena y la fuente de alimento, incluso en paisajes agr\u00edcolas complejos. Adem\u00e1s, la orientaci\u00f3n es m\u00e1s exacta cuando existen referencias visuales claras, como \u00e1rboles o setos. Esto confirma que la simplificaci\u00f3n agr\u00edcola no solo afecta a la biodiversidad, sino tambi\u00e9n a la eficiencia energ\u00e9tica de los polinizadores. <\/p>\n","protected":false},"author":7,"featured_media":30233,"comment_status":"open","ping_status":"closed","sticky":false,"template":"","format":"standard","meta":{"footnotes":""},"categories":[4],"tags":[8900,10008,3695,10006,10012,392,393,8426,10010,9526,10004],"class_list":["post-30232","post","type-post","status-publish","format-standard","has-post-thumbnail","hentry","category-mundosostenible","tag-abejas-es","tag-andrew-straw","tag-biodiversidad","tag-current-biology","tag-flores","tag-mancomunidad-de-la-comarca-de-pamplona","tag-mcp","tag-miel","tag-monocultivo","tag-polinizadores-es","tag-universidad-de-freiburg"],"aioseo_notices":[],"_links":{"self":[{"href":"https:\/\/ecoblog.mcp.es\/l4r\/wp-json\/wp\/v2\/posts\/30232","targetHints":{"allow":["GET"]}}],"collection":[{"href":"https:\/\/ecoblog.mcp.es\/l4r\/wp-json\/wp\/v2\/posts"}],"about":[{"href":"https:\/\/ecoblog.mcp.es\/l4r\/wp-json\/wp\/v2\/types\/post"}],"author":[{"embeddable":true,"href":"https:\/\/ecoblog.mcp.es\/l4r\/wp-json\/wp\/v2\/users\/7"}],"replies":[{"embeddable":true,"href":"https:\/\/ecoblog.mcp.es\/l4r\/wp-json\/wp\/v2\/comments?post=30232"}],"version-history":[{"count":1,"href":"https:\/\/ecoblog.mcp.es\/l4r\/wp-json\/wp\/v2\/posts\/30232\/revisions"}],"predecessor-version":[{"id":30234,"href":"https:\/\/ecoblog.mcp.es\/l4r\/wp-json\/wp\/v2\/posts\/30232\/revisions\/30234"}],"wp:featuredmedia":[{"embeddable":true,"href":"https:\/\/ecoblog.mcp.es\/l4r\/wp-json\/wp\/v2\/media\/30233"}],"wp:attachment":[{"href":"https:\/\/ecoblog.mcp.es\/l4r\/wp-json\/wp\/v2\/media?parent=30232"}],"wp:term":[{"taxonomy":"category","embeddable":true,"href":"https:\/\/ecoblog.mcp.es\/l4r\/wp-json\/wp\/v2\/categories?post=30232"},{"taxonomy":"post_tag","embeddable":true,"href":"https:\/\/ecoblog.mcp.es\/l4r\/wp-json\/wp\/v2\/tags?post=30232"}],"curies":[{"name":"wp","href":"https:\/\/api.w.org\/{rel}","templated":true}]}}