{"id":30270,"date":"2026-04-27T08:00:23","date_gmt":"2026-04-27T06:00:23","guid":{"rendered":"https:\/\/ecoblog.mcp.es\/l4r\/?p=30270"},"modified":"2026-04-20T11:40:16","modified_gmt":"2026-04-20T09:40:16","slug":"reto-atraer-a-jovenes-al-sector-primario","status":"publish","type":"post","link":"https:\/\/ecoblog.mcp.es\/l4r\/reto-atraer-a-jovenes-al-sector-primario\/","title":{"rendered":"Reto: atraer a j\u00f3venes al sector primario"},"content":{"rendered":"<p>*Foto portada: Manuel Castells<\/p>\n<p>Tractoradas contra Mercosur, falta de relevo generacional en el sector primario, s\u00edndrome de d\u00e9ficit de la naturaleza, ecoansiedad, universidad y necesidad de tema para un TFG (Trabajo Fin de Grado). Si metemos todos estos ingredientes en una coctelera nos da como resultado <a href=\"https:\/\/landarimedia-ntqdm.wordpress.com\/\" target=\"_blank\" rel=\"noopener\"><strong>\u201cLandari\u201d<\/strong><\/a>, un proyecto digital que trata de despertar inter\u00e9s en j\u00f3venes que, por falta de vinculaci\u00f3n familiar o geogr\u00e1fica, no est\u00e1n expresamente implicados en el sector primario, pero que podr\u00edan estar interesados en \u00e9l desde el punto de vista laboral.<\/p>\n<img loading=\"lazy\" decoding=\"async\" class=\"aligncenter wp-image-30271 size-full\" src=\"https:\/\/ecoblog.mcp.es\/l4r\/wp-content\/uploads\/2026\/04\/Landarilogo.jpg\" alt=\"\" width=\"150\" height=\"150\" srcset=\"https:\/\/ecoblog.mcp.es\/l4r\/wp-content\/uploads\/2026\/04\/Landarilogo.jpg 150w, https:\/\/ecoblog.mcp.es\/l4r\/wp-content\/uploads\/2026\/04\/Landarilogo-125x125.jpg 125w\" sizes=\"auto, (max-width: 150px) 100vw, 150px\" \/>\n<p><strong>Marta S\u00e1nchez Garrido<\/strong>, una de las 12 integrantes del grupo, confiesa que \u201cpersonalmente, es un tema que a m\u00ed me toca y que disfruto. El campo no es solo el producto, es la disciplina y el compromiso de los agricultores, ganaderos, pescadores, porque aqu\u00ed no hay vacaciones; es la tradici\u00f3n familiar y los valores que se heredan, la comunidad que se crea\u201d.<\/p>\n<p>Seg\u00fan datos del Ministerio de Agricultura, Pesca y Alimentaci\u00f3n, del a\u00f1o 2024, el sector primario genera 680.200 puestos de trabajo a tiempo completo, lo que corresponde el 3,4% del empleo total del pa\u00eds.<\/p>\n<p>\u201cSin embargo, en los medios de comunicaci\u00f3n abundan sus quejas y enfoques negativos (tractoradas, huelgas, manifestaciones\u2026). Por eso nuestra prioridad era intentar cambiar esa mirada y reflejar que son oficios llevados con orgullo y dignidad. Nos quisimos alejar de los estereotipos marcados y centrarnos en las historias humanas. Quer\u00edamos acercar el primer sector a los j\u00f3venes con rostros, nombres y apellidos, y que fuesen ellos quienes contasen c\u00f3mo es incorporarse al sector y vivir de ello\u201d. -comenta <strong>Haizea Mart\u00ednez de San Vicente Mor\u00e1n<\/strong>, otra de las integrantes del grupo.<\/p>\n<p>\u201cQueremos construir puentes e intentar encontrar una soluci\u00f3n a uno de los grandes problemas que sufre el sector: la falta de relevo generacional\u201d, le apoya Marta.<\/p>\n<p>Para ello han realizado una serie de v\u00eddeo-reportajes de 15 minutos en<strong> <a href=\"https:\/\/eur04.safelinks.protection.outlook.com\/?url=https%3A%2F%2Fwww.youtube.com%2F%40Landarimedia&amp;data=05%7C02%7Cbakarne.atxukarro%40mcp.es%7Cd889243e4df4486ba3d208de9a13e493%7Cd27b17a20d1942569cfee284c37d669a%7C0%7C0%7C639117608177534308%7CUnknown%7CTWFpbGZsb3d8eyJFbXB0eU1hcGkiOnRydWUsIlYiOiIwLjAuMDAwMCIsIlAiOiJXaW4zMiIsIkFOIjoiTWFpbCIsIldUIjoyfQ%3D%3D%7C80000%7C%7C%7C&amp;sdata=17Sqs5q57lqwHomdWmHnyRLfcYqdEaDAuNdlLiOxmWw%3D&amp;reserved=0\">YouTube<\/a><\/strong>, donde cuentan historias de personas j\u00f3venes que han decidido seguir o adentrarse en el sector primario. En ellos se abordan temas como el relevo, la vida del protagonista, sus estudios, la importancia de estos y si cambiar\u00eda su trabajo actual por otro con un turno fijo.<\/p>\n<p>Adem\u00e1s \u201cLandari\u201d cuenta con contenido aut\u00f3nomo en otras <strong><a href=\"https:\/\/eur04.safelinks.protection.outlook.com\/?url=https%3A%2F%2Flinktr.ee%2Flandari_media&amp;data=05%7C02%7Cbakarne.atxukarro%40mcp.es%7Cd889243e4df4486ba3d208de9a13e493%7Cd27b17a20d1942569cfee284c37d669a%7C0%7C0%7C639117608177564569%7CUnknown%7CTWFpbGZsb3d8eyJFbXB0eU1hcGkiOnRydWUsIlYiOiIwLjAuMDAwMCIsIlAiOiJXaW4zMiIsIkFOIjoiTWFpbCIsIldUIjoyfQ%3D%3D%7C80000%7C%7C%7C&amp;sdata=tvBOxPtn6dU4BWAWFjMn2puUuqJJiPqZN0AroS0JLMY%3D&amp;reserved=0\">RRSS<\/a><\/strong>:\u00a0(Instagram, TikTok\u00a0y YouTube Shorts). \u201cNo hay que olvidar que las redes sociales son la fuente principal de informaci\u00f3n para el 38% de los j\u00f3venes y la preferida para el 28%, seg\u00fan el Digital News Report 2025. Seg\u00fan este informe, cerca del 80% de las personas entre 18 y 44 a\u00f1os consume v\u00eddeo informativo online. As\u00ed que si quer\u00edamos llegar a un p\u00fablico amplio y a una franja concreta de edad, ten\u00edamos que utilizar estos canales\u201d, explica <strong>Juan Balenciaga Mar\u00edn<\/strong>, director del grupo de TFG.<\/p>\n<p>La investigaci\u00f3n y entrevistas para definir el proyecto les ha permitido ver c\u00f3mo la innovaci\u00f3n es un papel clave en el sector y c\u00f3mo esta se desarrolla y prueba m\u00e1s que en otros sectores, seg\u00fan varias asociaciones agrarias navarras. \u201cLa innovaci\u00f3n nos ha permitido demostrar que el sector tiene muchas y diferentes profesiones que cada vez necesitan ser m\u00e1s especializadas para que sea rentable. Y esto refleja que se abre un abanico de oficios inmenso para preservar un trabajo tan importante que da de comer a todos los seres humanos\u201d, insiste Juan.<\/p>\n<p>Haizea, por su parte, subraya que \u201crealizando una radiograf\u00eda del sector, antes de comenzar a grabar, nos llam\u00f3 la atenci\u00f3n el n\u00famero de diferentes puestos de trabajos que exist\u00edan dentro de la actividad agraria (m\u00e1s de 40). Tambi\u00e9n que muchas personas de las que se incorporan al sector provienen de la carrera de ADE (Administraci\u00f3n y Direcci\u00f3n de Empresas). Eso, entre otras cosas, era algo que desconoc\u00edamos totalmente\u201d.<\/p>\n<p>Las realidades respecto al mundo rural de las que part\u00edan todos los miembros del grupo eran totalmente distintas, \u201cpero todos nos sorprendimos con la disposici\u00f3n de los protagonistas para participar y contar su historia, su d\u00eda a d\u00eda y mostrar su trabajo\u201d, recuerda Haizea.<\/p>\n<p>Marta a\u00f1ade que \u201cqueremos conectar realidades que, a priori, est\u00e1n muy alejadas: los j\u00f3venes y el campo. Y es que en el campo cabe todo el mundo. Se necesitan ingenieros, economistas, mineros, bi\u00f3logos e infinidad de profesiones m\u00e1s que, de primeras, uno no se imagina que tienen cabida\u201d.<\/p>\n<p>Est\u00e1 claro que el medio rural despierta inter\u00e9s entre la gente joven. No hay duda de que el campo se est\u00e1 convirtiendo en una alternativa laboral para muchas personas que quieren salir de las cuatro paredes y vivir en contacto directo con la naturaleza. Y evidentemente, Landari es una herramienta creada en un entorno \u00a0joven y universitario que puede servir de puente para descubrir que vivir de manera sostenible y en equilibrio con el entorno es una realidad al alcance de quien lo desee.<\/p>\n<p><strong>*Miembros del grupo.<\/strong><\/p>\n<ol>\n<li>Marta Sanchez Garrido<\/li>\n<li>Luc\u00eda Sedano Herreros<\/li>\n<li>Nahiara Lapeire Munarriz<\/li>\n<li>Iker Canosa Garcia<\/li>\n<li>Juan Balenciaga Mar\u00edn<\/li>\n<li>Haizea mart\u00ednez de San Vicente Mor\u00e1n<\/li>\n<li>Camila Chavez Vaca Diez<\/li>\n<li>Virginia Gil-Nogues\u00a0Garcia-Monje<\/li>\n<li>Cecilia Perez Gomez<\/li>\n<li>Xabier Ardaiz Oneca<\/li>\n<li>Sofia Marcela Pereira<\/li>\n<li>Veronica Sastre Larumbe<\/li>\n<\/ol>\n<p>Si quieres conocer otras actividades de j\u00f3venes en cuanto a sostenibilidad:<\/p>\n<p class=\"search-title entry-title\"><strong><a title=\"J\u00f3venes que luchan por un mejor planeta\" href=\"https:\/\/ecoblog.mcp.es\/l4r\/jovenes-que-luchan-por-un-mejor-planeta\/\" target=\"_blank\" rel=\"noopener\">J\u00f3venes que luchan por un mejor planeta<\/a><\/strong><\/p>\n<p class=\"search-title entry-title\"><strong><a title=\"\u201cEs urgente mantener el equilibrio de la naturaleza y la biodiversidad del r\u00edo\u201d\" href=\"https:\/\/ecoblog.mcp.es\/l4r\/es-urgente-mantener-el-equilibrio-de-la-naturaleza-y-la-biodiversidad-del-rio\/\" target=\"_blank\" rel=\"noopener\">\u201cEs urgente mantener el equilibrio de la naturaleza y la biodiversidad del r\u00edo\u201d<\/a><\/strong><\/p>\n<p class=\"search-title entry-title\"><strong><a title=\"Cuando la ecoansiedad impera entre la gente joven\" href=\"https:\/\/ecoblog.mcp.es\/l4r\/cuando-la-ecoansiedad-impera-entre-la-gente-joven\/\" target=\"_blank\" rel=\"noopener\">Cuando la ecoansiedad impera entre la gente joven<\/a><\/strong><\/p>\n<p class=\"search-title entry-title\"><strong><a title=\"Sarri for Future: Sembrando un futuro sostenible en el instituto\" href=\"https:\/\/ecoblog.mcp.es\/l4r\/sarri-for-future-sembrando-un-futuro-sostenible-en-el-instituto\/\" target=\"_blank\" rel=\"noopener\">Sarri for Future: Sembrando un futuro sostenible en el instituto<\/a><\/strong><\/p>\n","protected":false},"excerpt":{"rendered":"<p>Seg\u00fan datos del ministerio, el sector primario genera 680.200 puestos de trabajo, un 3,4% del total de empleo. Las redes sociales son la fuente principal de informaci\u00f3n para el 38% de los j\u00f3venes y la preferida para el 28%, seg\u00fan el Digital News Report 2025. Uniendo estas dos realidades, un grupo de estudiantes de la Universidad de Navarra ha desarrollado un proyecto digital para acercar a \u201curbanitas\u201d al medio natural y \u201ccontribuir a cambiar su mirada respecto al primer sector\u201d.<\/p>\n","protected":false},"author":7,"featured_media":30272,"comment_status":"open","ping_status":"closed","sticky":false,"template":"","format":"standard","meta":{"footnotes":""},"categories":[4],"tags":[9120,10116,2582,10120,9122,10122,10112,392,393,2602,94,10118,10114,10110,1965],"class_list":["post-30270","post","type-post","status-publish","format-standard","has-post-thumbnail","hentry","category-mundosostenible","tag-agricultura-es","tag-campo","tag-concienciacion-es","tag-estudiantes","tag-ganaderia-es","tag-jovenes","tag-landari","tag-mancomunidad-de-la-comarca-de-pamplona","tag-mcp","tag-medioambiente-es","tag-navarra","tag-pesca","tag-primer-sector","tag-unav","tag-universidad-de-navarra"],"aioseo_notices":[],"_links":{"self":[{"href":"https:\/\/ecoblog.mcp.es\/l4r\/wp-json\/wp\/v2\/posts\/30270","targetHints":{"allow":["GET"]}}],"collection":[{"href":"https:\/\/ecoblog.mcp.es\/l4r\/wp-json\/wp\/v2\/posts"}],"about":[{"href":"https:\/\/ecoblog.mcp.es\/l4r\/wp-json\/wp\/v2\/types\/post"}],"author":[{"embeddable":true,"href":"https:\/\/ecoblog.mcp.es\/l4r\/wp-json\/wp\/v2\/users\/7"}],"replies":[{"embeddable":true,"href":"https:\/\/ecoblog.mcp.es\/l4r\/wp-json\/wp\/v2\/comments?post=30270"}],"version-history":[{"count":1,"href":"https:\/\/ecoblog.mcp.es\/l4r\/wp-json\/wp\/v2\/posts\/30270\/revisions"}],"predecessor-version":[{"id":30273,"href":"https:\/\/ecoblog.mcp.es\/l4r\/wp-json\/wp\/v2\/posts\/30270\/revisions\/30273"}],"wp:featuredmedia":[{"embeddable":true,"href":"https:\/\/ecoblog.mcp.es\/l4r\/wp-json\/wp\/v2\/media\/30272"}],"wp:attachment":[{"href":"https:\/\/ecoblog.mcp.es\/l4r\/wp-json\/wp\/v2\/media?parent=30270"}],"wp:term":[{"taxonomy":"category","embeddable":true,"href":"https:\/\/ecoblog.mcp.es\/l4r\/wp-json\/wp\/v2\/categories?post=30270"},{"taxonomy":"post_tag","embeddable":true,"href":"https:\/\/ecoblog.mcp.es\/l4r\/wp-json\/wp\/v2\/tags?post=30270"}],"curies":[{"name":"wp","href":"https:\/\/api.w.org\/{rel}","templated":true}]}}