{"id":30336,"date":"2026-08-31T08:00:50","date_gmt":"2026-08-31T06:00:50","guid":{"rendered":"https:\/\/ecoblog.mcp.es\/l4r\/?p=30336"},"modified":"2026-08-24T12:10:57","modified_gmt":"2026-08-24T10:10:57","slug":"nueva-normativa-europea-sobre-envases","status":"publish","type":"post","link":"https:\/\/ecoblog.mcp.es\/l4r\/nueva-normativa-europea-sobre-envases\/","title":{"rendered":"Nueva normativa europea sobre envases"},"content":{"rendered":"<p>Abrimos una caja que acaba de llegar a casa. Dentro encontramos papel arrugado, varias bolsas de aire, una segunda caja m\u00e1s peque\u00f1a y, por fin, el producto. \u00bfEra necesario tanto envoltorio? \u00bfY qu\u00e9 ocurre con todos esos materiales despu\u00e9s de unos pocos minutos de uso?<\/p>\n<p>Preguntas como estas est\u00e1n detr\u00e1s del <a href=\"https:\/\/eur-lex.europa.eu\/ES\/legal-content\/summary\/packaging-and-packaging-waste-from-2026.html\">Reglamento (UE) 2025\/40<\/a> sobre los envases y residuos de envases, que comenz\u00f3 a aplicarse, con car\u00e1cter general, el 12 de agosto de 2026. La norma cambia el enfoque que Europa hab\u00eda mantenido hasta ahora: ya no se trata \u00fanicamente de recoger y reciclar mejor los envases, sino de reducir los residuos.<\/p>\n<p>Porque es cierto que los envases protegen los productos, facilitan su transporte y pueden evitar que los alimentos se estropeen. Pero su presencia se ha multiplicado hasta convertirse en uno de los principales flujos de residuos de Europa.<\/p>\n<p>Aproximadamente el 40 % del pl\u00e1stico y la mitad del papel utilizado en la Uni\u00f3n Europea se destinan a fabricar envases, que representan alrededor del 36 % de los residuos s\u00f3lidos urbanos. Es decir, reducirlos puede tener un efecto importante sobre el consumo de materias primas, el transporte, las emisiones y la cantidad de basura que debe gestionarse.<\/p>\n<p>Hasta ahora, la legislaci\u00f3n europea sobre envases se articulaba principalmente mediante una directiva que cada Estado deb\u00eda trasladar a su propia normativa. Sin embargo, el nuevo texto, con car\u00e1cter de reglamento, resulta directamente aplicable en todos los pa\u00edses de la Uni\u00f3n.<\/p>\n<p>Eso no significa que todos los cambios hayan aparecido de golpe el 12 de agosto de 2026. La norma establece un calendario progresivo con obligaciones que entrar\u00e1n en funcionamiento en 2027, 2028, 2029, 2030 y a\u00f1os posteriores. Tambi\u00e9n habr\u00e1 actos t\u00e9cnicos de la Comisi\u00f3n Europea que concretar\u00e1n algunos m\u00e9todos de c\u00e1lculo, etiquetas y criterios de reciclabilidad.<\/p>\n<p>Los Estados deber\u00e1n disminuir la cantidad de residuos de envases generados por habitante, tomando como referencia 2018: al menos un 5 % para 2030, un 10 % para 2035 y un 15 % para 2040. Para conseguirlo, no bastar\u00e1 con pedir a la ciudadan\u00eda que consuma de otra manera. Los fabricantes tendr\u00e1n que reducir el peso y el volumen de los envases al m\u00ednimo necesario para que sigan cumpliendo su funci\u00f3n.<\/p>\n<p>Para determinados envases colectivos, de transporte y de comercio electr\u00f3nico, la proporci\u00f3n de espacio vac\u00edo no podr\u00e1 superar el 50 %, una obligaci\u00f3n que empezar\u00e1 a aplicarse a partir de 2030, una vez se hayan aprobado las reglas t\u00e9cnicas correspondientes. Las almohadillas de aire, el pl\u00e1stico de burbujas o los rellenos de papel se computar\u00e1n como espacio vac\u00edo.<\/p>\n<p>El objetivo final puede resumirse en una idea sencilla: que en Europa circulen menos envases, que contengan menos material virgen y que, una vez utilizados, puedan reutilizarse o reciclarse de verdad.<\/p>\n<p>Si quieres conocer m\u00e1s sobre otras normativas europeas:<\/p>\n<p class=\"search-title entry-title\"><a title=\"Cambios en la legislaci\u00f3n europea para combatir el greenwashing\" href=\"https:\/\/ecoblog.mcp.es\/l4r\/cambios-en-la-legislacion-europea-para-combatir-el-greenwashing\/\" rel=\"bookmark\"><strong>Cambios en la legislaci\u00f3n europea para combatir el greenwashing<\/strong><\/a><\/p>\n<p><strong>Fuentes oficiales consultadas:<\/strong> Reglamento (UE) 2025\/40, informaci\u00f3n de la Comisi\u00f3n Europea y resumen jur\u00eddico de EUR-Lex.<\/p>\n","protected":false},"excerpt":{"rendered":"<p>El nuevo Reglamento (UE) 2025\/40 sobre los envases y residuos de envases, comenz\u00f3 a aplicarse, con car\u00e1cter general, el 12 de agosto de 2026. La norma cambia el enfoque que Europa hab\u00eda mantenido hasta ahora: ya no se trata de recoger y reciclar mejor los envases, sino de reducir los residuos. <\/p>\n","protected":false},"author":7,"featured_media":30337,"comment_status":"open","ping_status":"closed","sticky":false,"template":"","format":"standard","meta":{"footnotes":""},"categories":[2305],"tags":[1573,2828,392,393,10260,35,10258,8],"class_list":["post-30336","post","type-post","status-publish","format-standard","has-post-thumbnail","hentry","category-residuos4r","tag-economia-circular","tag-europa-es","tag-mancomunidad-de-la-comarca-de-pamplona","tag-mcp","tag-normativa","tag-normativa-europea-residuos","tag-reglamento-europeo","tag-residuos"],"aioseo_notices":[],"aioseo_head":"\n\t\t<!-- All in One SEO 5.0.1.1 - aioseo.com -->\n\t<meta name=\"description\" content=\"El nuevo Reglamento (UE) 2025\/40 sobre los envases y residuos de envases, comenz\u00f3 a aplicarse, con car\u00e1cter general, el 12 de agosto de 2026.\" \/>\n\t<meta name=\"robots\" content=\"max-image-preview:large\" \/>\n\t<meta name=\"author\" content=\"Bakarne Atxukarro\"\/>\n\t<meta name=\"keywords\" content=\"econom\u00eda circular,europa,mancomunidad de la comarca de pamplona,mcp,normativa,normativa europea residuos,reglamento europeo,residuos\" \/>\n\t<link rel=\"canonical\" href=\"https:\/\/ecoblog.mcp.es\/l4r\/nueva-normativa-europea-sobre-envases\/\" \/>\n\t<meta name=\"generator\" content=\"All in One SEO (AIOSEO) 5.0.1.1\" \/>\n\t\t<meta property=\"og:locale\" content=\"es_ES\" \/>\n\t\t<meta property=\"og:site_name\" content=\"ecoblog mcp | Ecoblog de la MCP\" \/>\n\t\t<meta property=\"og:type\" content=\"article\" \/>\n\t\t<meta property=\"og:title\" content=\"Nueva normativa europea sobre envases | ecoblog mcp\" \/>\n\t\t<meta property=\"og:description\" content=\"El nuevo Reglamento (UE) 2025\/40 sobre los envases y residuos de envases, comenz\u00f3 a aplicarse, con car\u00e1cter general, el 12 de agosto de 2026.\" \/>\n\t\t<meta property=\"og:url\" content=\"https:\/\/ecoblog.mcp.es\/l4r\/nueva-normativa-europea-sobre-envases\/\" \/>\n\t\t<meta property=\"article:published_time\" content=\"2026-08-31T06:00:50+00:00\" \/>\n\t\t<meta property=\"article:modified_time\" content=\"2026-08-24T10:10:57+00:00\" \/>\n\t\t<meta name=\"twitter:card\" content=\"summary\" \/>\n\t\t<meta name=\"twitter:title\" content=\"Nueva normativa europea sobre envases | ecoblog mcp\" \/>\n\t\t<meta name=\"twitter:description\" content=\"El nuevo Reglamento (UE) 2025\/40 sobre los envases y residuos de envases, comenz\u00f3 a aplicarse, con car\u00e1cter general, el 12 de agosto de 2026.\" \/>\n\t\t<script type=\"application\/ld+json\" class=\"aioseo-schema\">\n\t\t\t{\"@context\":\"https:\\\/\\\/schema.org\",\"@graph\":[{\"@type\":\"Article\",\"@id\":\"https:\\\/\\\/ecoblog.mcp.es\\\/l4r\\\/nueva-normativa-europea-sobre-envases\\\/#article\",\"name\":\"Nueva normativa europea sobre envases | ecoblog mcp\",\"headline\":\"Nueva normativa europea sobre envases\",\"author\":{\"@id\":\"https:\\\/\\\/ecoblog.mcp.es\\\/l4r\\\/author\\\/bakarne-atxukarro\\\/#author\"},\"publisher\":{\"@id\":\"https:\\\/\\\/ecoblog.mcp.es\\\/l4r\\\/#organization\"},\"image\":{\"@type\":\"ImageObject\",\"url\":\"https:\\\/\\\/ecoblog.mcp.es\\\/l4r\\\/wp-content\\\/uploads\\\/2026\\\/08\\\/portada_reglamento-residuos.jpg\",\"width\":1024,\"height\":768},\"datePublished\":\"2026-08-31T08:00:50+02:00\",\"dateModified\":\"2026-08-24T12:10:57+02:00\",\"inLanguage\":\"es-ES\",\"mainEntityOfPage\":{\"@id\":\"https:\\\/\\\/ecoblog.mcp.es\\\/l4r\\\/nueva-normativa-europea-sobre-envases\\\/#webpage\"},\"isPartOf\":{\"@id\":\"https:\\\/\\\/ecoblog.mcp.es\\\/l4r\\\/nueva-normativa-europea-sobre-envases\\\/#webpage\"},\"articleSection\":\"residuos 4r, econom\\u00eda circular, Europa, Mancomunidad de la Comarca de Pamplona, MCP, normativa, normativa europea residuos, reglamento europeo, Residuos, Espa\\u00f1ol\"},{\"@type\":\"BreadcrumbList\",\"@id\":\"https:\\\/\\\/ecoblog.mcp.es\\\/l4r\\\/nueva-normativa-europea-sobre-envases\\\/#breadcrumblist\",\"itemListElement\":[{\"@type\":\"ListItem\",\"@id\":\"https:\\\/\\\/ecoblog.mcp.es\\\/l4r#listItem\",\"position\":1,\"name\":\"Inicio\",\"item\":\"https:\\\/\\\/ecoblog.mcp.es\\\/l4r\",\"nextItem\":{\"@type\":\"ListItem\",\"@id\":\"https:\\\/\\\/ecoblog.mcp.es\\\/l4r\\\/category\\\/residuos4r\\\/#listItem\",\"name\":\"residuos 4r\"}},{\"@type\":\"ListItem\",\"@id\":\"https:\\\/\\\/ecoblog.mcp.es\\\/l4r\\\/category\\\/residuos4r\\\/#listItem\",\"position\":2,\"name\":\"residuos 4r\",\"item\":\"https:\\\/\\\/ecoblog.mcp.es\\\/l4r\\\/category\\\/residuos4r\\\/\",\"nextItem\":{\"@type\":\"ListItem\",\"@id\":\"https:\\\/\\\/ecoblog.mcp.es\\\/l4r\\\/nueva-normativa-europea-sobre-envases\\\/#listItem\",\"name\":\"Nueva normativa europea sobre envases\"},\"previousItem\":{\"@type\":\"ListItem\",\"@id\":\"https:\\\/\\\/ecoblog.mcp.es\\\/l4r#listItem\",\"name\":\"Inicio\"}},{\"@type\":\"ListItem\",\"@id\":\"https:\\\/\\\/ecoblog.mcp.es\\\/l4r\\\/nueva-normativa-europea-sobre-envases\\\/#listItem\",\"position\":3,\"name\":\"Nueva normativa europea sobre envases\",\"previousItem\":{\"@type\":\"ListItem\",\"@id\":\"https:\\\/\\\/ecoblog.mcp.es\\\/l4r\\\/category\\\/residuos4r\\\/#listItem\",\"name\":\"residuos 4r\"}}]},{\"@type\":\"Organization\",\"@id\":\"https:\\\/\\\/ecoblog.mcp.es\\\/l4r\\\/#organization\",\"name\":\"Mancomunidad de la Comarca de Pamplona\",\"description\":\"Ecoblog de la MCP\",\"url\":\"https:\\\/\\\/ecoblog.mcp.es\\\/l4r\\\/\"},{\"@type\":\"Person\",\"@id\":\"https:\\\/\\\/ecoblog.mcp.es\\\/l4r\\\/author\\\/bakarne-atxukarro\\\/#author\",\"url\":\"https:\\\/\\\/ecoblog.mcp.es\\\/l4r\\\/author\\\/bakarne-atxukarro\\\/\",\"name\":\"Bakarne Atxukarro\",\"image\":{\"@type\":\"ImageObject\",\"@id\":\"https:\\\/\\\/ecoblog.mcp.es\\\/l4r\\\/nueva-normativa-europea-sobre-envases\\\/#authorImage\",\"url\":\"https:\\\/\\\/secure.gravatar.com\\\/avatar\\\/f4b9403bd31cf157ab65a3e3b205fc6cfc87b0cd33c7691326d5ae2d59f4c2ae?s=96&d=mm&r=g\",\"width\":96,\"height\":96,\"caption\":\"Bakarne Atxukarro\"}},{\"@type\":\"WebPage\",\"@id\":\"https:\\\/\\\/ecoblog.mcp.es\\\/l4r\\\/nueva-normativa-europea-sobre-envases\\\/#webpage\",\"url\":\"https:\\\/\\\/ecoblog.mcp.es\\\/l4r\\\/nueva-normativa-europea-sobre-envases\\\/\",\"name\":\"Nueva normativa europea sobre envases | ecoblog mcp\",\"description\":\"El nuevo Reglamento (UE) 2025\\\/40 sobre los envases y residuos de envases, comenz\\u00f3 a aplicarse, con car\\u00e1cter general, el 12 de agosto de 2026.\",\"inLanguage\":\"es-ES\",\"isPartOf\":{\"@id\":\"https:\\\/\\\/ecoblog.mcp.es\\\/l4r\\\/#website\"},\"breadcrumb\":{\"@id\":\"https:\\\/\\\/ecoblog.mcp.es\\\/l4r\\\/nueva-normativa-europea-sobre-envases\\\/#breadcrumblist\"},\"author\":{\"@id\":\"https:\\\/\\\/ecoblog.mcp.es\\\/l4r\\\/author\\\/bakarne-atxukarro\\\/#author\"},\"creator\":{\"@id\":\"https:\\\/\\\/ecoblog.mcp.es\\\/l4r\\\/author\\\/bakarne-atxukarro\\\/#author\"},\"image\":{\"@type\":\"ImageObject\",\"url\":\"https:\\\/\\\/ecoblog.mcp.es\\\/l4r\\\/wp-content\\\/uploads\\\/2026\\\/08\\\/portada_reglamento-residuos.jpg\",\"@id\":\"https:\\\/\\\/ecoblog.mcp.es\\\/l4r\\\/nueva-normativa-europea-sobre-envases\\\/#mainImage\",\"width\":1024,\"height\":768},\"primaryImageOfPage\":{\"@id\":\"https:\\\/\\\/ecoblog.mcp.es\\\/l4r\\\/nueva-normativa-europea-sobre-envases\\\/#mainImage\"},\"datePublished\":\"2026-08-31T08:00:50+02:00\",\"dateModified\":\"2026-08-24T12:10:57+02:00\"},{\"@type\":\"WebSite\",\"@id\":\"https:\\\/\\\/ecoblog.mcp.es\\\/l4r\\\/#website\",\"url\":\"https:\\\/\\\/ecoblog.mcp.es\\\/l4r\\\/\",\"name\":\"ecoblog mcp\",\"alternateName\":\"ecoblog mcp\",\"description\":\"Ecoblog de la MCP\",\"inLanguage\":\"es-ES\",\"publisher\":{\"@id\":\"https:\\\/\\\/ecoblog.mcp.es\\\/l4r\\\/#organization\"}}]}\n\t\t<\/script>\n\t\t<!-- All in One SEO -->\n\n","aioseo_head_json":{"title":"Nueva normativa europea sobre envases | ecoblog mcp","description":"El nuevo Reglamento (UE) 2025\/40 sobre los envases y residuos de envases, comenz\u00f3 a aplicarse, con car\u00e1cter general, el 12 de agosto de 2026.","canonical_url":"https:\/\/ecoblog.mcp.es\/l4r\/nueva-normativa-europea-sobre-envases\/","robots":"max-image-preview:large","keywords":"econom\u00eda circular,europa,mancomunidad de la comarca de pamplona,mcp,normativa,normativa europea residuos,reglamento europeo,residuos","webmasterTools":{"miscellaneous":""},"schema":{"@context":"https:\/\/schema.org","@graph":[{"@type":"Article","@id":"https:\/\/ecoblog.mcp.es\/l4r\/nueva-normativa-europea-sobre-envases\/#article","name":"Nueva normativa europea sobre envases | ecoblog mcp","headline":"Nueva normativa europea sobre envases","author":{"@id":"https:\/\/ecoblog.mcp.es\/l4r\/author\/bakarne-atxukarro\/#author"},"publisher":{"@id":"https:\/\/ecoblog.mcp.es\/l4r\/#organization"},"image":{"@type":"ImageObject","url":"https:\/\/ecoblog.mcp.es\/l4r\/wp-content\/uploads\/2026\/08\/portada_reglamento-residuos.jpg","width":1024,"height":768},"datePublished":"2026-08-31T08:00:50+02:00","dateModified":"2026-08-24T12:10:57+02:00","inLanguage":"es-ES","mainEntityOfPage":{"@id":"https:\/\/ecoblog.mcp.es\/l4r\/nueva-normativa-europea-sobre-envases\/#webpage"},"isPartOf":{"@id":"https:\/\/ecoblog.mcp.es\/l4r\/nueva-normativa-europea-sobre-envases\/#webpage"},"articleSection":"residuos 4r, econom\u00eda circular, Europa, Mancomunidad de la Comarca de Pamplona, MCP, normativa, normativa europea residuos, reglamento europeo, Residuos, Espa\u00f1ol"},{"@type":"BreadcrumbList","@id":"https:\/\/ecoblog.mcp.es\/l4r\/nueva-normativa-europea-sobre-envases\/#breadcrumblist","itemListElement":[{"@type":"ListItem","@id":"https:\/\/ecoblog.mcp.es\/l4r#listItem","position":1,"name":"Inicio","item":"https:\/\/ecoblog.mcp.es\/l4r","nextItem":{"@type":"ListItem","@id":"https:\/\/ecoblog.mcp.es\/l4r\/category\/residuos4r\/#listItem","name":"residuos 4r"}},{"@type":"ListItem","@id":"https:\/\/ecoblog.mcp.es\/l4r\/category\/residuos4r\/#listItem","position":2,"name":"residuos 4r","item":"https:\/\/ecoblog.mcp.es\/l4r\/category\/residuos4r\/","nextItem":{"@type":"ListItem","@id":"https:\/\/ecoblog.mcp.es\/l4r\/nueva-normativa-europea-sobre-envases\/#listItem","name":"Nueva normativa europea sobre envases"},"previousItem":{"@type":"ListItem","@id":"https:\/\/ecoblog.mcp.es\/l4r#listItem","name":"Inicio"}},{"@type":"ListItem","@id":"https:\/\/ecoblog.mcp.es\/l4r\/nueva-normativa-europea-sobre-envases\/#listItem","position":3,"name":"Nueva normativa europea sobre envases","previousItem":{"@type":"ListItem","@id":"https:\/\/ecoblog.mcp.es\/l4r\/category\/residuos4r\/#listItem","name":"residuos 4r"}}]},{"@type":"Organization","@id":"https:\/\/ecoblog.mcp.es\/l4r\/#organization","name":"Mancomunidad de la Comarca de Pamplona","description":"Ecoblog de la MCP","url":"https:\/\/ecoblog.mcp.es\/l4r\/"},{"@type":"Person","@id":"https:\/\/ecoblog.mcp.es\/l4r\/author\/bakarne-atxukarro\/#author","url":"https:\/\/ecoblog.mcp.es\/l4r\/author\/bakarne-atxukarro\/","name":"Bakarne Atxukarro","image":{"@type":"ImageObject","@id":"https:\/\/ecoblog.mcp.es\/l4r\/nueva-normativa-europea-sobre-envases\/#authorImage","url":"https:\/\/secure.gravatar.com\/avatar\/f4b9403bd31cf157ab65a3e3b205fc6cfc87b0cd33c7691326d5ae2d59f4c2ae?s=96&d=mm&r=g","width":96,"height":96,"caption":"Bakarne Atxukarro"}},{"@type":"WebPage","@id":"https:\/\/ecoblog.mcp.es\/l4r\/nueva-normativa-europea-sobre-envases\/#webpage","url":"https:\/\/ecoblog.mcp.es\/l4r\/nueva-normativa-europea-sobre-envases\/","name":"Nueva normativa europea sobre envases | ecoblog mcp","description":"El nuevo Reglamento (UE) 2025\/40 sobre los envases y residuos de envases, comenz\u00f3 a aplicarse, con car\u00e1cter general, el 12 de agosto de 2026.","inLanguage":"es-ES","isPartOf":{"@id":"https:\/\/ecoblog.mcp.es\/l4r\/#website"},"breadcrumb":{"@id":"https:\/\/ecoblog.mcp.es\/l4r\/nueva-normativa-europea-sobre-envases\/#breadcrumblist"},"author":{"@id":"https:\/\/ecoblog.mcp.es\/l4r\/author\/bakarne-atxukarro\/#author"},"creator":{"@id":"https:\/\/ecoblog.mcp.es\/l4r\/author\/bakarne-atxukarro\/#author"},"image":{"@type":"ImageObject","url":"https:\/\/ecoblog.mcp.es\/l4r\/wp-content\/uploads\/2026\/08\/portada_reglamento-residuos.jpg","@id":"https:\/\/ecoblog.mcp.es\/l4r\/nueva-normativa-europea-sobre-envases\/#mainImage","width":1024,"height":768},"primaryImageOfPage":{"@id":"https:\/\/ecoblog.mcp.es\/l4r\/nueva-normativa-europea-sobre-envases\/#mainImage"},"datePublished":"2026-08-31T08:00:50+02:00","dateModified":"2026-08-24T12:10:57+02:00"},{"@type":"WebSite","@id":"https:\/\/ecoblog.mcp.es\/l4r\/#website","url":"https:\/\/ecoblog.mcp.es\/l4r\/","name":"ecoblog mcp","alternateName":"ecoblog mcp","description":"Ecoblog de la MCP","inLanguage":"es-ES","publisher":{"@id":"https:\/\/ecoblog.mcp.es\/l4r\/#organization"}}]},"og:locale":"es_ES","og:site_name":"ecoblog mcp | Ecoblog de la MCP","og:type":"article","og:title":"Nueva normativa europea sobre envases | ecoblog mcp","og:description":"El nuevo Reglamento (UE) 2025\/40 sobre los envases y residuos de envases, comenz\u00f3 a aplicarse, con car\u00e1cter general, el 12 de agosto de 2026.","og:url":"https:\/\/ecoblog.mcp.es\/l4r\/nueva-normativa-europea-sobre-envases\/","article:published_time":"2026-08-31T06:00:50+00:00","article:modified_time":"2026-08-24T10:10:57+00:00","twitter:card":"summary","twitter:title":"Nueva normativa europea sobre envases | ecoblog mcp","twitter:description":"El nuevo Reglamento (UE) 2025\/40 sobre los envases y residuos de envases, comenz\u00f3 a aplicarse, con car\u00e1cter general, el 12 de agosto de 2026."},"aioseo_meta_data":{"post_id":"30336","title":null,"description":"El nuevo Reglamento (UE) 2025\/40 sobre los envases y residuos de envases, comenz\u00f3 a aplicarse, con car\u00e1cter general, el 12 de agosto de 2026.","keywords":null,"keyphrases":{"focus":{"keyphrase":"","score":0,"analysis":{"keyphraseInTitle":{"score":0,"maxScore":9,"error":1}}},"additional":[]},"primary_term":null,"canonical_url":null,"og_title":null,"og_description":null,"og_object_type":"default","og_image_type":"default","og_image_url":null,"og_image_width":null,"og_image_height":null,"og_image_custom_url":null,"og_image_custom_fields":null,"og_video":"","og_custom_url":null,"og_article_section":null,"og_article_tags":null,"twitter_use_og":false,"twitter_card":"default","twitter_image_type":"default","twitter_image_url":null,"twitter_image_custom_url":null,"twitter_image_custom_fields":null,"twitter_title":null,"twitter_description":null,"schema":{"blockGraphs":[],"customGraphs":[],"default":{"data":{"Article":[],"Course":[],"Dataset":[],"FAQPage":[],"Movie":[],"Person":[],"Product":[],"ProductReview":[],"Car":[],"Recipe":[],"Service":[],"SoftwareApplication":[],"WebPage":[]},"graphName":"Article","isEnabled":true},"graphs":[]},"schema_type":"default","schema_type_options":null,"pillar_content":false,"robots_default":true,"robots_noindex":false,"robots_noarchive":false,"robots_nosnippet":false,"robots_nofollow":false,"robots_noimageindex":false,"robots_noodp":false,"robots_notranslate":false,"robots_max_snippet":"-1","robots_max_videopreview":"-1","robots_max_imagepreview":"large","priority":null,"frequency":"default","local_seo":null,"breadcrumb_settings":null,"limit_modified_date":false,"ai":{"faqs":[],"keyPoints":[],"schemas":[],"titles":[],"descriptions":[],"socialPosts":{"email":{"subject":"","preview":"","content":""},"linkedin":[],"twitter":[],"facebook":[],"instagram":[]}},"created":"2026-08-24 08:49:50","updated":"2026-08-31 06:02:11","seo_analyzer_scan_date":null,"focus_keyword":null,"additional_keywords":null,"truseo_locale":null},"aioseo_breadcrumb":"<div class=\"aioseo-breadcrumbs\"><span class=\"aioseo-breadcrumb\">\n\t\t\t<a href=\"https:\/\/ecoblog.mcp.es\/l4r\" title=\"Inicio\">Inicio<\/a>\n\t\t<\/span><span class=\"aioseo-breadcrumb-separator\">&raquo;<\/span><span class=\"aioseo-breadcrumb\">\n\t\t\t<a href=\"https:\/\/ecoblog.mcp.es\/l4r\/category\/residuos4r\/\" title=\"residuos 4r\">residuos 4r<\/a>\n\t\t<\/span><span class=\"aioseo-breadcrumb-separator\">&raquo;<\/span><span class=\"aioseo-breadcrumb\">\n\t\t\tNueva normativa europea sobre envases\n\t\t<\/span><\/div>","aioseo_breadcrumb_json":[{"label":"Inicio","link":"https:\/\/ecoblog.mcp.es\/l4r"},{"label":"residuos 4r","link":"https:\/\/ecoblog.mcp.es\/l4r\/category\/residuos4r\/"},{"label":"Nueva normativa europea sobre envases","link":"https:\/\/ecoblog.mcp.es\/l4r\/nueva-normativa-europea-sobre-envases\/"}],"_links":{"self":[{"href":"https:\/\/ecoblog.mcp.es\/l4r\/wp-json\/wp\/v2\/posts\/30336","targetHints":{"allow":["GET"]}}],"collection":[{"href":"https:\/\/ecoblog.mcp.es\/l4r\/wp-json\/wp\/v2\/posts"}],"about":[{"href":"https:\/\/ecoblog.mcp.es\/l4r\/wp-json\/wp\/v2\/types\/post"}],"author":[{"embeddable":true,"href":"https:\/\/ecoblog.mcp.es\/l4r\/wp-json\/wp\/v2\/users\/7"}],"replies":[{"embeddable":true,"href":"https:\/\/ecoblog.mcp.es\/l4r\/wp-json\/wp\/v2\/comments?post=30336"}],"version-history":[{"count":1,"href":"https:\/\/ecoblog.mcp.es\/l4r\/wp-json\/wp\/v2\/posts\/30336\/revisions"}],"predecessor-version":[{"id":30338,"href":"https:\/\/ecoblog.mcp.es\/l4r\/wp-json\/wp\/v2\/posts\/30336\/revisions\/30338"}],"wp:featuredmedia":[{"embeddable":true,"href":"https:\/\/ecoblog.mcp.es\/l4r\/wp-json\/wp\/v2\/media\/30337"}],"wp:attachment":[{"href":"https:\/\/ecoblog.mcp.es\/l4r\/wp-json\/wp\/v2\/media?parent=30336"}],"wp:term":[{"taxonomy":"category","embeddable":true,"href":"https:\/\/ecoblog.mcp.es\/l4r\/wp-json\/wp\/v2\/categories?post=30336"},{"taxonomy":"post_tag","embeddable":true,"href":"https:\/\/ecoblog.mcp.es\/l4r\/wp-json\/wp\/v2\/tags?post=30336"}],"curies":[{"name":"wp","href":"https:\/\/api.w.org\/{rel}","templated":true}]}}